{"id":174325,"date":"2025-06-13T21:40:09","date_gmt":"2025-06-13T21:40:09","guid":{"rendered":"https:\/\/www.europesays.com\/fr\/174325\/"},"modified":"2025-06-13T21:40:09","modified_gmt":"2025-06-13T21:40:09","slug":"le-capitaine-de-police-mis-en-examen-pour-importation-de-stupefiants-place-sous-controle-judiciaire","status":"publish","type":"post","link":"https:\/\/www.europesays.com\/fr\/174325\/","title":{"rendered":"le capitaine de police mis en examen pour \u00ab\u00a0importation de stup\u00e9fiants\u00a0\u00bb plac\u00e9 sous contr\u00f4le judiciaire"},"content":{"rendered":"<p>Apr\u00e8s quatre jours de garde \u00e0 vue dans les locaux des magistrats parisiens de la Juridiction nationale de lutte contre le crime organis\u00e9 (JUNALCO), et une mise en examen dans le cadre d&rsquo;une information judiciaire ouverte pour \u00ab\u00a0importation et trafic de stup\u00e9fiants en bande organis\u00e9e\u00a0\u00bb, \u00ab\u00a0blanchiment\u00a0\u00bb, \u00ab\u00a0association de malfaiteurs\u00a0\u00bb et \u00ab\u00a0faux en \u00e9criture publique\u00a0\u00bb, un capitaine de police de l&rsquo;Office antistup\u00e9fiants (Ofast) de Marseille vient d&rsquo;\u00eatre remis en libert\u00e9.<\/p>\n<p>Sous contr\u00f4le judiciaire avec interdiction d&rsquo;exercer<\/p>\n<p>Le grad\u00e9 a \u00e9t\u00e9 plac\u00e9 sous contr\u00f4le judiciaire avec interdiction d&rsquo;exercer et une obligation de demeurer dans la r\u00e9gion parisienne. Dans ce dossier baptis\u00e9 \u00ab\u00a0Trident\u00a0\u00bb, du nom d&rsquo;une op\u00e9ration d&rsquo;importation \u00ab\u00a0sous surveillance \u00ab\u00a0d&rsquo;une grande quantit\u00e9 de drogue dans le but annonc\u00e9 de pi\u00e9ger un baron du trafic de stup\u00e9fiants des quartiers Nord, deux policiers &#8211; un major adjoint au chef de groupe et un brigadier-chef &#8211; appartenant au \u00ab\u00a0groupe 8\u00a0\u00bb de l&rsquo;Ofast Marseille ont d\u00e9j\u00e0 \u00e9t\u00e9 mis en examen et incarc\u00e9r\u00e9s.<\/p>\n<p>Apr\u00e8s la disparition des 350 kilos de coca\u00efne provenant de Colombie, que le narcotrafiquant cibl\u00e9, visiblement bien renseign\u00e9, n&rsquo;est jamais venu r\u00e9cup\u00e9rer, l&rsquo;enqu\u00eate en cours cherche \u00e0 comprendre les dessous d&rsquo;un fiasco qui \u00e9clabousse la police marseillaise. Et sur lequel plane d\u00e9sormais de lourds soup\u00e7ons de corruption.\u00a0<\/p>\n","protected":false},"excerpt":{"rendered":"Apr\u00e8s quatre jours de garde \u00e0 vue dans les locaux des magistrats parisiens de la Juridiction nationale de&hellip;\n","protected":false},"author":2,"featured_media":174326,"comment_status":"","ping_status":"","sticky":false,"template":"","format":"standard","meta":{"footnotes":""},"categories":[2814],"tags":[17,1111,11,3398,1777,674,5061,274,1011,27,30951,884,18360,12,1072,882,25,1747],"class_list":{"0":"post-174325","1":"post","2":"type-post","3":"status-publish","4":"format-standard","5":"has-post-thumbnail","7":"category-marseille","8":"tag-17","9":"tag-actu","10":"tag-actualites","11":"tag-capitaine","12":"tag-eu","13":"tag-europe","14":"tag-examen","15":"tag-faits-divers-justice","16":"tag-fr","17":"tag-france","18":"tag-lantistups","19":"tag-marseille","20":"tag-mis","21":"tag-news","22":"tag-police","23":"tag-provence-alpes-cote-dazur","24":"tag-republique-francaise","25":"tag-scandale"},"share_on_mastodon":{"url":"https:\/\/pubeurope.com\/@fr\/114678230117720416","error":""},"_links":{"self":[{"href":"https:\/\/www.europesays.com\/fr\/wp-json\/wp\/v2\/posts\/174325","targetHints":{"allow":["GET"]}}],"collection":[{"href":"https:\/\/www.europesays.com\/fr\/wp-json\/wp\/v2\/posts"}],"about":[{"href":"https:\/\/www.europesays.com\/fr\/wp-json\/wp\/v2\/types\/post"}],"author":[{"embeddable":true,"href":"https:\/\/www.europesays.com\/fr\/wp-json\/wp\/v2\/users\/2"}],"replies":[{"embeddable":true,"href":"https:\/\/www.europesays.com\/fr\/wp-json\/wp\/v2\/comments?post=174325"}],"version-history":[{"count":0,"href":"https:\/\/www.europesays.com\/fr\/wp-json\/wp\/v2\/posts\/174325\/revisions"}],"wp:featuredmedia":[{"embeddable":true,"href":"https:\/\/www.europesays.com\/fr\/wp-json\/wp\/v2\/media\/174326"}],"wp:attachment":[{"href":"https:\/\/www.europesays.com\/fr\/wp-json\/wp\/v2\/media?parent=174325"}],"wp:term":[{"taxonomy":"category","embeddable":true,"href":"https:\/\/www.europesays.com\/fr\/wp-json\/wp\/v2\/categories?post=174325"},{"taxonomy":"post_tag","embeddable":true,"href":"https:\/\/www.europesays.com\/fr\/wp-json\/wp\/v2\/tags?post=174325"}],"curies":[{"name":"wp","href":"https:\/\/api.w.org\/{rel}","templated":true}]}}