{"id":174327,"date":"2025-06-13T21:41:09","date_gmt":"2025-06-13T21:41:09","guid":{"rendered":"https:\/\/www.europesays.com\/fr\/174327\/"},"modified":"2025-06-13T21:41:09","modified_gmt":"2025-06-13T21:41:09","slug":"detenue-pres-de-lyon-la-figure-independantiste-kanak-dimitri-qenegei-a-ete-liberee","status":"publish","type":"post","link":"https:\/\/www.europesays.com\/fr\/174327\/","title":{"rendered":"D\u00e9tenue pr\u00e8s de Lyon, la figure ind\u00e9pendantiste kanak Dimitri Qenegei a \u00e9t\u00e9 lib\u00e9r\u00e9e"},"content":{"rendered":"<p itemprop=\"description\"><strong><strong>La d\u00e9cision est tomb\u00e9e ce jeudi 12 juin. Dimitri Qenegei, figure ind\u00e9pendantiste kanak en Nouvelle-Cal\u00e9donie, a \u00e9t\u00e9 lib\u00e9r\u00e9 sous contr\u00f4le judiciaire.<\/strong><\/strong><\/p>\n<p>Son arrestation remonte au 19 juin 2024, lors des \u00e9meutes en Nouvelle-Cal\u00e9donie. Dimitri Qenegei avait \u00e9t\u00e9 accus\u00e9 d\u2019\u00eatre \u00e0 l\u2019origine des attroupements du 12 mai 2024 ayant conduit aux \u00e9meutes du 13 mai. Une accusation qui l\u2019avait men\u00e9 \u00e0 son incarc\u00e9ration au centre p\u00e9nitentiaire de Villefranche-sur-Sa\u00f4ne.<\/p>\n<p>Ce jeudi 12 juin, la cour d\u2019appel de Paris a pris sa d\u00e9cision. En raison de l\u2019absence de preuve, Dimitri Qenegei a \u00e9t\u00e9 remis en libert\u00e9 dans la soir\u00e9e apr\u00e8s un an de d\u00e9tention \u00e0 Villefranche. Depuis quelques semaines, l\u2019annonce de sa lib\u00e9ration \u00e9tait d\u00e9j\u00e0 pressentie.<\/p>\n<p>Il restera quelques jours en Calade, le temps de r\u00e9cup\u00e9rer ses papiers et affaires aux bureaux administratifs. Puis il rejoindra Strasbourg et certains de ses proches afin de reprendre son combat politique.<\/p>\n","protected":false},"excerpt":{"rendered":"La d\u00e9cision est tomb\u00e9e ce jeudi 12 juin. Dimitri Qenegei, figure ind\u00e9pendantiste kanak en Nouvelle-Cal\u00e9donie, a \u00e9t\u00e9 lib\u00e9r\u00e9&hellip;\n","protected":false},"author":2,"featured_media":174328,"comment_status":"","ping_status":"","sticky":false,"template":"","format":"standard","meta":{"footnotes":""},"categories":[1889],"tags":[1111,11,2813,2190,2430,1109,251,1112,2811,1777,674,118,1011,27,1922,1110,1114,2428,2810,12,241,316,25,2812,517,800],"class_list":{"0":"post-174327","1":"post","2":"type-post","3":"status-publish","4":"format-standard","5":"has-post-thumbnail","7":"category-lyon","8":"tag-actu","9":"tag-actualites","10":"tag-article","11":"tag-asvel","12":"tag-auvergne-rhone-alpes","13":"tag-breves","14":"tag-culture","15":"tag-depeches","16":"tag-economique","17":"tag-eu","18":"tag-europe","19":"tag-faits-divers","20":"tag-fr","21":"tag-france","22":"tag-info","23":"tag-informations","24":"tag-infos","25":"tag-lyon","26":"tag-lyonmag","27":"tag-news","28":"tag-ol","29":"tag-politique","30":"tag-republique-francaise","31":"tag-sociale","32":"tag-sport","33":"tag-transports"},"share_on_mastodon":{"url":"https:\/\/pubeurope.com\/@fr\/114678234078219468","error":""},"_links":{"self":[{"href":"https:\/\/www.europesays.com\/fr\/wp-json\/wp\/v2\/posts\/174327","targetHints":{"allow":["GET"]}}],"collection":[{"href":"https:\/\/www.europesays.com\/fr\/wp-json\/wp\/v2\/posts"}],"about":[{"href":"https:\/\/www.europesays.com\/fr\/wp-json\/wp\/v2\/types\/post"}],"author":[{"embeddable":true,"href":"https:\/\/www.europesays.com\/fr\/wp-json\/wp\/v2\/users\/2"}],"replies":[{"embeddable":true,"href":"https:\/\/www.europesays.com\/fr\/wp-json\/wp\/v2\/comments?post=174327"}],"version-history":[{"count":0,"href":"https:\/\/www.europesays.com\/fr\/wp-json\/wp\/v2\/posts\/174327\/revisions"}],"wp:featuredmedia":[{"embeddable":true,"href":"https:\/\/www.europesays.com\/fr\/wp-json\/wp\/v2\/media\/174328"}],"wp:attachment":[{"href":"https:\/\/www.europesays.com\/fr\/wp-json\/wp\/v2\/media?parent=174327"}],"wp:term":[{"taxonomy":"category","embeddable":true,"href":"https:\/\/www.europesays.com\/fr\/wp-json\/wp\/v2\/categories?post=174327"},{"taxonomy":"post_tag","embeddable":true,"href":"https:\/\/www.europesays.com\/fr\/wp-json\/wp\/v2\/tags?post=174327"}],"curies":[{"name":"wp","href":"https:\/\/api.w.org\/{rel}","templated":true}]}}