{"id":174335,"date":"2025-06-13T21:45:11","date_gmt":"2025-06-13T21:45:11","guid":{"rendered":"https:\/\/www.europesays.com\/fr\/174335\/"},"modified":"2025-06-13T21:45:11","modified_gmt":"2025-06-13T21:45:11","slug":"des-milliers-declairs-rafale-a-123-km-h-grelons-de-6-cm-les-images-impressionnantes-des-orages-en-france","status":"publish","type":"post","link":"https:\/\/www.europesays.com\/fr\/174335\/","title":{"rendered":"Des milliers d&rsquo;\u00e9clairs, rafale \u00e0 123 km\/h, gr\u00ealons de 6 cm\u2026 les images impressionnantes des orages en France"},"content":{"rendered":"<p>            Par<br \/>\n        <strong><br \/>\n            <a href=\"https:\/\/actu.fr\/auteur\/anne-laure-petit-henon\" title=\"Consulter tous les articles de Anne-Laure Petit-H\u00e9non\" target=\"_blank\" rel=\"noopener\">Anne-Laure Petit-H\u00e9non<\/a><br \/>\n        <\/strong><\/p>\n<p>        Publi\u00e9 le<\/p>\n<p>            13 juin 2025 \u00e0 21h31<br \/>\n        ; mis \u00e0 jour le 13 juin 2025 \u00e0 22h15    <\/p>\n<p>Orages, gr\u00eale et rafales, c\u2019est le <a href=\"https:\/\/actu.fr\/meteo\/un-cocktail-explosif-des-orages-parfois-tres-violents-prevus-partout-en-france-cette-semaine-voici-ou_62755850.html\" target=\"_blank\" rel=\"noopener\">\u00ab\u2009cocktail explosif\u2009\u00bb<\/a> de la m\u00e9t\u00e9o de ce vendredi 13\u00a0juin, comme l\u2019a d\u00e9crit le m\u00e9t\u00e9orologue Yann Amice dans un pr\u00e9c\u00e9dent article.<\/p>\n<p class=\" wall-content\">Alors que cette journ\u00e9e \u00e9tait la plus chaude de la semaine, deux d\u00e9gradations orageuses touchent la France depuis la fin d\u2019apr\u00e8s-midi\u2009: l\u2019une qui est arriv\u00e9e par la Bretagne et impacte le nord-ouest du pays, l\u2019autre, remont\u00e9e d\u2019Espagne et qui touche le sud-ouest.<\/p>\n<p class=\" wall-content\">Des orages d\u00e9j\u00e0 violents, mais qui pourraient \u00eatre accompagn\u00e9s de tornades, comme nous l\u2019expliquions dans un <a href=\"https:\/\/actu.fr\/meteo\/un-risque-important-avec-les-orages-des-tornades-pourraient-frapper-la-france-ce-vendredi-voici-ou_62766832.html\" target=\"_blank\" rel=\"noopener\">pr\u00e9c\u00e9dent article<\/a>.<\/p>\n<p class=\" wall-content\">En clair, une m\u00e9t\u00e9o tr\u00e8s instable susceptible de provoquer perturbations et d\u00e9g\u00e2ts.<\/p>\n<p>Une rafale de vent \u00e0 123 km\/h<\/p>\n<p class=\" wall-content\">Selon le site <a href=\"https:\/\/www.meteociel.fr\/observations-meteo\/vent-rafales.php?region=no\" target=\"_blank\" rel=\"noopener\">M\u00e9t\u00e9ociel<\/a>, une rafale de vent de 123 km\/h a \u00e9t\u00e9 enregistr\u00e9e \u00e0 Rouen, ville normande frapp\u00e9e par une impressionnante supercellule orageuse.\u00a0<\/p>\n<p>Des \u00ab\u00a0dizaines de milliers\u00a0\u00bb d\u2019\u00e9clairs<\/p>\n<p class=\" wall-content\">Le site sp\u00e9cialis\u00e9 Keraunos a recens\u00e9 en fin de journ\u00e9e des \u00ab\u00a0dizaines de milliers d\u2019\u00e9clairs sur la France ce vendredi\u00a0\u00bb (plus de 20 000 vers 22h), et plus de 1 000 impacts positifs (qui ont touch\u00e9 le sol) entre l\u2019est de la Bretagne et la Normandie.<\/p>\n<p>Vid\u00e9os : en ce moment sur Actu<\/p>\n<p class=\" wall-content\">\n<p>Une supercellule \u00ab\u00a0monstre\u00a0\u00bb pr\u00e8s de Rouen<\/p>\n<p class=\" wall-content\">Une supercellule, un type particulier d\u2019orage qui est associ\u00e9 avec des ph\u00e9nom\u00e8nes violents, particuli\u00e8rement impressionnante, a \u00e9t\u00e9 aper\u00e7ue en Seine-Maritime.<\/p>\n<p class=\" wall-content\">\n<p class=\" wall-content\">\n<p>Le trafic a\u00e9rien perturb\u00e9 \u00e0 Paris<\/p>\n<p class=\" wall-content\">L\u2019aviation civile fran\u00e7aise a demand\u00e9 aux compagnies a\u00e9riennes de r\u00e9duire de 20\u2009% leur programme de vols vendredi soir \u00e0 l\u2019a\u00e9roport parisien d\u2019Orly, pour limiter d\u2019\u00e9ventuelles perturbations li\u00e9es \u00e0 l\u2019\u00e9pisode orageux annonc\u00e9, <a href=\"https:\/\/actu.fr\/ile-de-france\/orly_94054\/orages-violents-attendus-autour-de-paris-l-aeroport-d-orly-doit-reduire-ses-vols-de-20_62772668.html\" target=\"_blank\" rel=\"noopener\">rapportent nos confr\u00e8res d\u2019actu Paris<\/a>.<\/p>\n<p class=\" wall-content\">\u00ab\u2009Afin de limiter les perturbations du trafic a\u00e9rien, la Direction g\u00e9n\u00e9rale de l\u2019Aviation civile (DGAC) demande aux compagnies a\u00e9riennes de r\u00e9duire leur programme de vols de 20\u2009% sur l\u2019a\u00e9roport de Paris-Orly \u00e0 partir de 18\u2009h\u200900 (16\u2009h\u200900 GMT) jusqu\u2019\u00e0 24\u2009h\u200900 (22\u2009h\u200900 GMT)\u2009\u00bb, a indiqu\u00e9 la DGAC dans un communiqu\u00e9.<\/p>\n<p class=\" wall-content\">Elle n\u2019a en revanche pas mentionn\u00e9 de r\u00e9duction des vols pour l\u2019a\u00e9roport de Roissy, situ\u00e9 au nord de la capitale.<\/p>\n<p>Une route inond\u00e9e dans le Morbihan<\/p>\n<p class=\" wall-content\">Le violent orage qui a frapp\u00e9 le golfe du Morbihan en fin d\u2019apr\u00e8s midi a inond\u00e9 la route nationale 165, <a href=\"https:\/\/actu.fr\/bretagne\/ploeren_56164\/violents-orages-dans-le-morbihan-une-route-a-110-km-h-inondee-des-bouchons-se-forment_62772513.html\" target=\"_blank\" rel=\"noopener\">indiquent nos confr\u00e8res d\u2019actu Morbihan<\/a>.<\/p>\n<p class=\" wall-content\">La circulation se fait sur une seule voie, et des bouchons se sont form\u00e9s \u00e0 Ploeren. Dans l\u2019autre sens, sur la voie express de Vannes, un bouchon de 3\u00a0km \u00e9tait en cours \u00e0 18\u2009h\u200945.<\/p>\n<p>Un spectaculaire arcus dans le ciel rennais<\/p>\n<p class=\" wall-content\">\u00c0 Rennes (Ille-et-Vilaine), un impressionnant arcus s\u2019est form\u00e9 dans le ciel. Ce type de nuages pr\u00e9c\u00e8de g\u00e9n\u00e9ralement les forts \u00e9pisodes orageux.<\/p>\n<p class=\" wall-content\">En forme de rouleaux horizontaux, l\u2019arcus annonce les cumulonimbus o\u00f9 se concentrent l\u2019activit\u00e9 \u00e9lectrique et les pr\u00e9cipitations.<\/p>\n<p>    <img   decoding=\"async\" loading=\"lazy\" src=\"https:\/\/www.europesays.com\/fr\/wp-content\/uploads\/2025\/06\/unnamed-2-960x640.jpg\" alt=\"Un nuage arcus photgraphi\u00e9 dans le ciel \u00e0 Rennes, le 13 juin 2026\" width=\"960\" height=\"640\"\/><br \/>\n    Un nuage arcus photographi\u00e9 dans le ciel \u00e0 Rennes, le 13\u00a0juin 2025 (\u00a9TL \/ actu.fr)Des gr\u00ealons en Mayenne et dans l\u2019Orne<\/p>\n<p class=\" wall-content\">Une impressionnante averse de gr\u00ealons s\u2019st abattue sur le pays d\u2019Alen\u00e7on\u00a0pendant de longues minutes, avec des grains de glace mesurant jusqu\u2019\u00e0 6 cm, <a href=\"https:\/\/actu.fr\/normandie\/alencon_61001\/gros-comme-des-balles-de-golf-une-impressionnante-averse-de-grelons-sabat-sur-le-pays-dalencon_62772747.html\" target=\"_blank\" rel=\"noopener\">rapporte l\u2019Orne Hebdo<\/a>.<\/p>\n<p class=\" wall-content\">\u00ab\u2009Du jamais vu\u2009\u00bb, a exprim\u00e9 un habitant de Cond\u00e9-sur-Sarthe sur les r\u00e9seaux sociaux. \u00ab\u2009C\u2019est bien la premi\u00e8re fois que des gr\u00ealons gros comme des balles de golf arrivent en Normandie\u2009\u00bb, a ajout\u00e9 un autre internaute.<\/p>\n<p class=\" wall-content\">Pr\u00e8s de Bagnoles-de-l\u2019Orne, les orages \u00e9taient aussi accompagn\u00e9s de chutes de gr\u00eale, comme le relaie le m\u00e9t\u00e9orologiste Guillaume S\u00e9chet. Idem \u00e0 Argentan, o\u00f9 de puissantes rafales ont \u00e9t\u00e9 observ\u00e9es.<\/p>\n<p class=\" wall-content\">\n<p class=\" wall-content\">Les orages ont aussi \u00e9t\u00e9 violents dans le d\u00e9partement de Mayenne, notamment \u00e0 La Roche-Neuville, avec des gr\u00ealons de plusieurs centim\u00e8tres de diam\u00e8tre, indique sur X M\u00e9t\u00e9o Express.<\/p>\n<p class=\" wall-content\">En Gironde, un orage supercellulaire a provoqu\u00e9 d\u2019importantes chutes de gr\u00eale, dont le diam\u00e8tre a atteint les 5 \u00e0 6 cm.\u00a0<\/p>\n<p class=\" wall-content\">\n<p class=\" wall-content\">Suivez toute l\u2019actualit\u00e9 de vos villes et m\u00e9dias favoris en vous inscrivant \u00e0 <a href=\"https:\/\/moncompte.actu.fr\" title=\"D\u00e9couvez Mon Actu\" rel=\"nofollow noopener\" data-trk=\"{&quot;cta&quot;:{&quot;action&quot;:&quot;https:\\\/\\\/moncompte.actu.fr&quot;,&quot;category&quot;:&quot;mon compte&quot;,&quot;from&quot;:&quot;article footer&quot;,&quot;name&quot;:&quot;Mon actu&quot;,&quot;type&quot;:&quot;cta&quot;}}\" target=\"_blank\">Mon Actu<\/a>.<\/p>\n","protected":false},"excerpt":{"rendered":"Par Anne-Laure Petit-H\u00e9non Publi\u00e9 le 13 juin 2025 \u00e0 21h31 ; mis \u00e0 jour le 13 juin 2025&hellip;\n","protected":false},"author":2,"featured_media":174336,"comment_status":"","ping_status":"","sticky":false,"template":"","format":"standard","meta":{"footnotes":""},"categories":[1888],"tags":[1111,1928,11,1927,1777,674,1011,27,2487,2357,12,1926,4594,626,1925,25],"class_list":{"0":"post-174335","1":"post","2":"type-post","3":"status-publish","4":"format-standard","5":"has-post-thumbnail","7":"category-paris","8":"tag-actu","9":"tag-actu-paris","10":"tag-actualites","11":"tag-actualites-paris","12":"tag-eu","13":"tag-europe","14":"tag-fr","15":"tag-france","16":"tag-meteo","17":"tag-meteo-france","18":"tag-news","19":"tag-news-paris","20":"tag-orages","21":"tag-paris","22":"tag-paris-news","23":"tag-republique-francaise"},"share_on_mastodon":{"url":"https:\/\/pubeurope.com\/@fr\/114678249888351090","error":""},"_links":{"self":[{"href":"https:\/\/www.europesays.com\/fr\/wp-json\/wp\/v2\/posts\/174335","targetHints":{"allow":["GET"]}}],"collection":[{"href":"https:\/\/www.europesays.com\/fr\/wp-json\/wp\/v2\/posts"}],"about":[{"href":"https:\/\/www.europesays.com\/fr\/wp-json\/wp\/v2\/types\/post"}],"author":[{"embeddable":true,"href":"https:\/\/www.europesays.com\/fr\/wp-json\/wp\/v2\/users\/2"}],"replies":[{"embeddable":true,"href":"https:\/\/www.europesays.com\/fr\/wp-json\/wp\/v2\/comments?post=174335"}],"version-history":[{"count":0,"href":"https:\/\/www.europesays.com\/fr\/wp-json\/wp\/v2\/posts\/174335\/revisions"}],"wp:featuredmedia":[{"embeddable":true,"href":"https:\/\/www.europesays.com\/fr\/wp-json\/wp\/v2\/media\/174336"}],"wp:attachment":[{"href":"https:\/\/www.europesays.com\/fr\/wp-json\/wp\/v2\/media?parent=174335"}],"wp:term":[{"taxonomy":"category","embeddable":true,"href":"https:\/\/www.europesays.com\/fr\/wp-json\/wp\/v2\/categories?post=174335"},{"taxonomy":"post_tag","embeddable":true,"href":"https:\/\/www.europesays.com\/fr\/wp-json\/wp\/v2\/tags?post=174335"}],"curies":[{"name":"wp","href":"https:\/\/api.w.org\/{rel}","templated":true}]}}