{"id":174363,"date":"2025-06-13T22:00:10","date_gmt":"2025-06-13T22:00:10","guid":{"rendered":"https:\/\/www.europesays.com\/fr\/174363\/"},"modified":"2025-06-13T22:00:10","modified_gmt":"2025-06-13T22:00:10","slug":"msl-tom-picard-est-poitevin","status":"publish","type":"post","link":"https:\/\/www.europesays.com\/fr\/174363\/","title":{"rendered":"MSL : Tom Picard est Poitevin"},"content":{"rendered":"<p>La semaine a bien commenc\u00e9 et s\u2019est bien termin\u00e9e pour l\u2019Alterna Stade Poitevin. Pour la lancer, C\u00e9dric Enard et les dirigeants poitevins ont pu exposer, mardi, leur vision et leur projet avec le comit\u00e9 de la Vienne de volley-ball et \u00ab\u00a0quasiment tous les clubs du territoire\u00a0\u00bb, dixit le manager poitevin. \u00ab\u00a0Tout le monde \u00e9tait \u00e0 l\u2019\u00e9coute et curieux de ce qu\u2019on avait \u00e0 dire. C\u2019\u00e9tait vraiment top.\u00a0\u00bb Comme la soir\u00e9e partenaires v\u00e9cue mercredi, avant d\u2019accueillir\u00a0des personnes de la F\u00e9d\u00e9ration fran\u00e7aise de volley et de la DRAJES (d\u00e9l\u00e9gation r\u00e9gionale acad\u00e9mique \u00e0 la jeunesse, \u00e0 l&rsquo;engagement et au sport), le lendemain, venues pour\u00a0visiter les installations poitevines afin de rendre leur avis sur les agr\u00e9ments \u00e0 d\u00e9livrer pour <a target=\"_self\" href=\"https:\/\/www.lanouvellerepublique.fr\/poitiers\/msl-la-formation-toujours-au-coeur-du-projet-de-l-alterna-stade-poitevin-1748724342\" rel=\"noopener\">le futur centre de formation stadis&#8230; <\/p>\n<p>    Cet article a \u00e9t\u00e9 tronqu\u00e9. Abonnez-vous pour lire l&rsquo;article complet sur notre site.<\/p>\n<p>  <\/a><\/p>\n","protected":false},"excerpt":{"rendered":"La semaine a bien commenc\u00e9 et s\u2019est bien termin\u00e9e pour l\u2019Alterna Stade Poitevin. Pour la lancer, C\u00e9dric Enard&hellip;\n","protected":false},"author":2,"featured_media":174364,"comment_status":"","ping_status":"","sticky":false,"template":"","format":"standard","meta":{"footnotes":""},"categories":[1417],"tags":[1392,1654,1011,27,1655,1653,60,1584,1470,1469],"class_list":{"0":"post-174363","1":"post","2":"type-post","3":"status-publish","4":"format-standard","5":"has-post-thumbnail","7":"category-volley","8":"tag-a-la-une-local","9":"tag-alterna-stade-poitevin-volley-ball","10":"tag-fr","11":"tag-france","12":"tag-ligue-a","13":"tag-poitiers","14":"tag-sports","15":"tag-vienne","16":"tag-volley","17":"tag-volleyball"},"share_on_mastodon":{"url":"https:\/\/pubeurope.com\/@fr\/114678308808555311","error":""},"_links":{"self":[{"href":"https:\/\/www.europesays.com\/fr\/wp-json\/wp\/v2\/posts\/174363","targetHints":{"allow":["GET"]}}],"collection":[{"href":"https:\/\/www.europesays.com\/fr\/wp-json\/wp\/v2\/posts"}],"about":[{"href":"https:\/\/www.europesays.com\/fr\/wp-json\/wp\/v2\/types\/post"}],"author":[{"embeddable":true,"href":"https:\/\/www.europesays.com\/fr\/wp-json\/wp\/v2\/users\/2"}],"replies":[{"embeddable":true,"href":"https:\/\/www.europesays.com\/fr\/wp-json\/wp\/v2\/comments?post=174363"}],"version-history":[{"count":0,"href":"https:\/\/www.europesays.com\/fr\/wp-json\/wp\/v2\/posts\/174363\/revisions"}],"wp:featuredmedia":[{"embeddable":true,"href":"https:\/\/www.europesays.com\/fr\/wp-json\/wp\/v2\/media\/174364"}],"wp:attachment":[{"href":"https:\/\/www.europesays.com\/fr\/wp-json\/wp\/v2\/media?parent=174363"}],"wp:term":[{"taxonomy":"category","embeddable":true,"href":"https:\/\/www.europesays.com\/fr\/wp-json\/wp\/v2\/categories?post=174363"},{"taxonomy":"post_tag","embeddable":true,"href":"https:\/\/www.europesays.com\/fr\/wp-json\/wp\/v2\/tags?post=174363"}],"curies":[{"name":"wp","href":"https:\/\/api.w.org\/{rel}","templated":true}]}}