{"id":174365,"date":"2025-06-13T22:01:09","date_gmt":"2025-06-13T22:01:09","guid":{"rendered":"https:\/\/www.europesays.com\/fr\/174365\/"},"modified":"2025-06-13T22:01:09","modified_gmt":"2025-06-13T22:01:09","slug":"sans-trembler-bayonne-ecarte-clermont-en-barrage-et-rejoint-toulouse","status":"publish","type":"post","link":"https:\/\/www.europesays.com\/fr\/174365\/","title":{"rendered":"sans trembler, Bayonne \u00e9carte Clermont en barrage et rejoint Toulouse"},"content":{"rendered":"<p>Invaincus cette saison \u00e0 domicile, les Bayonnais ont eu raison de l\u2019ASM ce vendredi, \u00e0 Jean-Dauger, lors du premier barrage. Qualification qui ne souffre d\u2019aucune contestation.<\/p>\n<p class=\"fig-paragraph\">Beaucoup d\u2019eau et autant d\u2019\u00e9motions. L\u2019Aviron bayonnais s\u2019est qualifi\u00e9, sous une pluie battante, pour les demi-finales du Top 14 en dominant Clermont (<a href=\"https:\/\/www.lefigaro.fr\/sports\/rugby\/live\/top-14\/2025\/943356\/bayonne-clermont\" data-fig-type=\"Live\" data-gtm-custom-categorie=\"navigation\" data-gtm-custom-action=\"crossclick\" data-gtm-custom-label=\"Contextuel\" data-gtm-event=\"customEventSPE\" data-fig-domain=\"LEFIGARO\" target=\"_blank\" rel=\"noopener\">20-3<\/a>) vendredi, \u00e0 Jean-Dauger. Les Basques terminent donc la saison invaincus dans leur antre et d\u00e9fieront Toulouse, vendredi prochain (21h), au Groupama Stadium, pour une place en finale.<\/p>\n<p><strong>La force basque fait la diff\u00e9rence<\/strong><\/p>\n<p class=\"fig-paragraph\">Secou\u00e9s d\u2019entr\u00e9e par des Clermontois rugueux et solides en conqu\u00eate, les Bayonnais ont mis dix bonnes minutes \u00e0 se r\u00e9veiller pour enfin d\u00e9ployer leur premier mouvement d\u2019envergure. Mais trop d\u2019impr\u00e9cisions et de petites fautes venaient g\u00e2cher leurs initiatives. Ils s\u2019en remettaient alors \u00e0 leur buteur Segonds, qui passait deux p\u00e9nalit\u00e9s (19e, 34e) et un drop (23e). En face, Urdapilleta laissait deux munitions en route (5e, 38e). Les joueurs de Gr\u00e9gory Patat dominaient les d\u00e9bats (212 m gagn\u00e9s en premi\u00e8re p\u00e9riode contre 50, 68 courses contre 18), mais ils manquaient cruellement d\u2019efficacit\u00e9 (9-3 MT).<\/p>\n<p class=\"fig-paragraph\">Une domination bayonnaise qui s\u2019accentuait au retour des vestiaires, sans que l\u2019Aviron ne creuse l\u2019\u00e9cart, notamment \u00e0 cause d\u2019incessantes pertes de balle en touche. Avant que Tom Spring ne trouve enfin la faille en bout de ligne et lib\u00e8re un stade Jean-Dauger en fusion (14-3, 56e). Un \u00e9norme cafouillage dans l\u2019en-but du Bayonnais Tieberghien (63e), sur un renvoi contr\u00e9, gla\u00e7ait ce bel enthousiasme mais, comme le chantait le public gentiment chambreur, \u00aby\u2019a pas essai\u00bb. Jusqu\u2019au coup de sifflet final, la domination des co\u00e9quipiers de Camille Lopez (entr\u00e9 au relais de Joris Segonds) \u00e9tait sans partage. \u00c0 cinq minutes du terme, Jean-Dauger scandait d\u00e9j\u00e0\u00a0: \u00abOn est en demie, on est en demie\u00a0!\u00bb. Une soir\u00e9e historique pour Bayonne.<\/p>\n<p><strong>Un Jean-Dauger des grands soirs<\/strong><\/p>\n<p class=\"fig-paragraph\">Un stade en fusion, toute une ville en feu et une r\u00e9gion qui pousse derri\u00e8re son \u00e9quipe. L\u2019Aviron bayonnais disputait vendredi le premier match de phase finale de Top 14 de son histoire. Retrouvant le go\u00fbt et la fi\u00e8vre des matches \u00e0 \u00e9limination directe pour la premi\u00e8re fois depuis 33 ans. L\u2019attente \u00e9tait \u00e9videmment forte, enflamm\u00e9e, passionn\u00e9e.\u00a0<a href=\"http:\/\/www.lefigaro.fr\/sports\/rugby\/top-14\/top-14-le-barrage-bayonne-clermont-reporte-a-cause-des-orages-20250613\" data-fig-type=\"NewsFlash\" data-gtm-custom-categorie=\"navigation\" data-gtm-custom-action=\"crossclick\" data-gtm-custom-label=\"Contextuel\" data-gtm-event=\"customEventSPE\" data-fig-domain=\"LEFIGARO\" target=\"_blank\" rel=\"noopener\">Les fortes pluies qui se sont abattues sur le Pays basque ont failli reporter les festivit\u00e9s<\/a>, mais, finalement, ce barrage face \u00e0 Clermont a finalement bien au lieu. Sous des r\u00e9guli\u00e8res trombes d\u2019eau. Dans une ambiance volcanique qui a commenc\u00e9 aux abords du stade d\u00e8s la bouillante arriv\u00e9e des joueurs jusqu\u2019\u00e0 la vibrante Pe\u00f1a Baiona, le c\u00e9l\u00e8bre hymne du club repris \u00e0 pleins poumons devant les joueurs align\u00e9s au centre du terrain. Frisson basque garanti. Si le spectacle n\u2019a pas \u00e9t\u00e9 au rendez-vous ensuite, en grande partie \u00e0 cause des conditions m\u00e9t\u00e9o, les supporters basques ont constamment pouss\u00e9 derri\u00e8re leur \u00e9quipe. Jusqu\u2019au \u00abhappy end\u00bb et cette qualification pour le dernier carr\u00e9. La f\u00eate \u00e9tait totale, les chants se multipliaient d\u00e8s les dix derni\u00e8res minutes du match. Il reste une semaine, d\u00e9sormais, au peuple basque pour s\u2019organiser et aller donner de la voix \u00e0 Lyon.<\/p>\n<p><strong>Clermont, encore un jour sans<\/strong><\/p>\n<p class=\"fig-paragraph\">Devenue une \u00e9quipe phare du rugby fran\u00e7ais depuis le d\u00e9but du si\u00e8cle, l\u2019ASM \u00e9tait dans le creux de la vague ces derni\u00e8res saisons. Jeu en berne, inconstance chronique, les maux des Jaunards \u00e9taient connus. Mais cette saison, sous l\u2019impulsion de Christophe Urios, le club double champion de France (2010, 2017) retrouvait, lui aussi, les phases finales apr\u00e8s quatre ans de disette. Tout n\u2019a pas \u00e9t\u00e9 rectiligne, tout n\u2019a pas \u00e9t\u00e9 simple pour les Clermontois, qui ont connu une s\u00e9rie noire historique de cinq revers d\u2019affil\u00e9e en d\u00e9but d\u2019ann\u00e9e, mais ils ont su redresser la t\u00eate et bomber le torse pour d\u00e9crocher leur billet pour le Top 6 (cinq victoires lors des sept derni\u00e8res journ\u00e9es). Urios, fortement critiqu\u00e9, a su remobiliser ses troupes et faire parler son exp\u00e9rience pour disputer un 7e barrage depuis ses d\u00e9buts d\u2019entra\u00eeneur principal \u00e0 Oyonnax, en 2015. Mais, vendredi, la marche \u00e9tait trop haute. Les Jaunards n\u2019ont pas r\u00e9ussi \u00e0 d\u00e9ployer leur jeu et, pire, ils ont constamment subi lors de ce barrage. Un jour sans, leur probl\u00e8me r\u00e9current.<\/p>\n<p><strong>Le Petit Poucet contre l\u2019ogre toulousain<\/strong><\/p>\n<p class=\"fig-paragraph\">La belle aventure des Bayonnais (qui n\u2019ont retrouv\u00e9 l\u2019\u00e9lite qu\u2019en 2022\u00a0!) continue. Et il va vite falloir se remobiliser pour la demi-finale qui les attend au Groupama Stadium de Lyon, face \u00e0 Toulouse. Un d\u00e9fi colossal face \u00e0 l\u2019armada des Rouge et Noir, qui a eu une semaine pour se pr\u00e9parer et se r\u00e9g\u00e9n\u00e9rer. D\u00e9but novembre, les co\u00e9quipiers d\u2019Arthur Iturria avaient frapp\u00e9 un grand coup\u00a0<a href=\"http:\/\/www.lefigaro.fr\/sports\/rugby\/top-14\/bayonne-toulouse-maqala-en-sauveur-le-stade-n-a-pas-demerite-les-rouge-et-noir-maudits-a-jean-dauger-les-tops-et-les-flops-20241104\" data-fig-type=\"NewsFlash\" data-gtm-custom-categorie=\"navigation\" data-gtm-custom-action=\"crossclick\" data-gtm-custom-label=\"Contextuel\" data-gtm-event=\"customEventSPE\" data-fig-domain=\"LEFIGARO\" target=\"_blank\" rel=\"noopener\">en s\u2019offrant le scalp des Toulousains \u00e0 Jean-Dauger (12-8)<\/a>. Avant de subir, au match retour en f\u00e9vrier,\u00a0<a href=\"http:\/\/www.lefigaro.fr\/sports\/rugby\/top-14\/toulouse-bayonne-mallia-en-levitation-le-naufrage-de-l-aviron-les-tops-et-flops-20250222\" data-fig-type=\"NewsFlash\" data-gtm-custom-categorie=\"navigation\" data-gtm-custom-action=\"crossclick\" data-gtm-custom-label=\"Contextuel\" data-gtm-event=\"customEventSPE\" data-fig-domain=\"LEFIGARO\" target=\"_blank\" rel=\"noopener\">une lourde d\u00e9faite \u00e0 Ernest-Wallon (41-6)<\/a>. Cette fois, les compteurs seront remis \u00e0 z\u00e9ro. Les Basques vont-ils faire un complexe face au club le plus titr\u00e9 de France, qui sera archifavori\u00a0? L\u2019Aviron, champion de France en 1913, 1934 et 1943, s\u2019est donn\u00e9 \u00e0 nouveau le droit de r\u00eaver. Et il n\u2019aura rien \u00e0 perdre, sa saison est d\u00e9j\u00e0 exceptionnelle.<\/p>\n","protected":false},"excerpt":{"rendered":"Invaincus cette saison \u00e0 domicile, les Bayonnais ont eu raison de l\u2019ASM ce vendredi, \u00e0 Jean-Dauger, lors du&hellip;\n","protected":false},"author":2,"featured_media":174366,"comment_status":"","ping_status":"","sticky":false,"template":"","format":"standard","meta":{"footnotes":""},"categories":[1416],"tags":[10980,4736,525,4590,1981,2313,814,1011,27,955,4589,2311,1980,479,1468,2259,60,476,478,2310,2312],"class_list":{"0":"post-174365","1":"post","2":"type-post","3":"status-publish","4":"format-standard","5":"has-post-thumbnail","7":"category-rugby","8":"tag-asm-clermont-auvergne","9":"tag-aviron-bayonnais","10":"tag-calendrier","11":"tag-championnat-france","12":"tag-classement","13":"tag-clermont","14":"tag-direct","15":"tag-fr","16":"tag-france","17":"tag-match","18":"tag-phase-finale","19":"tag-racing","20":"tag-resultats","21":"tag-rugby","22":"tag-rugby-football","23":"tag-score","24":"tag-sports","25":"tag-stade-toulousain","26":"tag-top-14","27":"tag-toulon","28":"tag-toulouse"},"share_on_mastodon":{"url":"https:\/\/pubeurope.com\/@fr\/114678312722298094","error":""},"_links":{"self":[{"href":"https:\/\/www.europesays.com\/fr\/wp-json\/wp\/v2\/posts\/174365","targetHints":{"allow":["GET"]}}],"collection":[{"href":"https:\/\/www.europesays.com\/fr\/wp-json\/wp\/v2\/posts"}],"about":[{"href":"https:\/\/www.europesays.com\/fr\/wp-json\/wp\/v2\/types\/post"}],"author":[{"embeddable":true,"href":"https:\/\/www.europesays.com\/fr\/wp-json\/wp\/v2\/users\/2"}],"replies":[{"embeddable":true,"href":"https:\/\/www.europesays.com\/fr\/wp-json\/wp\/v2\/comments?post=174365"}],"version-history":[{"count":0,"href":"https:\/\/www.europesays.com\/fr\/wp-json\/wp\/v2\/posts\/174365\/revisions"}],"wp:featuredmedia":[{"embeddable":true,"href":"https:\/\/www.europesays.com\/fr\/wp-json\/wp\/v2\/media\/174366"}],"wp:attachment":[{"href":"https:\/\/www.europesays.com\/fr\/wp-json\/wp\/v2\/media?parent=174365"}],"wp:term":[{"taxonomy":"category","embeddable":true,"href":"https:\/\/www.europesays.com\/fr\/wp-json\/wp\/v2\/categories?post=174365"},{"taxonomy":"post_tag","embeddable":true,"href":"https:\/\/www.europesays.com\/fr\/wp-json\/wp\/v2\/tags?post=174365"}],"curies":[{"name":"wp","href":"https:\/\/api.w.org\/{rel}","templated":true}]}}