{"id":174368,"date":"2025-06-13T22:03:09","date_gmt":"2025-06-13T22:03:09","guid":{"rendered":"https:\/\/www.europesays.com\/fr\/174368\/"},"modified":"2025-06-13T22:03:09","modified_gmt":"2025-06-13T22:03:09","slug":"retrogradation-en-regional-confirmee-pour-tarbes-la-roche-vendee-et-vitre-sont-eux-sauves","status":"publish","type":"post","link":"https:\/\/www.europesays.com\/fr\/174368\/","title":{"rendered":"R\u00e9trogradation en r\u00e9gional confirm\u00e9e pour Tarbes, La Roche Vend\u00e9e et Vitr\u00e9 sont eux sauv\u00e9s !"},"content":{"rendered":"<p>L\u2019expression \u00ab\u00a0jamais deux sans trois\u00a0\u00bb ne s\u2019est finalement pas appliqu\u00e9e pour <a target=\"_blank\" rel=\"noopener\" href=\"https:\/\/www.bebasket.fr\/equipe\/tarbes\">Tarbes<\/a> Gespe Bigorre. Sanctionn\u00e9 pour la 3e ann\u00e9e de suite en premi\u00e8re instance par la Commission de Contr\u00f4le de Gestion de la FFBB, le TGB a cette fois vu la d\u00e9cision de sa r\u00e9trogradation en championnat r\u00e9gional \u00eatre confirm\u00e9e par la Chambre d\u2019Appel de la CCG.<\/p>\n<p><strong>Encore des recours possibles pour le TGB\u00a0<\/strong><\/p>\n<p>C\u2019est un v\u00e9ritable s\u00e9isme en <a target=\"_blank\" rel=\"noopener\" href=\"https:\/\/www.bebasket.fr\/ligue\/lfb\">Boulang\u00e8re Wonderligue<\/a> : le finaliste des derniers playoffs de LFB voit pour le moment son avenir se dessiner loin des joutes professionnelles. Malgr\u00e9 des aides financi\u00e8res de la mairie de Tarbes ainsi que du D\u00e9partement ces derni\u00e8res semaines, cela n\u2019a pas convaincu l\u2019organisme d\u2019appel de la FFBB.<\/p>\n<p>La formation de la pr\u00e9sidente <strong>Jeannie Cointre<\/strong> peut encore faire appel de cette d\u00e9cision devant le Tribunal Administratif. Conform\u00e9ment \u00e0 la r\u00e9glementation, elle doit d\u2019abord saisir le Comit\u00e9 National Olympique et Sportif Fran\u00e7ais (CNOSF) dans un d\u00e9lai de quinze jours, une \u00e9tape obligatoire avant tout recours juridictionnel, ce que le club va faire comme indiqu\u00e9 dans un communiqu\u00e9 : \u00ab\u00a0Le club est d\u00e9termin\u00e9, plus que jamais, \u00e0 d\u00e9fendre sa place dans l\u2019\u00e9lite du basketball f\u00e9minin fran\u00e7ais, fid\u00e8le \u00e0 son histoire et \u00e0 son territoire\u00a0\u00bb.<\/p>\n<p>Une d\u00e9marche que n\u2019auront pas besoin de r\u00e9aliser La Roche Vend\u00e9e (LBWL) et l\u2019Aurore Vitr\u00e9. Les deux clubs seront engag\u00e9s dans leur division respective la saison prochaine, avec cependant une saisine de la CCG pour la validation du budget 2025\/26 et l\u2019encadrement des charges de personnels.<\/p>\n<blockquote class=\"twitter-tweet\" data-width=\"550\" data-dnt=\"true\">\n<p lang=\"fr\" dir=\"ltr\">\ud83d\udce2 La chambre d&rsquo;appel de la FFBB a rendu sa d\u00e9cision suite aux recours form\u00e9s par les clubs de Tarbes GB (LBWL), Roche Vend\u00e9e BC (LBWL) et de l&rsquo;Aurore Vitr\u00e9 Basket Bretagne (NM1) contre les d\u00e9cisions prises par la Commission de Contr\u00f4le de Gestion (CCG) de r\u00e9trograder les clubs\u2026<\/p>\n<p>\u2014 F\u00e9d\u00e9ration Fran\u00e7aise de BasketBall (@ffbasketball) <a href=\"https:\/\/twitter.com\/ffbasketball\/status\/1933503343172984994?ref_src=twsrc%5Etfw\" target=\"_blank\" rel=\"noopener\">June 13, 2025<\/a><\/p>\n<\/blockquote>\n<p><script async src=\"https:\/\/platform.twitter.com\/widgets.js\" charset=\"utf-8\"><\/script><\/p>\n","protected":false},"excerpt":{"rendered":"L\u2019expression \u00ab\u00a0jamais deux sans trois\u00a0\u00bb ne s\u2019est finalement pas appliqu\u00e9e pour Tarbes Gespe Bigorre. Sanctionn\u00e9 pour la 3e&hellip;\n","protected":false},"author":2,"featured_media":174369,"comment_status":"","ping_status":"","sticky":false,"template":"","format":"standard","meta":{"footnotes":""},"categories":[1414],"tags":[1465,1464,1011,27,60],"class_list":{"0":"post-174368","1":"post","2":"type-post","3":"status-publish","4":"format-standard","5":"has-post-thumbnail","7":"category-basket","8":"tag-basket","9":"tag-basketball","10":"tag-fr","11":"tag-france","12":"tag-sports"},"share_on_mastodon":{"url":"https:\/\/pubeurope.com\/@fr\/114678320729694749","error":""},"_links":{"self":[{"href":"https:\/\/www.europesays.com\/fr\/wp-json\/wp\/v2\/posts\/174368","targetHints":{"allow":["GET"]}}],"collection":[{"href":"https:\/\/www.europesays.com\/fr\/wp-json\/wp\/v2\/posts"}],"about":[{"href":"https:\/\/www.europesays.com\/fr\/wp-json\/wp\/v2\/types\/post"}],"author":[{"embeddable":true,"href":"https:\/\/www.europesays.com\/fr\/wp-json\/wp\/v2\/users\/2"}],"replies":[{"embeddable":true,"href":"https:\/\/www.europesays.com\/fr\/wp-json\/wp\/v2\/comments?post=174368"}],"version-history":[{"count":0,"href":"https:\/\/www.europesays.com\/fr\/wp-json\/wp\/v2\/posts\/174368\/revisions"}],"wp:featuredmedia":[{"embeddable":true,"href":"https:\/\/www.europesays.com\/fr\/wp-json\/wp\/v2\/media\/174369"}],"wp:attachment":[{"href":"https:\/\/www.europesays.com\/fr\/wp-json\/wp\/v2\/media?parent=174368"}],"wp:term":[{"taxonomy":"category","embeddable":true,"href":"https:\/\/www.europesays.com\/fr\/wp-json\/wp\/v2\/categories?post=174368"},{"taxonomy":"post_tag","embeddable":true,"href":"https:\/\/www.europesays.com\/fr\/wp-json\/wp\/v2\/tags?post=174368"}],"curies":[{"name":"wp","href":"https:\/\/api.w.org\/{rel}","templated":true}]}}