{"id":17437,"date":"2025-04-11T13:55:12","date_gmt":"2025-04-11T13:55:12","guid":{"rendered":"https:\/\/www.europesays.com\/fr\/17437\/"},"modified":"2025-04-11T13:55:12","modified_gmt":"2025-04-11T13:55:12","slug":"celine-dion-a-quoi-ressemble-sa-sublime-villa-a-las-vegas","status":"publish","type":"post","link":"https:\/\/www.europesays.com\/fr\/17437\/","title":{"rendered":"C\u00e9line Dion : \u00e0 quoi ressemble sa sublime villa \u00e0 Las Vegas ?"},"content":{"rendered":"<p>C\u00e9line Dion a fait son grand retour sur le devant de la sc\u00e8ne<br \/>\nlors de la c\u00e9r\u00e9monie d\u2019ouverture des Jeux Olympiques de Paris 2024<br \/>\nfin juillet. Ses admirateurs n&rsquo;ont pas regrett\u00e9 sa venue ! La<br \/>\nchanteuse avait \u00e9t\u00e9 vue devant l\u2019h\u00f4tel Royal Monceau, accompagn\u00e9e<br \/>\nde son fils a\u00een\u00e9 et de sa petite amie quelques heures auparavant,<br \/>\nalimentant toutes les rumeurs.<\/p>\n<p>En cl\u00f4turant la c\u00e9r\u00e9monie d&rsquo;ouverture avec la chanson mythique<br \/>\nd&rsquo;Edith Piaf, L&rsquo;hymne \u00e0 l&rsquo;amour <strong style=\"font-weight: 400;\">elle a souffl\u00e9 le monde entier.<\/strong> Une<br \/>\nprestation qui marquait son retour sur le devant de la sc\u00e8ne depuis<br \/>\nles r\u00e9v\u00e9lations sur sa sant\u00e9. La chanteuse souffre depuis de<br \/>\nnombreuses ann\u00e9es du syndrome de l\u2019homme raide, rendant son<br \/>\nquotidien extr\u00eamement difficile.\u00a0Elle a \u00e9t\u00e9 pr\u00e9c\u00e9d\u00e9e notamment<br \/>\npar <strong style=\"font-weight: 400;\"><a href=\"https:\/\/www.closermag.fr\/bio-people\/biographie-lady-gaga-112701\" target=\"_blank\" rel=\"noopener\">Lady<br \/>\nGaga et Aya Nakamura.<\/a><\/strong><\/p>\n<p>C\u00e9line Dion a vendu sa maison \u00e0 Las Vegas 30 millions<br \/>\nd&rsquo;euros<\/p>\n<p>Si elle a suivi des soins au Canada, <strong><a href=\"https:\/\/www.closermag.fr\/bio-people\/biographie-celine-dion-112193\" target=\"_blank\" rel=\"noopener\"><br \/>\nC\u00e9line Dion<\/a> vivait auparavant \u00e0 Las Vegas dans sa villa,<br \/>\nGialla.<\/strong> Mais apr\u00e8s 20 ans \u00e0 se produire dans la ville qui<br \/>\nne dort jamais, la chanteuse avait pris la d\u00e9cision de vendre son<br \/>\nincroyable propri\u00e9t\u00e9. <strong>Situ\u00e9e sur un terrain de 5.600 m\u00e8tres<br \/>\ncarr\u00e9s,<\/strong> cette maison, achet\u00e9e en 2017, a \u00e9t\u00e9 vendue au<br \/>\nprix de <strong>30 millions d\u2019euros.<\/strong> La villa s&rsquo;\u00e9tend sur<br \/>\n2.880 m\u00b2 de surface habitable sur trois \u00e9tages.<\/p>\n<blockquote class=\"twitter-tweet\"><p><a class=\"twitter-link\" rel=\"noindex, nofollow noopener\" href=\"https:\/\/twitter.com\/TMZ\/status\/1816234510637244868\" target=\"_blank\"><\/p><\/blockquote>\n<p>Elle est compos\u00e9e de quatre chambres et de douze salles de<br \/>\nbains. Son sous-sol mesure 1.350 m\u00b2, et la maison poss\u00e8de un garage<br \/>\nam\u00e9nag\u00e9 de 300 m\u00b2. Un spa et une piscine surplombent le terrain de<br \/>\ngolf con\u00e7u par l&rsquo;architecte Tom Fazio.<\/p>\n<p>Sa convalescence au Canada<\/p>\n<p>Lors de sa convalescence, sa s\u0153ur, Claudette Dion avait donn\u00e9<br \/>\ndes d\u00e9tails au sujet du s\u00e9jour de C\u00e9line Dion au Canada. \u00ab\u00a0Quand<br \/>\nje l\u2019appelle et qu\u2019elle est occup\u00e9e, je parle \u00e0 ma s\u0153ur Linda, qui<br \/>\nvit avec elle et qui me dit qu\u2019elle travaille dur. <strong>Elle<br \/>\n\u00e9coute autant que possible les conseils des plus grands<br \/>\nexperts<\/strong> sur cette maladie rare\u201d, indiquait celle qui<br \/>\navait bien trop de travail pour \u00eatre aux c\u00f4t\u00e9s de la chanteuse.<\/p>\n<p>\u201cNous ne trouvons pas de rem\u00e8des qui la soignent, mais c\u2019est<br \/>\nimportant de garder espoir. Je pense honn\u00eatement qu\u2019elle doit<br \/>\nsurtout se reposer. Elle en fait toujours trop, elle essaie d\u2019\u00eatre<br \/>\nla meilleure et d\u2019\u00eatre au top de sa forme. \u00c0 un moment, votre c\u0153ur<br \/>\net votre corps tentent de vous faire passer un message. C\u2019est<br \/>\nimportant de les \u00e9couter.\u00a0\u00bb<\/p>\n<p><script async src=\"https:\/\/platform.twitter.com\/widgets.js\" charset=\"utf-8\"><\/script><\/p>\n","protected":false},"excerpt":{"rendered":"C\u00e9line Dion a fait son grand retour sur le devant de la sc\u00e8ne lors de la c\u00e9r\u00e9monie d\u2019ouverture&hellip;\n","protected":false},"author":2,"featured_media":17438,"comment_status":"","ping_status":"","sticky":false,"template":"","format":"standard","meta":{"footnotes":""},"categories":[1355],"tags":[7043,6053,58,59,1011,27,1638,1361,873,6055],"class_list":{"0":"post-17437","1":"post","2":"type-post","3":"status-publish","4":"format-standard","5":"has-post-thumbnail","7":"category-musique","8":"tag-celine-dion","9":"tag-diapo-infini","10":"tag-divertissement","11":"tag-entertainment","12":"tag-fr","13":"tag-france","14":"tag-has_diapo","15":"tag-music","16":"tag-musique","17":"tag-republishing"},"share_on_mastodon":{"url":"https:\/\/pubeurope.com\/@fr\/114319676360938962","error":""},"_links":{"self":[{"href":"https:\/\/www.europesays.com\/fr\/wp-json\/wp\/v2\/posts\/17437","targetHints":{"allow":["GET"]}}],"collection":[{"href":"https:\/\/www.europesays.com\/fr\/wp-json\/wp\/v2\/posts"}],"about":[{"href":"https:\/\/www.europesays.com\/fr\/wp-json\/wp\/v2\/types\/post"}],"author":[{"embeddable":true,"href":"https:\/\/www.europesays.com\/fr\/wp-json\/wp\/v2\/users\/2"}],"replies":[{"embeddable":true,"href":"https:\/\/www.europesays.com\/fr\/wp-json\/wp\/v2\/comments?post=17437"}],"version-history":[{"count":0,"href":"https:\/\/www.europesays.com\/fr\/wp-json\/wp\/v2\/posts\/17437\/revisions"}],"wp:featuredmedia":[{"embeddable":true,"href":"https:\/\/www.europesays.com\/fr\/wp-json\/wp\/v2\/media\/17438"}],"wp:attachment":[{"href":"https:\/\/www.europesays.com\/fr\/wp-json\/wp\/v2\/media?parent=17437"}],"wp:term":[{"taxonomy":"category","embeddable":true,"href":"https:\/\/www.europesays.com\/fr\/wp-json\/wp\/v2\/categories?post=17437"},{"taxonomy":"post_tag","embeddable":true,"href":"https:\/\/www.europesays.com\/fr\/wp-json\/wp\/v2\/tags?post=17437"}],"curies":[{"name":"wp","href":"https:\/\/api.w.org\/{rel}","templated":true}]}}