{"id":174386,"date":"2025-06-13T22:13:19","date_gmt":"2025-06-13T22:13:19","guid":{"rendered":"https:\/\/www.europesays.com\/fr\/174386\/"},"modified":"2025-06-13T22:13:19","modified_gmt":"2025-06-13T22:13:19","slug":"voici-4-films-a-voir-absolument-au-cine-ce-week-end-6","status":"publish","type":"post","link":"https:\/\/www.europesays.com\/fr\/174386\/","title":{"rendered":"Voici 4 films \u00e0 voir absolument au cin\u00e9 ce week-end"},"content":{"rendered":"<p>Alors que le beau temps ne semble pas vouloir \u00eatre de la partie ce week-end, vous allez pouvoir en profiter pour vous faire une sortie cin\u00e9. Apr\u00e8s deux semaines assez pauvres, l\u2019actualit\u00e9 cin\u00e9matographique de cette nouvelle semaine est particuli\u00e8rement int\u00e9ressante. On ne sait plus o\u00f9 donner de la t\u00eate\u00a0! Bonne nouvelle\u00a0: il y en a pour tous les go\u00fbts et tous les \u00e2ges.<\/p>\n<p>Pour vous, nous avons attentivement \u00e9pluch\u00e9 le box-office pour vous s\u00e9lectionner les 4 films tout juste sortis dans les salles obscures \u00e0 ne pas rater. C\u2019est parti\u00a0!<\/p>\n<p>The Life of Chuck<\/p>\n<p>    <a href=\"https:\/\/www.youtube.com\/@PressecitronHD?sub_confirmation=1\" target=\"_blank\" rel=\"nofollow noopener\"><br \/>\n        S&rsquo;abonner \u00e0 Presse-citron<br \/>\n    <\/a><\/p>\n<p>Si vous \u00eates \u00e0 la recherche d\u2019une tendresse infinie, d\u2019une ode \u00e0 la vie, d\u2019une parenth\u00e8se toute douce, The Life of Chuck est \u00e0 voir absolument dans les salles obscures. Port\u00e9 par Tom Hiddleston (Loki), le nouveau film de Mike Flanagan est une adaptation d\u2019une nouvelle de Stephen King. Mais pas d\u2019horreur dans The Life of Chuck, bien au contraire. Juste un soup\u00e7on de fantastique.<\/p>\n<p>Tout est dans le titre\u00a0: le long m\u00e9trage nous invite \u00e0 d\u00e9couvrir la vie d\u2019un homme appel\u00e9 Chuck. On suit ce personnage \u00e0 travers trois moments cl\u00e9s de sa vie assez banale. The Life of Chuck est ainsi d\u00e9coup\u00e9 en trois chapitres, chacun \u00e9tant pr\u00e9sent\u00e9 dans un ordre antichronologique. Si cela peut \u00eatre d\u00e9routant au premier abord, tout se d\u00e9roule ais\u00e9ment et tout prend son sens en temps et en heure. La mise en sc\u00e8ne et l\u2019\u00e9criture soign\u00e9es du long m\u00e9trage n\u2019y sont pas pour rien, comme les excellents acteurs.<\/p>\n<p>The Life of Chuck, c\u2019est un moment suspendu dans le temps qui nous invite \u00e0 c\u00e9l\u00e9brer la vie sous tous ses aspects. La presse et les spectateurs d\u2019AlloCin\u00e9 sont unanimes concernant ce long m\u00e9trage\u00a0: c\u2019est une p\u00e9pite, not\u00e9e respectivement 4,1 et 3,9 sur 5.<\/p>\n<p style=\"margin-left: 40px; border-left: solid 4px #1EC659; padding-left: 10px;\"><strong>Lire aussi \u2013 <\/strong><a href=\"https:\/\/www.presse-citron.net\/4-raisons-daller-voir-the-life-of-chuck-au-cinema\/\" target=\"_blank\" rel=\"noopener\">4 raisons d\u2019aller voir The Life of Chuck au cin\u00e9ma<\/a><\/p>\n<p>Dragons<\/p>\n<p>Les live-actions se bousculent au portillon. Mais Dragons sort du lot. S\u2019il n\u2019est pas essentiel pour faire tourner le monde, \u00e9tant une copie conforme du film d\u2019animation de 2010, DreamWorks r\u00e9ussit \u00e0 nous convaincre avec des acteurs au meilleur de leur forme, apportant une v\u00e9ritable fra\u00eecheur au film, ainsi que des effets visuels bluffants. La partition musicale est embl\u00e9matique tandis que le sc\u00e9nario est toujours aussi \u00e9mouvant. De quoi s\u00e9duire les plus jeunes et les adultes en qu\u00eate de nostalgie.<\/p>\n<p>Ainsi, sur une \u00eele o\u00f9 les dragons sont les ennemis acharn\u00e9s des Vikings depuis des g\u00e9n\u00e9rations, le jeune et inventif Harold se lie d\u2019amiti\u00e9 avec Krokmou, un myst\u00e9rieux Furie Nocturne. Cette amiti\u00e9 improbable va tout bouleverser dans le village de Berk, remettant en question les fondements m\u00eames de la soci\u00e9t\u00e9 viking.<\/p>\n<p>Les spectateurs d\u2019AlloCin\u00e9 sont enthousiastes, lui octroyant la moyenne de 4,3 sur 5. La presse, quant \u00e0 elle, se montre un peu plus intransigeante avec la note de 3,2 sur 5.<\/p>\n<p style=\"margin-left: 40px; border-left: solid 4px #1EC659; padding-left: 10px;\"><strong>Lire aussi \u2013 <\/strong><a href=\"https:\/\/www.presse-citron.net\/dragons-encore-un-live-action-mais-il-vaut-le-detour\/\" target=\"_blank\" rel=\"noopener\">Dragons\u00a0: encore un live-action, mais il vaut le d\u00e9tour<\/a><\/p>\n<p>Diff\u00e9rente<\/p>\n<p>Diff\u00e9rente s\u2019int\u00e9resse \u00e0 une jeune femme qui d\u00e9couvre sur le tard son autisme. Cette r\u00e9alisation va lui permettre de comprendre bien des choses sur elle-m\u00eame et sur son rapport aux autres et au monde. Sans clich\u00e9s ni m\u00e9lodrame, Diff\u00e9rente est d\u2019une justesse \u00e0 toute \u00e9preuve gr\u00e2ce \u00e0 une \u00e9criture m\u00e9ticuleuse et sinc\u00e8re et une excellente mise en sc\u00e8ne par Lola Doillon. Le film tient son succ\u00e8s, aussi, au talent de son actrice principale, Jehnny Beth <a href=\"https:\/\/www.presse-citron.net\/anatomie-dune-chute-5-raisons-daller-voir-la-palme-dor-2023\/\" target=\"_blank\" rel=\"noopener\">(Anatomie d\u2019une chute)<\/a>, aussi subtile que poignante.<\/p>\n<p>Indomptables<\/p>\n<p>Enfin, Indomptables est le nouveau film de Thomas Ngijol. Apr\u00e8s Case d\u00e9part et Fastlife et Black Snake, le cin\u00e9aste revient avec un film policier. \u00c0 Yaound\u00e9, au Cameron, le commissaire Billong enqu\u00eate sur le meurtre d\u2019un officier de police. Que cela soit chez lui au sein de sa famille ou dans la rue, il peine \u00e0 maintenir l\u2019ordre. Homme de principe et de tradition, le commissaire Billong approche du point de rupture.<\/p>\n<p>Pr\u00e9sent\u00e9 \u00e0 la Quinzaine des Cin\u00e9astes au Festival de Cannes, Thomas Ngijol laisse tomber le registre comique et c\u2019est un pari r\u00e9ussi. Indomptables a s\u00e9duit les spectateurs d\u2019AlloCin\u00e9 (3,5 sur 5) et la presse (3,6 sur 5). \u00c0 la fois devant et derri\u00e8re la cam\u00e9ra, Thomas Ngijol surprend.<\/p>\n<blockquote>\n<p class=\"text-base text-neutral-700 dark:text-neutral-300\">\ud83d\udccd Pour ne manquer aucune actualit\u00e9 de Presse-citron, suivez-nous sur <a href=\"https:\/\/news.google.com\/publications\/CAAqBggKMIPiNTC70wU?hl=fr&amp;gl=FR&amp;ceid=FR%3Afr\" target=\"_blank\" rel=\"noopener\">Google Actualit\u00e9s<\/a> et <a href=\"https:\/\/whatsapp.com\/channel\/0029VaCkGuz4NViitBXbEr0b\" target=\"_blank\" rel=\"noopener\">WhatsApp<\/a>.<\/p>\n<\/blockquote>\n","protected":false},"excerpt":{"rendered":"Alors que le beau temps ne semble pas vouloir \u00eatre de la partie ce week-end, vous allez pouvoir&hellip;\n","protected":false},"author":2,"featured_media":174387,"comment_status":"","ping_status":"","sticky":false,"template":"","format":"standard","meta":{"footnotes":""},"categories":[1354],"tags":[58,59,1346,1011,27,3666,1360],"class_list":{"0":"post-174386","1":"post","2":"type-post","3":"status-publish","4":"format-standard","5":"has-post-thumbnail","7":"category-films","8":"tag-divertissement","9":"tag-entertainment","10":"tag-films","11":"tag-fr","12":"tag-france","13":"tag-guide-cine","14":"tag-movies"},"share_on_mastodon":{"url":"https:\/\/pubeurope.com\/@fr\/114678359924071387","error":""},"_links":{"self":[{"href":"https:\/\/www.europesays.com\/fr\/wp-json\/wp\/v2\/posts\/174386","targetHints":{"allow":["GET"]}}],"collection":[{"href":"https:\/\/www.europesays.com\/fr\/wp-json\/wp\/v2\/posts"}],"about":[{"href":"https:\/\/www.europesays.com\/fr\/wp-json\/wp\/v2\/types\/post"}],"author":[{"embeddable":true,"href":"https:\/\/www.europesays.com\/fr\/wp-json\/wp\/v2\/users\/2"}],"replies":[{"embeddable":true,"href":"https:\/\/www.europesays.com\/fr\/wp-json\/wp\/v2\/comments?post=174386"}],"version-history":[{"count":0,"href":"https:\/\/www.europesays.com\/fr\/wp-json\/wp\/v2\/posts\/174386\/revisions"}],"wp:featuredmedia":[{"embeddable":true,"href":"https:\/\/www.europesays.com\/fr\/wp-json\/wp\/v2\/media\/174387"}],"wp:attachment":[{"href":"https:\/\/www.europesays.com\/fr\/wp-json\/wp\/v2\/media?parent=174386"}],"wp:term":[{"taxonomy":"category","embeddable":true,"href":"https:\/\/www.europesays.com\/fr\/wp-json\/wp\/v2\/categories?post=174386"},{"taxonomy":"post_tag","embeddable":true,"href":"https:\/\/www.europesays.com\/fr\/wp-json\/wp\/v2\/tags?post=174386"}],"curies":[{"name":"wp","href":"https:\/\/api.w.org\/{rel}","templated":true}]}}