{"id":174388,"date":"2025-06-13T22:14:09","date_gmt":"2025-06-13T22:14:09","guid":{"rendered":"https:\/\/www.europesays.com\/fr\/174388\/"},"modified":"2025-06-13T22:14:09","modified_gmt":"2025-06-13T22:14:09","slug":"cette-creme-solaire-pour-enfants-tres-populaire-est-epinglee-par-ufc-que-choisir-avec-un-3-20","status":"publish","type":"post","link":"https:\/\/www.europesays.com\/fr\/174388\/","title":{"rendered":"Cette cr\u00e8me solaire pour enfants tr\u00e8s populaire est \u00e9pingl\u00e9e par UFC-Que Choisir avec un 3\/20"},"content":{"rendered":"<p>Partout en \u00e9t\u00e9, que ce soit \u00e0 la plage, \u00e0 la montagne ou pr\u00e8s de<br \/>\nla piscine, <strong>la cr\u00e8me solaire<\/strong> reste un<br \/>\nindispensable. Pourtant, quand il s\u2019agit de la choisir, beaucoup de<br \/>\nFran\u00e7ais sont vite d\u00e9pass\u00e9s. Selon une \u00e9tude r\u00e9cente des<br \/>\nLaboratoires de Biarritz, bien que 97 % consid\u00e8rent la protection<br \/>\nsolaire comme importante, 61 % ignorent compl\u00e8tement les<br \/>\ninformations sur l\u2019\u00e9tiquette, telles que UVA, UVB ou les filtres.<br \/>\nDe plus, la plupart, soit <strong>9 sur 10, ne savent pas ce que<br \/>\nsignifient ces mentions<\/strong>. Heureusement, les grandes marques<br \/>\nconnaissent parfaitement ces indications et travaillent chaque<br \/>\nann\u00e9e pour am\u00e9liorer leurs produits. Elles optimisent \u00e0 la fois<br \/>\nl\u2019efficacit\u00e9 des filtres, la texture des cr\u00e8mes et les parfums<br \/>\npropos\u00e9s. Le prix \u00e9lev\u00e9 de certains produits refl\u00e8te souvent cet<br \/>\ninvestissement en recherche et d\u00e9veloppement, garantissant ainsi<br \/>\nune meilleure qualit\u00e9.<\/p>\n<p>Toutes les cr\u00e8mes solaires ne se valent pas !<\/p>\n<p>Cependant, une r\u00e9cente \u00e9tude de UFC-Que Choisir vient <a href=\"https:\/\/www.melty.fr\/conseils-couple\/stop-aux-idees-recues-faire-lamour-pendant-les-regles-a-6-bienfaits-insoupconnes-2228072.html\" target=\"_blank\" rel=\"noopener\"><br \/>\nbousculer les id\u00e9es re\u00e7ues<\/a> sus \u00e9voqu\u00e9es sur les cr\u00e8mes<br \/>\nsolaires. \u00c0 l\u2019approche de l\u2019\u00e9t\u00e9, le magazine a actualis\u00e9 son<br \/>\nc\u00e9l\u00e8bre comparatif des produits disponibles en France. <strong>Ce<br \/>\ntest a \u00e9valu\u00e9 43 cr\u00e8mes selon plusieurs crit\u00e8res<\/strong> : la<br \/>\nprotection contre les rayons UVA et UVB, la texture, l\u2019\u00e9tiquetage,<br \/>\nl\u2019impact environnemental, la composition et le prix.<\/p>\n<p>Les r\u00e9sultats montrent une grande disparit\u00e9 entre les produits.<br \/>\nLa meilleure cr\u00e8me solaire a obtenu la note de 15\/20, tandis que la<br \/>\nmoins recommand\u00e9e a \u00e9t\u00e9 s\u00e9v\u00e8rement sanctionn\u00e9e avec <strong>un<br \/>\nscore de seulement 3\/20<\/strong>. Ce classement souligne<br \/>\nl\u2019importance de bien choisir sa protection solaire avant les beaux<br \/>\njours.<\/p>\n<p>Une cr\u00e8me solaire dot\u00e9e de pi\u00e8tres capacit\u00e9s de protection<br \/>\nselon UFC-Que Choisir<\/p>\n<p>Parmi les produits analys\u00e9s, <strong>le spray solaire Bioderma<br \/>\nPhotoderm Pediatrics 50+<\/strong>, pourtant pens\u00e9 pour les enfants<br \/>\nd\u00e8s un an, a suscit\u00e9 la d\u00e9ception des experts. Selon UFC-Que<br \/>\nChoisir, cette cr\u00e8me ne tient pas ses promesses en mati\u00e8re de<br \/>\nprotection. \u00ab\u00a0Ce produit \u00e9choue compl\u00e8tement \u00e0 la fois sur la<br \/>\nprotection UVB et sur les UVA\u00a0\u00bb, regrette l\u2019association.<br \/>\nAffichant un SPF 50+ bien visible sur son emballage, le produit<br \/>\noffrirait en r\u00e9alit\u00e9 une protection bien inf\u00e9rieure. Les tests ont<br \/>\nr\u00e9v\u00e9l\u00e9 un indice de seulement 25,5 lors du premier essai.<\/p>\n<p>Pour v\u00e9rifier ces r\u00e9sultats, une seconde analyse a \u00e9t\u00e9 men\u00e9e.<br \/>\nCette fois encore, l\u2019indice mesur\u00e9 n\u2019a pas d\u00e9pass\u00e9 les 34,6, loin<br \/>\ndu niveau annonc\u00e9. Devant de tels \u00e9carts, les sp\u00e9cialistes ont<br \/>\nd\u00e9cid\u00e9 de sanctionner cette r\u00e9f\u00e9rence. <strong>UFC-Que Choisir l\u2019a<br \/>\ndonc r\u00e9trograd\u00e9e en bas de son classement<\/strong>, en ajoutant une<br \/>\nalerte claire : \u00ab\u00a0Ne pas acheter\u00a0\u00bb. Une mise en garde s\u00e9v\u00e8re<br \/>\nqui rappelle que l\u2019affichage marketing ne garantit pas l\u2019efficacit\u00e9<br \/>\nr\u00e9elle d\u2019un produit, m\u00eame destin\u00e9 aux plus jeunes.<\/p>\n<p>Pourquoi la note de\u00a0 3\/20 ?<\/p>\n<p>M\u00eame si cette cr\u00e8me solaire a re\u00e7u une note tr\u00e8s faible de 3\/20,<br \/>\nelle n\u2019a pas eu un z\u00e9ro car elle pr\u00e9sente quelques qualit\u00e9s.<br \/>\n<strong>Sa composition reste propre<\/strong> : elle ne contient ni<br \/>\nparfum, ni allerg\u00e8nes, ni <a href=\"https:\/\/www.melty.fr\/divers\/ce-legume-tres-courant-figure-parmi-les-plus-contamines-aux-pesticides-si-on-ne-le-lave-pas-2236829.html\" target=\"_blank\" rel=\"noopener\"><br \/>\nsubstances ind\u00e9sirables<\/a>. UFC-Que Choisir souligne aussi un<br \/>\n\u00e9tiquetage tr\u00e8s clair et complet. En plus, le produit limite le<br \/>\ngaspillage gr\u00e2ce \u00e0 un flacon bien con\u00e7u, permettant d\u2019utiliser<br \/>\npresque toute la cr\u00e8me, avec moins d\u20191 % perdu \u00e0 la fin, et sans<br \/>\nsuremballage inutile.<\/p>\n<p>Cependant, ce sont ses faibles performances en protection qui<br \/>\nont entra\u00een\u00e9 sa mauvaise note. Le <strong>Docteur Arnault<br \/>\nPfersdorff<\/strong>, p\u00e9diatre et consultant pour l\u2019\u00e9mission La<br \/>\nMaison des Maternelles sur France 5, rappelle que pour les<br \/>\nenfants, <strong>un indice 50 est le strict minimum<\/strong>. Il<br \/>\ninsiste aussi sur l\u2019importance d\u2019\u00e9viter toute exposition directe au<br \/>\nsoleil avant deux ans. Il conseille d\u2019appliquer la cr\u00e8me solaire<br \/>\napr\u00e8s chaque baignade et de ne pas exposer les petits entre midi et<br \/>\n16 heures. Voil\u00e0 des conseils \u00e0 suivre s\u00e9rieusement pour pr\u00e9server<br \/>\nla peau fragile des enfants.<\/p>\n","protected":false},"excerpt":{"rendered":"Partout en \u00e9t\u00e9, que ce soit \u00e0 la plage, \u00e0 la montagne ou pr\u00e8s de la piscine, la&hellip;\n","protected":false},"author":2,"featured_media":174389,"comment_status":"","ping_status":"","sticky":false,"template":"","format":"standard","meta":{"footnotes":""},"categories":[10],"tags":[905,1011,27,72,71],"class_list":{"0":"post-174388","1":"post","2":"type-post","3":"status-publish","4":"format-standard","5":"has-post-thumbnail","7":"category-sante","8":"tag-a-la-une-melty","9":"tag-fr","10":"tag-france","11":"tag-health","12":"tag-sante"},"share_on_mastodon":{"url":"https:\/\/pubeurope.com\/@fr\/114678363915067952","error":""},"_links":{"self":[{"href":"https:\/\/www.europesays.com\/fr\/wp-json\/wp\/v2\/posts\/174388","targetHints":{"allow":["GET"]}}],"collection":[{"href":"https:\/\/www.europesays.com\/fr\/wp-json\/wp\/v2\/posts"}],"about":[{"href":"https:\/\/www.europesays.com\/fr\/wp-json\/wp\/v2\/types\/post"}],"author":[{"embeddable":true,"href":"https:\/\/www.europesays.com\/fr\/wp-json\/wp\/v2\/users\/2"}],"replies":[{"embeddable":true,"href":"https:\/\/www.europesays.com\/fr\/wp-json\/wp\/v2\/comments?post=174388"}],"version-history":[{"count":0,"href":"https:\/\/www.europesays.com\/fr\/wp-json\/wp\/v2\/posts\/174388\/revisions"}],"wp:featuredmedia":[{"embeddable":true,"href":"https:\/\/www.europesays.com\/fr\/wp-json\/wp\/v2\/media\/174389"}],"wp:attachment":[{"href":"https:\/\/www.europesays.com\/fr\/wp-json\/wp\/v2\/media?parent=174388"}],"wp:term":[{"taxonomy":"category","embeddable":true,"href":"https:\/\/www.europesays.com\/fr\/wp-json\/wp\/v2\/categories?post=174388"},{"taxonomy":"post_tag","embeddable":true,"href":"https:\/\/www.europesays.com\/fr\/wp-json\/wp\/v2\/tags?post=174388"}],"curies":[{"name":"wp","href":"https:\/\/api.w.org\/{rel}","templated":true}]}}