{"id":174399,"date":"2025-06-13T22:21:09","date_gmt":"2025-06-13T22:21:09","guid":{"rendered":"https:\/\/www.europesays.com\/fr\/174399\/"},"modified":"2025-06-13T22:21:09","modified_gmt":"2025-06-13T22:21:09","slug":"rima-hassan-cest-victor-hugo-le-compliment-de-melenchon-fait-marrer-sur-la-toile","status":"publish","type":"post","link":"https:\/\/www.europesays.com\/fr\/174399\/","title":{"rendered":"\u00ab\u00a0Rima Hassan, c\u2019est Victor Hugo\u00a0\u00bb\u2026 Le compliment de M\u00e9lenchon fait marrer sur la Toile"},"content":{"rendered":"<p>L\u2019analogie de <a href=\"https:\/\/www.20minutes.fr\/politique\/jean-luc-melenchon\/\" target=\"_blank\" class=\"color-ultramarine c-link\" rel=\"noopener\">Jean-Luc M\u00e9lenchon<\/a> entre <a href=\"https:\/\/www.20minutes.fr\/politique\/rima-hassan\/\" class=\"color-ultramarine c-link\" target=\"_blank\" rel=\"noopener\">Rima Hassan<\/a> et Victor Hugo a enflamm\u00e9 les r\u00e9seaux sociaux, entre sarcasmes, indignations et critiques ac\u00e9r\u00e9es de la classe politique. Accueillie en h\u00e9ro\u00efne place de la R\u00e9publique apr\u00e8s son expulsion d\u2019Isra\u00ebl, Rima Hassan a vu son retour salu\u00e9 par Jean-Luc M\u00e9lenchon dans un message lyrique post\u00e9 sur X. \u00ab\u00a0Rima \u00e0 Paris, c\u2019est <a href=\"https:\/\/www.20minutes.fr\/dossier\/victor_hugo\" target=\"_blank\" class=\"color-ultramarine c-link\" rel=\"noopener\">Victor Hugo<\/a> de retour de Guernesey.\u00a0\u00bb Une envol\u00e9e rh\u00e9torique aussit\u00f4t moqu\u00e9e et critiqu\u00e9e, tant dans les rangs politiques que sur les r\u00e9seaux sociaux.<\/p>\n<p>Selon le <a href=\"https:\/\/www.lejdd.fr\/politique\/rima-hassan-cest-victor-hugo-la-comparaison-osee-de-melenchon-suscite-des-moqueries-159141?at_medium=Fan+Page&amp;at_campaign=Twitter&amp;at_creation=JDD\" rel=\"nofollow noopener\" target=\"_blank\" class=\"color-ultramarine c-link\">JDD<\/a>, cette sortie grandiloquente n\u2019a pas tard\u00e9 \u00e0 faire r\u00e9agir. Le pr\u00e9sident LR <a href=\"https:\/\/www.20minutes.fr\/dossier\/laurent_wauquiez\" target=\"_blank\" class=\"color-ultramarine c-link\" rel=\"noopener\">Laurent Wauquiez<\/a>, a ainsi ironis\u00e9\u00a0: \u00ab\u00a0Toujours plus, M\u00e9lenchon qui compare Rima Hassan \u00e0 Victor Hugo\u00a0; l\u2019un s\u2019est exil\u00e9 pendant 19 ans, l\u2019autre a fait gr\u00e8ve de la faim pendant 3 heures\u00a0?\u00a0\u00bb Une pique reprise par de nombreux internautes. \u00ab\u00a0En 48h de garde \u00e0 vue en Isra\u00ebl, Rima Hassan a \u00e9crit 25 tweets, fait 11 selfies et publi\u00e9 8 stories, pendant que Victor Hugo, en 15 ans \u00e0 Guernesey, n\u2019a produit que quelques mis\u00e9rables livres\u00a0\u00bb, tacle un utilisateur de <a href=\"https:\/\/www.20minutes.fr\/high-tech\/twitter\/\" target=\"_blank\" class=\"color-ultramarine c-link\" rel=\"noopener\">X<\/a>. Un autre ajoute\u00a0: \u00ab\u00a0Insulte \u00e0 la po\u00e9sie, falsification de l\u2019insoumission, populisme crasse.\u00a0\u00bb<\/p>\n<\/p>\n<p>Une nouvelle exp\u00e9dition vers Gaza en pr\u00e9paration<\/p>\n<p>M\u00eame dans certains cercles proches de la gauche, la sortie de Jean-Luc M\u00e9lenchon passe mal. L\u2019auteur et pol\u00e9miste Rapha\u00ebl Enthoven s\u2019est fendu d\u2019un commentaire lapidaire sur X\u00a0: \u00ab\u00a0Si Rima Hassan est Victor Hugo, alors moi je suis Hom\u00e8re.\u00a0\u00bb D\u2019autres internautes rel\u00e8vent avec ironie que \u00ab\u00a0Victor Hugo n\u2019avait pas de community manager\u00a0\u00bb.<\/p>\n<p><a href=\"https:\/\/www.20minutes.fr\/politique\/france-insoumise\/\" target=\"_blank\" class=\"c-link c-btn c-btn--primary\" rel=\"noopener\">Tous nos articles sur La France Insoumise<\/a><\/p>\n<p>Malgr\u00e9 les critiques, Jean-Luc M\u00e9lenchon assume pleinement son parall\u00e8le. Pour le chef de file de <a href=\"https:\/\/www.20minutes.fr\/politique\/france-insoumise\/\" target=\"_blank\" class=\"color-ultramarine c-link\" rel=\"noopener\">LFI<\/a>, Rima Hassan incarne une nouvelle figure de l\u2019insoumission, capable de mobiliser des foules. Drap\u00e9e de son keffieh, v\u00eatue du surv\u00eatement re\u00e7u lors de sa d\u00e9tention en Isra\u00ebl, l\u2019eurod\u00e9put\u00e9e a annonc\u00e9 sa volont\u00e9 de \u00ab\u00a0relancer une exp\u00e9dition vers Gaza\u00a0\u00bb, en r\u00e9f\u00e9rence \u00e0 la flottille humanitaire dont elle faisait partie avant son interpellation par les autorit\u00e9s isra\u00e9liennes.<\/p>\n","protected":false},"excerpt":{"rendered":"L\u2019analogie de Jean-Luc M\u00e9lenchon entre Rima Hassan et Victor Hugo a enflamm\u00e9 les r\u00e9seaux sociaux, entre sarcasmes, indignations&hellip;\n","protected":false},"author":2,"featured_media":174400,"comment_status":"","ping_status":"","sticky":false,"template":"","format":"standard","meta":{"footnotes":""},"categories":[2],"tags":[47,11,1011,27,665,664,3081,5639,12,316,938,15442,16369],"class_list":{"0":"post-174399","1":"post","2":"type-post","3":"status-publish","4":"format-standard","5":"has-post-thumbnail","7":"category-actualites","8":"tag-actualite","9":"tag-actualites","10":"tag-fr","11":"tag-france","12":"tag-gaza","13":"tag-israel","14":"tag-jean-luc-melenchon","15":"tag-laurent-wauquiez","16":"tag-news","17":"tag-politique","18":"tag-reseaux-sociaux","19":"tag-rima-hassan","20":"tag-victor-hugo"},"share_on_mastodon":{"url":"https:\/\/pubeurope.com\/@fr\/114678391336320681","error":""},"_links":{"self":[{"href":"https:\/\/www.europesays.com\/fr\/wp-json\/wp\/v2\/posts\/174399","targetHints":{"allow":["GET"]}}],"collection":[{"href":"https:\/\/www.europesays.com\/fr\/wp-json\/wp\/v2\/posts"}],"about":[{"href":"https:\/\/www.europesays.com\/fr\/wp-json\/wp\/v2\/types\/post"}],"author":[{"embeddable":true,"href":"https:\/\/www.europesays.com\/fr\/wp-json\/wp\/v2\/users\/2"}],"replies":[{"embeddable":true,"href":"https:\/\/www.europesays.com\/fr\/wp-json\/wp\/v2\/comments?post=174399"}],"version-history":[{"count":0,"href":"https:\/\/www.europesays.com\/fr\/wp-json\/wp\/v2\/posts\/174399\/revisions"}],"wp:featuredmedia":[{"embeddable":true,"href":"https:\/\/www.europesays.com\/fr\/wp-json\/wp\/v2\/media\/174400"}],"wp:attachment":[{"href":"https:\/\/www.europesays.com\/fr\/wp-json\/wp\/v2\/media?parent=174399"}],"wp:term":[{"taxonomy":"category","embeddable":true,"href":"https:\/\/www.europesays.com\/fr\/wp-json\/wp\/v2\/categories?post=174399"},{"taxonomy":"post_tag","embeddable":true,"href":"https:\/\/www.europesays.com\/fr\/wp-json\/wp\/v2\/tags?post=174399"}],"curies":[{"name":"wp","href":"https:\/\/api.w.org\/{rel}","templated":true}]}}