{"id":174401,"date":"2025-06-13T22:22:15","date_gmt":"2025-06-13T22:22:15","guid":{"rendered":"https:\/\/www.europesays.com\/fr\/174401\/"},"modified":"2025-06-13T22:22:15","modified_gmt":"2025-06-13T22:22:15","slug":"l214-lance-le-sauvetage-du-siecle","status":"publish","type":"post","link":"https:\/\/www.europesays.com\/fr\/174401\/","title":{"rendered":"L214 lance \u00ab\u00a0le sauvetage du si\u00e8cle\u00a0\u00bb"},"content":{"rendered":"\n<p>L214 lance le \u201csauvetage du si\u00e8cle\u201d ! L\u2019association de d\u00e9fense animale organise une action d\u2019ampleur dans 36 villes ce samedi, dont Saint-\u00c9tienne. L\u2019id\u00e9e de la journ\u00e9e : \u00ab\u00a0porter secours \u00e0 600 millions d\u2019animaux\u00a0\u00bb en \u00e9veillant les consciences. Comment atteindre cet objectif ? En r\u00e9duisant de moiti\u00e9, d\u2019ici \u00e0 2030, le nombre de b\u00eates tu\u00e9es pour l\u2019alimentation, selon les militants.<\/p>\n<p>Dans la Loire , ce sera place de l\u2019H\u00f4tel-de-Ville que la manifestation se d\u00e9roulera et les b\u00e9n\u00e9voles inviteront les passants \u00e0 participer \u00e0 une fresque collaborative \u00e0 partir de 14h30.<\/p>\n","protected":false},"excerpt":{"rendered":"L214 lance le \u201csauvetage du si\u00e8cle\u201d ! L\u2019association de d\u00e9fense animale organise une action d\u2019ampleur dans 36 villes&hellip;\n","protected":false},"author":2,"featured_media":174402,"comment_status":"","ping_status":"","sticky":false,"template":"","format":"standard","meta":{"footnotes":""},"categories":[9653],"tags":[631,1111,11,3739,2430,1777,674,1011,27,23001,13905,3367,12,25,4001],"class_list":{"0":"post-174401","1":"post","2":"type-post","3":"status-publish","4":"format-standard","5":"has-post-thumbnail","7":"category-saint-etienne","8":"tag-action","9":"tag-actu","10":"tag-actualites","11":"tag-animale","12":"tag-auvergne-rhone-alpes","13":"tag-eu","14":"tag-europe","15":"tag-fr","16":"tag-france","17":"tag-fresque","18":"tag-l214","19":"tag-loire","20":"tag-news","21":"tag-republique-francaise","22":"tag-saint-etienne"},"share_on_mastodon":{"url":"https:\/\/pubeurope.com\/@fr\/114678395319119115","error":""},"_links":{"self":[{"href":"https:\/\/www.europesays.com\/fr\/wp-json\/wp\/v2\/posts\/174401","targetHints":{"allow":["GET"]}}],"collection":[{"href":"https:\/\/www.europesays.com\/fr\/wp-json\/wp\/v2\/posts"}],"about":[{"href":"https:\/\/www.europesays.com\/fr\/wp-json\/wp\/v2\/types\/post"}],"author":[{"embeddable":true,"href":"https:\/\/www.europesays.com\/fr\/wp-json\/wp\/v2\/users\/2"}],"replies":[{"embeddable":true,"href":"https:\/\/www.europesays.com\/fr\/wp-json\/wp\/v2\/comments?post=174401"}],"version-history":[{"count":0,"href":"https:\/\/www.europesays.com\/fr\/wp-json\/wp\/v2\/posts\/174401\/revisions"}],"wp:featuredmedia":[{"embeddable":true,"href":"https:\/\/www.europesays.com\/fr\/wp-json\/wp\/v2\/media\/174402"}],"wp:attachment":[{"href":"https:\/\/www.europesays.com\/fr\/wp-json\/wp\/v2\/media?parent=174401"}],"wp:term":[{"taxonomy":"category","embeddable":true,"href":"https:\/\/www.europesays.com\/fr\/wp-json\/wp\/v2\/categories?post=174401"},{"taxonomy":"post_tag","embeddable":true,"href":"https:\/\/www.europesays.com\/fr\/wp-json\/wp\/v2\/tags?post=174401"}],"curies":[{"name":"wp","href":"https:\/\/api.w.org\/{rel}","templated":true}]}}