{"id":174407,"date":"2025-06-13T22:25:54","date_gmt":"2025-06-13T22:25:54","guid":{"rendered":"https:\/\/www.europesays.com\/fr\/174407\/"},"modified":"2025-06-13T22:25:54","modified_gmt":"2025-06-13T22:25:54","slug":"il-faut-que-sacheve-le-bal-des-ego","status":"publish","type":"post","link":"https:\/\/www.europesays.com\/fr\/174407\/","title":{"rendered":"\u00ab\u00a0Il faut que s\u2019ach\u00e8ve le bal des ego\u00a0\u00bb"},"content":{"rendered":"<blockquote class=\"question\"><p><a href=\"https:\/\/www.estrepublicain.fr\/p\/olivier-faure\" target=\"_blank\" rel=\"noopener\">Olivier Faure<\/a>, vous avez \u00e9t\u00e9 <a href=\"https:\/\/www.estrepublicain.fr\/elections\/2025\/06\/06\/olivier-faure-largement-plebiscite-par-les-militants-socialistes-de-meurthe-et-moselle\" target=\"_blank\" rel=\"noopener\">r\u00e9\u00e9lu \u00e0 la t\u00eate du parti avec 50,9\u00a0% des voix<\/a>. Est-ce une victoire en demi-teinte ou une manifestation de la division qui r\u00e8gne au PS\u00a0?<\/p><\/blockquote>\n<p>\u00ab\u00a0Non, il n\u2019y a absolument pas de division. Je sais bien que c\u2019est le r\u00e9cit que la presse produit. Mais la r\u00e9alit\u00e9, c\u2019est que j\u2019ai \u00e9t\u00e9 \u00e9lu dans les m\u00eames proportions qu\u2019il y a deux ans \u00e0 Marseille et que, pendant ces deux ans, vous n\u2019avez pas entendu une seule fois parler de division. Pour preuve, quand nous avons vot\u00e9 les propositions que j\u2019ai pu faire sur le programme des europ\u00e9ennes, sur la liste des europ\u00e9ennes, sur l\u2019adh\u00e9sion ou m\u00eame la cr\u00e9ation du nouveau Front populaire, sur la censure du gouvernement Barnier, sur le sursis probatoire accord\u00e9 \u00e0 <a href=\"https:\/\/www.estrepublicain.fr\/p\/francois-bayrou\" target=\"_blank\" rel=\"noopener\">Fran\u00e7ois Bayrou<\/a> sur son budget, tout a \u00e9t\u00e9 adopt\u00e9 \u00e0 l\u2019unanimit\u00e9 ou quasiment \u00e0 l\u2019unanimit\u00e9. C\u2019est vous dire que la fracture est en partie artificielle, m\u00eame si elle se rejoue \u00e0 chaque congr\u00e8s. La r\u00e9alit\u00e9, concr\u00e8te, quotidienne, c\u2019est un parti qui fonctionne et un parti o\u00f9 nous avons su produire de l\u2019unit\u00e9.\u00a0\u00bb<\/p>\n<blockquote class=\"question\"><p>Beaucoup disent que le PS est <a href=\"https:\/\/www.republicain-lorrain.fr\/politique\/2025\/06\/13\/congres-du-ps-a-nancy-le-parti-socialiste-est-devenu-un-petit-parti\" target=\"_blank\" rel=\"noopener\">moribond<\/a>. Que leur r\u00e9pondez-vous\u00a0?<\/p><\/blockquote>\n<p>\u00ab\u00a0Je sais bien qu\u2019on dit que le PS est moribond, \u00e7a fait des ann\u00e9es. Vous avez m\u00eame eu un livre qui s\u2019appelait \u00ab\u00a0Le grand cadavre \u00e0 la renverse\u00a0\u00bb. Tr\u00e8s bien. Mais, le cadavre ne se porte pas si mal finalement. Il y a trois mois, les m\u00eames expliquaient que nous \u00e9tions en plein renouveau. Pourquoi\u00a0? Parce que nous avions refus\u00e9 de censurer le gouvernement Bayrou. Nous sommes vraiment fringants quand nous sommes per\u00e7us comme des soutiens de la droite macroniste. En revanche, quand on s\u2019oppose \u00e0 elle, l\u00e0, on redevient des mourants. Je ne sais pas tr\u00e8s bien quelle version il faut choisir. Ce que je sais, en revanche, c\u2019est que notre parti n\u2019est pas pr\u00e8s de dispara\u00eetre. Tant qu\u2019il existera des discriminations, des injustices, des in\u00e9galit\u00e9s, il y aura des socialistes pour les combattre.\u00a0\u00bb<\/p>\n<blockquote class=\"question\"><p>Pourquoi une coalition de gauche semble-t-elle impossible\u00a0?<\/p><\/blockquote>\n<p>\u00ab\u00a0Des gens le voudraient. Ce n\u2019est pas mon cas. Moi, je crois que c\u2019est possible. J\u2019ai dit qu\u2019elle pouvait aller de <a href=\"https:\/\/www.estrepublicain.fr\/p\/raphael-glucksmann\" target=\"_blank\" rel=\"noopener\">Rapha\u00ebl Glucksmann<\/a> (Place publique) \u00e0 <a href=\"https:\/\/www.estrepublicain.fr\/p\/francois-ruffin\" target=\"_blank\" rel=\"noopener\">Fran\u00e7ois Ruffin<\/a> (ex-LFI). Pourquoi\u00a0? Parce que vous avez, aujourd\u2019hui, la France insoumise, un leader, <a href=\"https:\/\/www.estrepublicain.fr\/p\/jean-luc-melenchon\" target=\"_blank\" rel=\"noopener\">Jean-Luc M\u00e9lenchon<\/a>, qui se refuse \u00e0 toute forme de coalition d\u00e9mocratique dans laquelle il pourrait se fondre et accepter l\u2019id\u00e9e de l\u2019alt\u00e9rit\u00e9. Donc, je veux une coalition qui se construise avec ceux qui sont pr\u00eats \u00e0 vivre ensemble selon des r\u00e8gles d\u00e9mocratiques. Et je crois que cette version-l\u00e0 de la coalition, elle est tout \u00e0 fait plausible. Et non seulement elle est plausible, mais je la crois m\u00eame gagnante potentiellement en 2027.\u00a0\u00bb<\/p>\n<blockquote class=\"question\"><p>Quelle est la prochaine \u00e9tape pour le PS\u00a0?<\/p><\/blockquote>\n<p>\u00ab\u00a0La vraie \u00e9tape pour le parti, c\u2019est de red\u00e9finir son projet. Et moi, je veux le reb\u00e2tir autour de deux id\u00e9es phares que sont \u00e0 la fois la r\u00e9humanisation et la r\u00e9conciliation. Nous avons besoin, aujourd\u2019hui, de sortir de ce m\u00e9canisme qui transforme chacun d\u2019entre nous en simple rouage d\u2019un capitalisme exacerb\u00e9 o\u00f9 nous sommes appel\u00e9s \u00e0 le servir, soit comme producteur, soit comme consommateur.\u00a0\u00bb<\/p>\n<blockquote class=\"question\"><p>Comment faire pour que la gauche ait une chance \u00e0 la pr\u00e9sidentielle\u00a0?<\/p><\/blockquote>\n<p>\u00ab\u00a0Il faut qu\u2019elle soit elle-m\u00eame. Qu\u2019elle arr\u00eate de vouloir ressembler \u00e0 la droite pour pouvoir exister. Il faut qu\u2019elle se rassemble. Il faut qu\u2019elle croie aussi en ses capacit\u00e9s. Il faut que s\u2019ach\u00e8ve le bal des ego. Cet avenir n\u2019est pas trac\u00e9, mais il est possible.\u00a0\u00bb<\/p>\n<blockquote class=\"question\"><p>Qui voyez-vous pour incarner le PS \u00e0 la pr\u00e9sidentielle\u00a0?<\/p><\/blockquote>\n<p>\u00ab\u00a0Moi, je veux prendre les choses dans l\u2019ordre. D\u2019abord, commencer par une plateforme commune. On va b\u00e2tir un projet socialiste, sur la base duquel nous irons n\u00e9gocier une plateforme commune avec l\u2019ensemble de la gauche et des \u00e9cologistes. Apr\u00e8s, nous chercherons celui ou celle qui sera la meilleure incarnation de ce projet et pourra f\u00e9d\u00e9rer cet espace-l\u00e0. En tout cas, je ferai tout pour que nous ne vivions pas une victoire de l\u2019extr\u00eame droite.\u00a0\u00bb<\/p>\n","protected":false},"excerpt":{"rendered":"Olivier Faure, vous avez \u00e9t\u00e9 r\u00e9\u00e9lu \u00e0 la t\u00eate du parti avec 50,9\u00a0% des voix. Est-ce une victoire&hellip;\n","protected":false},"author":2,"featured_media":174408,"comment_status":"","ping_status":"","sticky":false,"template":"","format":"standard","meta":{"footnotes":""},"categories":[9635],"tags":[1111,11,1704,1777,674,1011,27,775,2338,3539,6319,3457,1702,1703,12,8387,3541,316,1078,3456,25,273],"class_list":{"0":"post-174407","1":"post","2":"type-post","3":"status-publish","4":"format-standard","5":"has-post-thumbnail","7":"category-nancy","8":"tag-actu","9":"tag-actualites","10":"tag-edition-nancy-et-agglomeration","11":"tag-eu","12":"tag-europe","13":"tag-fr","14":"tag-france","15":"tag-grand-est","16":"tag-la-france-insoumise","17":"tag-les-ecologistes","18":"tag-les-republicains","19":"tag-meurthe-et-moselle","20":"tag-nancy","21":"tag-nancy-ville-54b","22":"tag-news","23":"tag-parti-communiste","24":"tag-parti-socialiste","25":"tag-politique","26":"tag-rassemblement-national","27":"tag-region-lorraine","28":"tag-republique-francaise","29":"tag-selection-de-la-redaction"},"share_on_mastodon":{"url":"https:\/\/pubeurope.com\/@fr\/114678410970666762","error":""},"_links":{"self":[{"href":"https:\/\/www.europesays.com\/fr\/wp-json\/wp\/v2\/posts\/174407","targetHints":{"allow":["GET"]}}],"collection":[{"href":"https:\/\/www.europesays.com\/fr\/wp-json\/wp\/v2\/posts"}],"about":[{"href":"https:\/\/www.europesays.com\/fr\/wp-json\/wp\/v2\/types\/post"}],"author":[{"embeddable":true,"href":"https:\/\/www.europesays.com\/fr\/wp-json\/wp\/v2\/users\/2"}],"replies":[{"embeddable":true,"href":"https:\/\/www.europesays.com\/fr\/wp-json\/wp\/v2\/comments?post=174407"}],"version-history":[{"count":0,"href":"https:\/\/www.europesays.com\/fr\/wp-json\/wp\/v2\/posts\/174407\/revisions"}],"wp:featuredmedia":[{"embeddable":true,"href":"https:\/\/www.europesays.com\/fr\/wp-json\/wp\/v2\/media\/174408"}],"wp:attachment":[{"href":"https:\/\/www.europesays.com\/fr\/wp-json\/wp\/v2\/media?parent=174407"}],"wp:term":[{"taxonomy":"category","embeddable":true,"href":"https:\/\/www.europesays.com\/fr\/wp-json\/wp\/v2\/categories?post=174407"},{"taxonomy":"post_tag","embeddable":true,"href":"https:\/\/www.europesays.com\/fr\/wp-json\/wp\/v2\/tags?post=174407"}],"curies":[{"name":"wp","href":"https:\/\/api.w.org\/{rel}","templated":true}]}}