{"id":174411,"date":"2025-06-13T22:27:23","date_gmt":"2025-06-13T22:27:23","guid":{"rendered":"https:\/\/www.europesays.com\/fr\/174411\/"},"modified":"2025-06-13T22:27:23","modified_gmt":"2025-06-13T22:27:23","slug":"la-compo-du-castres-olympique-qui-va-defier-toulon-en-barrages","status":"publish","type":"post","link":"https:\/\/www.europesays.com\/fr\/174411\/","title":{"rendered":"la compo du Castres Olympique qui va d\u00e9fier Toulon en barrages"},"content":{"rendered":"<p>Santiago Ariata d\u00e9butera en 9 pour tenter d\u2019emmener son \u00e9quipe \u00e0 la victoire au stade Mayol, ce samedi soir en barrage.<\/p>\n<p class=\"fig-paragraph\">Le Castres Olympique d\u00e9fie le RCT,\u00a0<a href=\"http:\/\/www.lefigaro.fr\/sports\/rugby\/top-14\/toulon-castres-a-quelle-heure-et-sur-quelle-chaine-regarder-le-premier-barrage-du-top-14-20250610\" data-fig-type=\"NewsFlash\" data-gtm-custom-categorie=\"navigation\" data-gtm-custom-action=\"crossclick\" data-gtm-custom-label=\"Contextuel\" data-gtm-event=\"customEventSPE\" data-fig-domain=\"LEFIGARO\" target=\"_blank\" rel=\"noopener\">ce samedi soir \u00e0 Mayol<\/a>, pour une place en demi-finale contre l\u2019UBB, dans une semaine \u00e0 Lyon.<\/p>\n<p class=\"fig-paragraph\">Pour ce match couperet, le N\u00e9o-Z\u00e9landais Jack Goodhue forfait apr\u00e8s \u00eatre sorti commotionn\u00e9 lors de la derni\u00e8re action du match face \u00e0 Bayonne samedi dernier, Adrien S\u00e9guret est titularis\u00e9 au centre aux c\u00f4t\u00e9s de Vilimoni Botitu.<\/p>\n<p class=\"fig-paragraph\">Derri\u00e8re la m\u00eal\u00e9e, Santiago Ariata a \u00e9t\u00e9 pr\u00e9f\u00e9r\u00e9 \u00e0 Fernandez pour d\u00e9buter. Et Palis d\u00e9butera \u00e0 l\u2019aile au d\u00e9triment de Hulleu. Devant, Will Collier est pr\u00e9f\u00e9r\u00e9 \u00e0 Nicolas Corato au poste de pilier droit.<\/p>\n","protected":false},"excerpt":{"rendered":"Santiago Ariata d\u00e9butera en 9 pour tenter d\u2019emmener son \u00e9quipe \u00e0 la victoire au stade Mayol, ce samedi&hellip;\n","protected":false},"author":2,"featured_media":174412,"comment_status":"","ping_status":"","sticky":false,"template":"","format":"standard","meta":{"footnotes":""},"categories":[9619],"tags":[1111,11,525,7336,4590,1981,2313,814,1777,674,1011,27,955,12,4589,882,2311,3461,25,1980,479,2259,478,2310,2312],"class_list":{"0":"post-174411","1":"post","2":"type-post","3":"status-publish","4":"format-standard","5":"has-post-thumbnail","7":"category-toulon","8":"tag-actu","9":"tag-actualites","10":"tag-calendrier","11":"tag-castres-olympique","12":"tag-championnat-france","13":"tag-classement","14":"tag-clermont","15":"tag-direct","16":"tag-eu","17":"tag-europe","18":"tag-fr","19":"tag-france","20":"tag-match","21":"tag-news","22":"tag-phase-finale","23":"tag-provence-alpes-cote-dazur","24":"tag-racing","25":"tag-rct","26":"tag-republique-francaise","27":"tag-resultats","28":"tag-rugby","29":"tag-score","30":"tag-top-14","31":"tag-toulon","32":"tag-toulouse"},"share_on_mastodon":{"url":"https:\/\/pubeurope.com\/@fr\/114678414922822320","error":""},"_links":{"self":[{"href":"https:\/\/www.europesays.com\/fr\/wp-json\/wp\/v2\/posts\/174411","targetHints":{"allow":["GET"]}}],"collection":[{"href":"https:\/\/www.europesays.com\/fr\/wp-json\/wp\/v2\/posts"}],"about":[{"href":"https:\/\/www.europesays.com\/fr\/wp-json\/wp\/v2\/types\/post"}],"author":[{"embeddable":true,"href":"https:\/\/www.europesays.com\/fr\/wp-json\/wp\/v2\/users\/2"}],"replies":[{"embeddable":true,"href":"https:\/\/www.europesays.com\/fr\/wp-json\/wp\/v2\/comments?post=174411"}],"version-history":[{"count":0,"href":"https:\/\/www.europesays.com\/fr\/wp-json\/wp\/v2\/posts\/174411\/revisions"}],"wp:featuredmedia":[{"embeddable":true,"href":"https:\/\/www.europesays.com\/fr\/wp-json\/wp\/v2\/media\/174412"}],"wp:attachment":[{"href":"https:\/\/www.europesays.com\/fr\/wp-json\/wp\/v2\/media?parent=174411"}],"wp:term":[{"taxonomy":"category","embeddable":true,"href":"https:\/\/www.europesays.com\/fr\/wp-json\/wp\/v2\/categories?post=174411"},{"taxonomy":"post_tag","embeddable":true,"href":"https:\/\/www.europesays.com\/fr\/wp-json\/wp\/v2\/tags?post=174411"}],"curies":[{"name":"wp","href":"https:\/\/api.w.org\/{rel}","templated":true}]}}