{"id":174419,"date":"2025-06-13T22:33:15","date_gmt":"2025-06-13T22:33:15","guid":{"rendered":"https:\/\/www.europesays.com\/fr\/174419\/"},"modified":"2025-06-13T22:33:15","modified_gmt":"2025-06-13T22:33:15","slug":"grenoble-grave-accident-entre-une-moto-et-une-voiture-un-homme-entre-la-vie-et-la-mort","status":"publish","type":"post","link":"https:\/\/www.europesays.com\/fr\/174419\/","title":{"rendered":"Grenoble. Grave accident entre une moto et une voiture, un homme entre la vie et la mort"},"content":{"rendered":"<p>            Par<br \/>\n        <strong><br \/>\n            <a href=\"https:\/\/actu.fr\/auteur\/julien-sournies\" title=\"Consulter tous les articles de Julien Sournies\" rel=\"nofollow noopener\" target=\"_blank\">Julien Sournies<\/a><br \/>\n        <\/strong><\/p>\n<p>        Publi\u00e9 le<\/p>\n<p>            13 juin 2025 \u00e0 17h38        <\/p>\n<p>Un terrible <strong>accident<\/strong> s\u2019est produit ce vendredi 13\u00a0juin 2025 vers 12\u2009h\u200920 \u00e0 <a href=\"https:\/\/actu.fr\/grenoble\/\" rel=\"nofollow noopener\" target=\"_blank\">Grenoble<\/a> (<a href=\"https:\/\/actu.fr\/auvergne-rhone-alpes\/isere_38\" rel=\"nofollow noopener\" target=\"_blank\">Is\u00e8re<\/a>).<\/p>\n<p class=\" wall-content\">Alors qu\u2019il circulait sur sa moto, un homme de 51\u00a0ans a <strong>percut\u00e9 de plein fouet<\/strong> une voiture qui lui a coup\u00e9 la route sur la rue Albert Reynier.<\/p>\n<p>Pronostic vital engag\u00e9<\/p>\n<p class=\" wall-content\">\u00c0 l\u2019arriv\u00e9e des secours et des forces de l\u2019ordre, le quinquag\u00e9naire \u00e9tait dans un \u00e9tat critique. Selon les informations transmises par la police, le pronostic vital du motard est actuellement <strong>engag\u00e9<\/strong>.<\/p>\n<p>    <a href=\"https:\/\/www.google.com\/maps\/embed?pb=!1m18!1m12!1m3!1d2813.0382764301753!2d5.70519187541553!3d45.16607477107062!2m3!1f0!2f0!3f0!3m2!1i1024!2i768!4f13.1!3m3!1m2!1s0x478af4a872d39349%3A0x50cd448b13d267e!2sRue%20Albert%20Reynier%2C%2038100%20Grenoble!5e0!3m2!1sfr!2sfr!4v1749828855498!5m2!1sfr!2sfr\" title=\"Ouvrie le lien\" rel=\"nofollow noopener\" target=\"_blank\">Cliquez ici pour visualiser le contenu<\/a><\/p>\n<p class=\" wall-content\">La victime, qui souffre d\u2019un traumatisme cr\u00e2nien et de plusieurs fractures aux jambes, a \u00e9t\u00e9 conduite d\u2019urgence au CHU Grenoble-Alpes.<\/p>\n<p>Vid\u00e9os : en ce moment sur Actu<\/p>\n<p class=\" wall-content\">Suivez toute l\u2019actualit\u00e9 de vos villes et m\u00e9dias favoris en vous inscrivant \u00e0 <a href=\"https:\/\/moncompte.actu.fr\" title=\"D\u00e9couvez Mon Actu\" rel=\"nofollow noopener\" data-trk=\"{&quot;cta&quot;:{&quot;action&quot;:&quot;https:\\\/\\\/moncompte.actu.fr&quot;,&quot;category&quot;:&quot;mon compte&quot;,&quot;from&quot;:&quot;article footer&quot;,&quot;name&quot;:&quot;Mon actu&quot;,&quot;type&quot;:&quot;cta&quot;}}\" target=\"_blank\">Mon Actu<\/a>.<\/p>\n","protected":false},"excerpt":{"rendered":"Par Julien Sournies Publi\u00e9 le 13 juin 2025 \u00e0 17h38 Un terrible accident s\u2019est produit ce vendredi 13\u00a0juin&hellip;\n","protected":false},"author":2,"featured_media":98227,"comment_status":"","ping_status":"","sticky":false,"template":"","format":"standard","meta":{"footnotes":""},"categories":[9566],"tags":[119,1111,11,2430,1777,674,118,1011,27,2731,12,1072,25],"class_list":{"0":"post-174419","1":"post","2":"type-post","3":"status-publish","4":"format-standard","5":"has-post-thumbnail","7":"category-grenoble","8":"tag-accident","9":"tag-actu","10":"tag-actualites","11":"tag-auvergne-rhone-alpes","12":"tag-eu","13":"tag-europe","14":"tag-faits-divers","15":"tag-fr","16":"tag-france","17":"tag-grenoble","18":"tag-news","19":"tag-police","20":"tag-republique-francaise"},"share_on_mastodon":{"url":"https:\/\/pubeurope.com\/@fr\/114678438572534920","error":""},"_links":{"self":[{"href":"https:\/\/www.europesays.com\/fr\/wp-json\/wp\/v2\/posts\/174419","targetHints":{"allow":["GET"]}}],"collection":[{"href":"https:\/\/www.europesays.com\/fr\/wp-json\/wp\/v2\/posts"}],"about":[{"href":"https:\/\/www.europesays.com\/fr\/wp-json\/wp\/v2\/types\/post"}],"author":[{"embeddable":true,"href":"https:\/\/www.europesays.com\/fr\/wp-json\/wp\/v2\/users\/2"}],"replies":[{"embeddable":true,"href":"https:\/\/www.europesays.com\/fr\/wp-json\/wp\/v2\/comments?post=174419"}],"version-history":[{"count":0,"href":"https:\/\/www.europesays.com\/fr\/wp-json\/wp\/v2\/posts\/174419\/revisions"}],"wp:featuredmedia":[{"embeddable":true,"href":"https:\/\/www.europesays.com\/fr\/wp-json\/wp\/v2\/media\/98227"}],"wp:attachment":[{"href":"https:\/\/www.europesays.com\/fr\/wp-json\/wp\/v2\/media?parent=174419"}],"wp:term":[{"taxonomy":"category","embeddable":true,"href":"https:\/\/www.europesays.com\/fr\/wp-json\/wp\/v2\/categories?post=174419"},{"taxonomy":"post_tag","embeddable":true,"href":"https:\/\/www.europesays.com\/fr\/wp-json\/wp\/v2\/tags?post=174419"}],"curies":[{"name":"wp","href":"https:\/\/api.w.org\/{rel}","templated":true}]}}