{"id":174422,"date":"2025-06-13T22:35:18","date_gmt":"2025-06-13T22:35:18","guid":{"rendered":"https:\/\/www.europesays.com\/fr\/174422\/"},"modified":"2025-06-13T22:35:18","modified_gmt":"2025-06-13T22:35:18","slug":"grande-vente-emmaus-ferias-theatre-yoga-gratuit-que-faire-a-rennes-ce-week-end-nos-idees-de-sorties","status":"publish","type":"post","link":"https:\/\/www.europesays.com\/fr\/174422\/","title":{"rendered":"Grande vente Emma\u00fcs, f\u00e9rias, th\u00e9\u00e2tre, yoga gratuit\u2026 Que faire \u00e0 Rennes ce week-end ? Nos id\u00e9es de sorties"},"content":{"rendered":"<p>            Par<br \/>\n        <strong><br \/>\n            <a href=\"https:\/\/actu.fr\/auteur\/brian-legoff\" title=\"Consulter tous les articles de Brian Le Goff\" target=\"_blank\" rel=\"noopener\">Brian Le Goff<\/a><br \/>\n        <\/strong><\/p>\n<p>        Publi\u00e9 le<\/p>\n<p>            13 juin 2025 \u00e0 17h50        <\/p>\n<p>F\u00e9rias, D\u00e9fil\u00e9 fantastique, <strong>th\u00e9\u00e2tre<\/strong>, foire \u00e0 la tomate et \u00e0 la courge, <strong>s\u00e9ance de yoga g\u00e9ante et gratuite<\/strong>, grande vente Emma\u00fcs\u2026 <strong>On vous l\u2019avait promis, <\/strong>on ne vous a pas menti\u2009: ce week-end, <strong>il y a de quoi faire<\/strong> dans la r\u00e9gion de <a href=\"https:\/\/actu.fr\/rennes\/\" target=\"_blank\" rel=\"noopener\">Rennes<\/a> pour s\u2019occuper. Voici <strong>notre s\u00e9lection d\u2019id\u00e9es sorties<\/strong> pour ces samedi\u00a014 et dimanche 15\u00a0juin.<\/p>\n<p>F\u00e9rias de G\u00e9vez\u00e9<br \/>\n    <img   decoding=\"async\" loading=\"lazy\" src=\"https:\/\/www.europesays.com\/fr\/wp-content\/uploads\/2025\/06\/ferias-geveze-960x640.jpg\" alt=\"Les F\u00e9rias de G\u00e9vez\u00e9, c'est ce week-end.\" width=\"960\" height=\"640\"\/><br \/>\n    Les F\u00e9rias de G\u00e9vez\u00e9, c\u2019est ce week-end. (\u00a9 Transmis \u00e0 actu Rennes)<\/p>\n<p class=\" wall-content\">Les f\u00e9rias de G\u00e9vez\u00e9 font leur retour\u00a0<strong>d\u00e8s vendredi 13\u00a0juin et jusqu\u2019au dimanche 15\u00a0juin \u00e0 la salle de l\u2019Envol<\/strong>. Le programme est riche\u2009: <strong>f\u00eate foraine<\/strong>\u00a0tout le week-end, <strong>f\u00eate de la bi\u00e8re<\/strong>\u00a0et concerts le vendredi soir. Samedi, ce sera tournoi de palets et f\u00eate de la musique\u2009; suivis d\u2019une braderie dans le centre-ville de la commune, le dimanche.<\/p>\n<p>F\u00e9rias de G\u00e9vez\u00e9, <a href=\"https:\/\/www.google.fr\/maps\/place\/4+Av.+de+la+Croix+du+Vivier,+35850+G%C3%A9vez%C3%A9\/@48.2186025,-1.7957839,17z\/data=!3m1!4b1!4m6!3m5!1s0x480ee5fc44d7a7b5:0x6d00bea68c003ba!8m2!3d48.218599!4d-1.793209!16s%2Fg%2F11rnclgj1t?entry=ttu&amp;g_ep=EgoyMDI1MDYxMC4xIKXMDSoASAFQAw%3D%3D\" target=\"_blank\" rel=\"noopener\">4 Av. de la Croix du Vivier.<\/a>\u00a0Comptez trois euros de participation pour les soir\u00e9es du vendredi et du samedi.S\u00e9ance de Yoga g\u00e9ante place Saint-Germain<\/p>\n<p class=\" wall-content\">Happy Yoga Rennes et les professeurs de Yoga pr\u00e9sentent \u00ab\u2009108 salutations au soleil\u2009\u00bb,<strong> samedi 14\u00a0juin, de 9h30 \u00e0 12h, place Saint-Germain.<\/strong>\u00a0L\u2019accueil et l\u2019\u00e9chauffement auront lieu \u00e0 partir de 9h. L\u2019\u00e9v\u00e9nement est\u00a0<strong>gratuit<\/strong>. Il vous est conseill\u00e9 d\u2019apporter une gourde et votre tapis de yoga.<\/p>\n<p class=\" wall-content\"><a href=\"https:\/\/www.instagram.com\/p\/DKv3GqsInjj\/embed\" title=\"Ouvrir le lien sur Instagram\" target=\"_blank\" rel=\"noopener\">Visualiser le contenu sur Instagram<\/a><\/p>\n<p>Parade dans\u00e9e et musicale entre Br\u00e9quigny et Le Blosne<\/p>\n<p class=\" wall-content\">Plus de <strong>400\u00a0participants<\/strong> vont participer \u00e0 un \u00ab\u2009D\u00e9fil\u00e9 fantastique\u2009\u00bb en traversant les quartiers sud de la ville, <strong>samedi 14\u00a0juin, \u00e0 16h, au d\u00e9part de la rue de Su\u00e8de<\/strong>.<\/p>\n<p class=\" wall-content\"><a href=\"https:\/\/www.instagram.com\/p\/DKb4ziPv5Qu\/embed\" title=\"Ouvrir le lien sur Instagram\" target=\"_blank\" rel=\"noopener\">Visualiser le contenu sur Instagram<\/a><\/p>\n<p class=\" wall-content\"><strong>D\u2019ouest en est,<\/strong> le public pourra suivre le cort\u00e8ge qui passera au niveau des stations de m\u00e9tro Henri Fr\u00e9ville, Italie et Triangle. L\u2019arriv\u00e9e est estim\u00e9e entre 17h30 et 19h,<strong> au Triangle<\/strong>, boulevard de Yougoslavie. Sur place, une <strong>f\u00eate de fin de d\u00e9fil\u00e9<\/strong> est pr\u00e9vue avec des cercles de danse, une fanfare, de la Soul Train et un ap\u00e9ro fantastique.<\/p>\n<p>Gratuit.<\/p>\n<p>Foire \u00e0 la tomate et \u00e0 la courge<\/p>\n<p class=\" wall-content\">Les jardinets de St Cyr organisent ce <strong>samedi 14\u00a0juin, de 15h \u00e0 18h<\/strong> une foire-troc \u00e0 la tomate et \u00e0 la courge. Acc\u00e8s au <strong>parc St Cyr<\/strong> par le 59, rue Papu.<\/p>\n<p>Une fresque monumentale \u00e0 l\u2019ancienne prison Jacques-Cartier<\/p>\n<p class=\" wall-content\">Les Rennais et Rennaises sont invit\u00e9s \u00e0 d\u00e9couvrir, samedi\u00a014 et dimanche 15\u00a0juin, la <strong>fresque monumentale<\/strong> r\u00e9alis\u00e9e conjointement par les artistes (Germain Pr\u00e9vost, Marc-Antoine Granier) et les habitants (es) du quartier, dans le cadre d\u2019Exporama, festival consacr\u00e9 \u00e0 l\u2019art contemporain.<\/p>\n<p>    <a href=\"https:\/\/www.facebook.com\/plugins\/post.php?href=https%3A%2F%2Fwww.facebook.com%2Fmetropole.rennes%2Fposts%2Fpfbid027SRPZ9pPehFMAhKzThYJyAUy1VL47v94LEBR46HJrMiEdXaepg7C3bN6Diij66WFl&amp;show_text=false&amp;width=350\" title=\"Ouvrie le lien\" target=\"_blank\" rel=\"noopener\">Cliquez ici pour visualiser le contenu<\/a><\/p>\n<p class=\" wall-content\">Le <strong>public est invit\u00e9<\/strong> \u00e0 d\u00e9couvrir l\u2019\u0153uvre et les artistes\u2009; trois temps seront consacr\u00e9s \u00e0 14h, 16h et 18h sur r\u00e9servation <a href=\"https:\/\/www.helloasso.com\/associations\/teenage-kicks\/evenements\/seconde-pot-a-jacques-cartier\" target=\"_blank\" rel=\"noopener\">ici<\/a>. Dimanche 15\u00a0juin, la <strong>visite sera libre de 11h \u00e0 18h.<\/strong><\/p>\n<p>56, boulevard Jacques Cartier \u00e0 Rennes. Samedi \u00e0 14n, 16h et 18h\u2009; dimanche de 11h \u00e0 18h.<\/p>\n<p>Pique-nique g\u00e9ant et danse suspendue dans les airs<\/p>\n<p class=\" wall-content\">Nous vous en parlions <a href=\"https:\/\/actu.fr\/bretagne\/rennes_35238\/un-pique-nique-geant-organise-dans-ce-quartier-de-rennes-les-habitants-fetent-les-50-ans-de-leur-immeuble_62719950.html\" target=\"_blank\" rel=\"noopener\">dans cet article<\/a>, deux<strong> jours de f\u00eate vont rythmer le quartier Colombier<\/strong> de Rennes, samedi\u00a014 et dimanche 15\u00a0juin 2025. Les habitants (es) vont en effet c\u00e9l\u00e9brer les <strong>50\u00a0ans de la tour de l\u2019\u00c9peron<\/strong>, au 17 et 18, place du Mar\u00e9chal-Juin, le deuxi\u00e8me plus grand immeuble de Rennes, apr\u00e8s les Horizons.<\/p>\n<p class=\" wall-content\"><strong>Concert, danse sur la fa\u00e7ade de l\u2019immeuble, jeux\u2026<\/strong> Plusieurs festivit\u00e9s sont organis\u00e9es, avec notamment deux temps forts\u2009:<\/p>\n<ul class=\" wall-content\">\n<li>samedi 14\u00a0juin, \u00e0 20h, la danseuse <strong>Claudie Gastineau va danser \u00e0 98\u00a0m de hauteur,<\/strong> retenue par des cordes, sur la fa\u00e7ade de l\u2019\u00c9peron\u2009;<\/li>\n<li>dimanche 15\u00a0juin, \u00e0 partir de 12h, sur la place du Colombier, les habitants (es) de tout le quartier sont invit\u00e9s \u00e0 venir partager leur <strong>pique-nique sur une grande table de 98\u00a0m de long<\/strong> \u2013 soit la hauteur de l\u2019\u00c9peron.<\/li>\n<\/ul>\n<p>Au <a href=\"https:\/\/www.google.fr\/maps\/place\/Tour+de+l%27Eperon,+18+Pl.+du+Mar%C3%A9chal+Juin+17+et,+35000+Rennes\/@48.1052928,-1.681928,17z\/data=!3m1!4b1!4m5!3m4!1s0x480edfcb826cf25f:0xa26962c7959a3f3e!8m2!3d48.1052892!4d-1.6793531?entry=ttu&amp;g_ep=EgoyMDI1MDYxMC4xIKXMDSoASAFQAw%3D%3D\" target=\"_blank\" rel=\"noopener\">17 et 18, place du Mar\u00e9chal-Juin<\/a>, \u00e0 Rennes.\u00ab\u2009La Vall\u00e9e aux loups\u2009\u00bb par les Br\u00fbleurs de Planches<\/p>\n<p class=\" wall-content\">Apr\u00e8s avoir travaill\u00e9 toute la saison sur ce nouveau spectacle, la compagnie de th\u00e9\u00e2tre amateur jacquolandine Les Br\u00fbleurs de Planches est de retour et propose La Vall\u00e9e aux loups, librement inspir\u00e9e du film Le Crime est notre affaire et mis en sc\u00e8ne par Juliette Dauzet, <strong>samedi 14\u00a0juin \u00e0 20\u2009h30 et dimanche 15\u00a0juin, \u00e0 16\u2009h, au th\u00e9\u00e2tre Le Grillon, \u00e0 Br\u00e9al-sous-Monfort<\/strong>.<\/p>\n<blockquote class=\"ac-article-quote wall-content\">\n<p>Min\u00e9e par l\u2019ennui, l\u2019\u00e9pouse d\u2019un colonel \u00e0 la retraite s\u2019improvise enqu\u00eatrice. Pour \u00e9lucider le myst\u00e8re d\u2019un crime dont sa tante a \u00e9t\u00e9 t\u00e9moin, elle m\u00e8ne une op\u00e9ration d\u2019infiltration dans une famille de la haute bourgeoisie dont les membres, tels des loups, se disputent un h\u00e9ritage.<\/p>\n<p>    <strong>Synopsis<\/strong>\n            <\/p><\/blockquote>\n<p class=\" wall-content\"><a href=\"https:\/\/www.instagram.com\/p\/DKo_g2YNNve\/embed\" title=\"Ouvrir le lien sur Instagram\" target=\"_blank\" rel=\"noopener\">Visualiser le contenu sur Instagram<\/a><\/p>\n<p class=\" wall-content\">Pour la <strong>premi\u00e8re fois<\/strong>, la troupe des Br\u00fbleurs de Planche accueille son <strong>groupe ados<\/strong> pour une double repr\u00e9sentation, <strong>dimanche 15\u00a0juin, \u00e0 14h<\/strong>. Ils joueront en <strong>premi\u00e8re partie<\/strong> avec <strong>\u00ab\u2009Cacophonie\u2009\u00bb<\/strong>, une cr\u00e9ation originale de Juliette Dauzet. Un go\u00fbter entre les deux spectacles sera organis\u00e9.<\/p>\n<p>La Troll de course<\/p>\n<p class=\" wall-content\">La Troll de course est <strong>de retour \u00e0 <a href=\"https:\/\/actu.fr\/bretagne\/montgermont_35189\" target=\"_blank\" rel=\"noopener\">Montgermont<\/a>,<\/strong> commune situ\u00e9e au nord de Rennes. Lanc\u00e9 en 2018 et mise sur pause depuis la pand\u00e9mie de Covid-19, cet <strong>\u00e9v\u00e9nement \u00ab\u2009sportif et ludique\u2009\u00bb<\/strong> revient dimanche 15\u00a0juin 2025, avec \u00ab\u2009un parcours modifi\u00e9\u2009\u00bb, annonce Marc Romfort, co-fondateur de la course.<\/p>\n<p>    <a href=\"https:\/\/www.facebook.com\/plugins\/post.php?href=https%3A%2F%2Fwww.facebook.com%2Fphoto%2F%3Ffbid%3D1528080357334495%26set%3Da.1527428814066316&amp;show_text=true&amp;width=350\" title=\"Ouvrie le lien\" target=\"_blank\" rel=\"noopener\">Cliquez ici pour visualiser le contenu<\/a><\/p>\n<p class=\" wall-content\">Concr\u00e8tement, les <strong>150\u00a0\u00e9quipes<\/strong> participantes sont invit\u00e9es \u00e0<strong> se d\u00e9guiser<\/strong> et \u00e0 courir sur un circuit de pr\u00e8s de <strong>8\u00a0km<\/strong>, \u00e0 travers la commune. Le tout, en\u00a0franchissant l\u2019ensemble des <strong>19 obstacles<\/strong>.<\/p>\n<p>Grande vente Emma\u00fcs<\/p>\n<p class=\" wall-content\">Emma\u00fcs organise sa grande vente de printemps de la communaut\u00e9 de Rennes-H\u00e9d\u00e9-Saint-Malo-Bruz \u00e0<strong> Beauvoir, au 53, rue de la Motte \u00e0 H\u00e9d\u00e9-Bazouges,<\/strong> samedi\u00a014 et dimanche 15\u00a0juin. Cette grande vente c\u2019est\u2009:<\/p>\n<ul class=\" wall-content\">\n<li>10\u2009000\u00a0visiteurs attendus sur les deux jours <strong>de 10h \u00e0 18h00\u2009;<\/strong><\/li>\n<li>150\u00a0b\u00e9n\u00e9voles, 60 compagnons et 40 salari\u00e9s mobilis\u00e9s sur le week-end\u2009;<\/li>\n<li>l\u2019opportunit\u00e9 pour les visiteurs de r\u00e9aliser de bonnes affaires, tout en r\u00e9alisant des achats solidaires et respectueux de l\u2019environnement\u2009;<\/li>\n<\/ul>\n<p>    <a href=\"https:\/\/www.facebook.com\/plugins\/post.php?href=https%3A%2F%2Fwww.facebook.com%2Femmaus.rennes.hede.saintmalo%2Fposts%2Fpfbid0XDrZEGmsKVRtKhTSBza7THtktMd96s9Yke1qRppr543aPtMZxUAvSdigndWpRYHFl&amp;show_text=true&amp;width=350\" title=\"Ouvrie le lien\" target=\"_blank\" rel=\"noopener\">Cliquez ici pour visualiser le contenu<\/a><\/p>\n<ul class=\" wall-content\">\n<li>\u00ab\u2009la garantie de passer un bon moment en famille\u2009\u00bb autour des animations musicales (avec la pr\u00e9sence du Bagad de Cesson, la Batucada, Leattle Beat blues Band\u2026.) ;<\/li>\n<li>la possibilit\u00e9 de se <strong>restaurer sur place<\/strong> (galettes saucisses, sandwich, g\u00e2teaux maison, glaces, mais aussi le food truck Douces Saveurs Cr\u00e9oles et Numa Manger).<\/li>\n<\/ul>\n<p class=\" wall-content\">Nouveaut\u00e9 cette ann\u00e9e, la pr\u00e9sence d\u2019Envie 35 qui pr\u00e9sentera ces activit\u00e9s de <strong>r\u00e9paration et de recyclage d\u2019appareils \u00e9lectrom\u00e9nagers<\/strong>. Il y aura aussi un stand pour les amateurs de <strong>timbres et de monnaies<\/strong>. \u00ab\u2009Venir \u00e0 la grande vente, c\u2019est se montrer solidaire et soutenir Emma\u00fcs dans ses combats pour la dignit\u00e9 de chacun\u2009\u00bb, conclut Emma\u00fcs.<\/p>\n<p class=\" wall-content\">Suivez toute l\u2019actualit\u00e9 de vos villes et m\u00e9dias favoris en vous inscrivant \u00e0 <a href=\"https:\/\/moncompte.actu.fr\" title=\"D\u00e9couvez Mon Actu\" rel=\"nofollow noopener\" data-trk=\"{&quot;cta&quot;:{&quot;action&quot;:&quot;https:\\\/\\\/moncompte.actu.fr&quot;,&quot;category&quot;:&quot;mon compte&quot;,&quot;from&quot;:&quot;article footer&quot;,&quot;name&quot;:&quot;Mon actu&quot;,&quot;type&quot;:&quot;cta&quot;}}\" target=\"_blank\">Mon Actu<\/a>.<\/p>\n<p>                    <script async src=\"\/\/www.instagram.com\/embed.js\"><\/script><\/p>\n","protected":false},"excerpt":{"rendered":"Par Brian Le Goff Publi\u00e9 le 13 juin 2025 \u00e0 17h50 F\u00e9rias, D\u00e9fil\u00e9 fantastique, th\u00e9\u00e2tre, foire \u00e0 la&hellip;\n","protected":false},"author":2,"featured_media":174423,"comment_status":"","ping_status":"","sticky":false,"template":"","format":"standard","meta":{"footnotes":""},"categories":[2821],"tags":[1111,11,1063,829,1777,674,1011,27,1652,12,584,25,853],"class_list":{"0":"post-174422","1":"post","2":"type-post","3":"status-publish","4":"format-standard","5":"has-post-thumbnail","7":"category-rennes","8":"tag-actu","9":"tag-actualites","10":"tag-animations","11":"tag-bretagne","12":"tag-eu","13":"tag-europe","14":"tag-fr","15":"tag-france","16":"tag-loisirs-culture","17":"tag-news","18":"tag-rennes","19":"tag-republique-francaise","20":"tag-spectacles"},"share_on_mastodon":{"url":"https:\/\/pubeurope.com\/@fr\/114678446498210030","error":""},"_links":{"self":[{"href":"https:\/\/www.europesays.com\/fr\/wp-json\/wp\/v2\/posts\/174422","targetHints":{"allow":["GET"]}}],"collection":[{"href":"https:\/\/www.europesays.com\/fr\/wp-json\/wp\/v2\/posts"}],"about":[{"href":"https:\/\/www.europesays.com\/fr\/wp-json\/wp\/v2\/types\/post"}],"author":[{"embeddable":true,"href":"https:\/\/www.europesays.com\/fr\/wp-json\/wp\/v2\/users\/2"}],"replies":[{"embeddable":true,"href":"https:\/\/www.europesays.com\/fr\/wp-json\/wp\/v2\/comments?post=174422"}],"version-history":[{"count":0,"href":"https:\/\/www.europesays.com\/fr\/wp-json\/wp\/v2\/posts\/174422\/revisions"}],"wp:featuredmedia":[{"embeddable":true,"href":"https:\/\/www.europesays.com\/fr\/wp-json\/wp\/v2\/media\/174423"}],"wp:attachment":[{"href":"https:\/\/www.europesays.com\/fr\/wp-json\/wp\/v2\/media?parent=174422"}],"wp:term":[{"taxonomy":"category","embeddable":true,"href":"https:\/\/www.europesays.com\/fr\/wp-json\/wp\/v2\/categories?post=174422"},{"taxonomy":"post_tag","embeddable":true,"href":"https:\/\/www.europesays.com\/fr\/wp-json\/wp\/v2\/tags?post=174422"}],"curies":[{"name":"wp","href":"https:\/\/api.w.org\/{rel}","templated":true}]}}