{"id":17443,"date":"2025-04-11T13:58:08","date_gmt":"2025-04-11T13:58:08","guid":{"rendered":"https:\/\/www.europesays.com\/fr\/17443\/"},"modified":"2025-04-11T13:58:08","modified_gmt":"2025-04-11T13:58:08","slug":"le-prince-william-shabille-en-sezane-pour-un-match-de-foot-au-parc-des-princes","status":"publish","type":"post","link":"https:\/\/www.europesays.com\/fr\/17443\/","title":{"rendered":"Le prince William s\u2019habille en S\u00e9zane pour un match de foot au Parc des Princes"},"content":{"rendered":"<p>                             Par     <a class=\"fig-content-metas__author\" href=\"https:\/\/www.lefigaro.fr\/auteur\/elvire-emptaz\" rel=\"author noopener\" target=\"_blank\">Elvire Emptaz<\/a><\/p>\n<p>\n            Publi\u00e9<br \/>\n                le 10 avril 2025 \u00e0 19h54,<br \/>\n                 mis \u00e0 jour le 11 avril 2025 \u00e0 00h08<\/p>\n<p>    Le prince William accompagn\u00e9 de son fils George a assist\u00e9 \u00e0 un match de foot au Parc des Princes (Paris, le 9 avril 2025).<br \/>\n                Poitout Florian\/ABACA<\/p>\n<p>Le prince de Galles a assist\u00e9 avec son fils George \u00e0 la rencontre de son club f\u00e9tiche d\u2019Aston Villa contre le PSG. V\u00eatu tout en Octobre \u00c9ditions, la ligne masculine de S\u00e9zane, il a brill\u00e9 par son \u00e9l\u00e9gance nonchalante.<\/p>\n<p class=\"fig-paragraph\">Ils ne cachent pas leur joie. Ce mercredi 9 avril, au bien nomm\u00e9 Parc des Princes,\u00a0<a href=\"http:\/\/madame.lefigaro.fr\/celebrites\/actu-people\/au-parc-des-princes-le-prince-william-et-son-fils-george-en-transe-pendant-le-match-psg-vs-aston-villa-20250410\" data-fig-type=\"Article\" data-gtm-custom-categorie=\"navigation\" data-gtm-custom-action=\"crossclick\" data-gtm-custom-label=\"Contextuel\" data-gtm-event=\"customEventSPE\" data-fig-domain=\"MADAME\" target=\"_blank\" rel=\"noopener\">le prince William et son fils George<\/a>\u00a0ressemblent \u00e0 n\u2019importe quels supporters de foot. Leur \u00e9quipe f\u00e9tiche d\u2019Aston Villa affronte le Paris-Saint-Germain et lorsqu\u2019elle marque un but, ils exultent sans retenue. Ici point de protocole royal, pendant 90 minutes, c\u2019est simplement un p\u00e8re et son fils qui sont dans les tribunes.<\/p>\n<p>Le chic \u00e0 la fran\u00e7aise<\/p>\n<p class=\"fig-paragraph\">Mais l\u2019\u00e9l\u00e9gance du duo le distingue toutefois du reste de la foule. Car le fils du\u00a0<a href=\"http:\/\/madame.lefigaro.fr\/style\/news\/la-signification-particuliere-de-la-robe-que-portait-la-reine-camilla-pour-ses-20-ans-de-mariage-avec-charles-iii-20250409\" data-fig-type=\"Article\" data-gtm-custom-categorie=\"navigation\" data-gtm-custom-action=\"crossclick\" data-gtm-custom-label=\"Contextuel\" data-gtm-event=\"customEventSPE\" data-fig-domain=\"MADAME\" target=\"_blank\" rel=\"noopener\">Roi Charles III\u00a0<\/a>a choisi pour sa visite parisienne, un ensemble fran\u00e7ais, une marque de courtoisie notable, de la marque Octobre Editions. Il s\u2019agit l\u00e0 de la ligne masculine de la griffe\u00a0<a href=\"http:\/\/madame.lefigaro.fr\/style\/news\/qui-sont-ces-femmes-qui-ne-s-habillent-qu-en-sezane-20250405\" data-fig-type=\"Article\" data-gtm-custom-categorie=\"navigation\" data-gtm-custom-action=\"crossclick\" data-gtm-custom-label=\"Contextuel\" data-gtm-event=\"customEventSPE\" data-fig-domain=\"MADAME\" target=\"_blank\" rel=\"noopener\">au succ\u00e8s fou S\u00e9zane,<\/a>\u00a0tr\u00e8s pris\u00e9e par sa femme,\u00a0<a href=\"http:\/\/madame.lefigaro.fr\/celebrites\/actu-people\/vacances-secretes-a-courchevel-kate-william-et-leurs-enfants-devalent-les-dernieres-pistes-en-toute-discretion-20250410\" data-fig-type=\"Article\" data-gtm-custom-categorie=\"navigation\" data-gtm-custom-action=\"crossclick\" data-gtm-custom-label=\"Contextuel\" data-gtm-event=\"customEventSPE\" data-fig-domain=\"MADAME\" target=\"_blank\" rel=\"noopener\">Kate Middleton<\/a>. Pour cette sortie familiale, le prince William a choisi une surchemise en laine bouillie italienne couleur canard \u00e0 la fois chic et d\u00e9contract\u00e9e, id\u00e9ale pour l\u2019occasion. Le mod\u00e8le Lellan, vendu 145 euros est d\u00e9j\u00e0 en rupture de stock. Et ce peut \u00eatre parce que le futur roi d\u2019Angleterre l\u2019a d\u00e9j\u00e0 port\u00e9 en janvier dernier, \u00e0 Liverpool, lors d\u2019une visite \u00e0 l\u2019association Cycle of Life.<\/p>\n<p>\u00a0\u00bb<br \/>\n        data-script=\u00a0\u00bbhttps:\/\/static.lefigaro.fr\/widget-video\/short-ttl\/video\/index.js\u00a0\u00bb<br \/>\n    &gt;<\/p>\n<p class=\"fig-paragraph\">Avec son aura \u00e0 la fois classique mais dans l\u2019air du temps,\u00a0<a href=\"http:\/\/madame.lefigaro.fr\/enfants\/mode\/en-photos-les-pieces-phares-de-petit-sezane-le-pret-a-porter-pour-enfants-du-label-a-succes-20240826\" data-fig-type=\"Article\" data-gtm-custom-categorie=\"navigation\" data-gtm-custom-action=\"crossclick\" data-gtm-custom-label=\"Contextuel\" data-gtm-event=\"customEventSPE\" data-fig-domain=\"MADAME\" target=\"_blank\" rel=\"noopener\">S\u00e9zane\u00a0<\/a>semble s\u00e9duire particuli\u00e8rement les t\u00eates couronn\u00e9es. Puisque en dehors du couple princier anglais, on a d\u00e9j\u00e0 vu entre autres Letizia d\u2019Espagne ou Madeleine de Su\u00e8de porter des cr\u00e9ations de l\u2019enseigne dont le public est d\u00e9cid\u00e9ment tr\u00e8s vaste.<\/p>\n","protected":false},"excerpt":{"rendered":"Par Elvire Emptaz Publi\u00e9 le 10 avril 2025 \u00e0 19h54, mis \u00e0 jour le 11 avril 2025 \u00e0&hellip;\n","protected":false},"author":2,"featured_media":17444,"comment_status":"","ping_status":"","sticky":false,"template":"","format":"standard","meta":{"footnotes":""},"categories":[9],"tags":[998,988,991,1000,993,994,992,638,63,1011,27,997,977,999,989,995,973,3936,971,60,990,996],"class_list":{"0":"post-17443","1":"post","2":"type-post","3":"status-publish","4":"format-standard","5":"has-post-thumbnail","7":"category-sports","8":"tag-accessoire","9":"tag-actu-mode","10":"tag-actualite-mode","11":"tag-celebrites","12":"tag-defiles","13":"tag-egerie-mode","14":"tag-fashion-week","15":"tag-figaro","16":"tag-football","17":"tag-fr","18":"tag-france","19":"tag-lingerie","20":"tag-madame","21":"tag-mode-fashion-femme","22":"tag-mode-femme","23":"tag-nouvelle-tendance","24":"tag-people","25":"tag-prince-william","26":"tag-royaute","27":"tag-sports","28":"tag-tendance-mode","29":"tag-vetement"},"share_on_mastodon":{"url":"https:\/\/pubeurope.com\/@fr\/114319687947754641","error":""},"_links":{"self":[{"href":"https:\/\/www.europesays.com\/fr\/wp-json\/wp\/v2\/posts\/17443","targetHints":{"allow":["GET"]}}],"collection":[{"href":"https:\/\/www.europesays.com\/fr\/wp-json\/wp\/v2\/posts"}],"about":[{"href":"https:\/\/www.europesays.com\/fr\/wp-json\/wp\/v2\/types\/post"}],"author":[{"embeddable":true,"href":"https:\/\/www.europesays.com\/fr\/wp-json\/wp\/v2\/users\/2"}],"replies":[{"embeddable":true,"href":"https:\/\/www.europesays.com\/fr\/wp-json\/wp\/v2\/comments?post=17443"}],"version-history":[{"count":0,"href":"https:\/\/www.europesays.com\/fr\/wp-json\/wp\/v2\/posts\/17443\/revisions"}],"wp:featuredmedia":[{"embeddable":true,"href":"https:\/\/www.europesays.com\/fr\/wp-json\/wp\/v2\/media\/17444"}],"wp:attachment":[{"href":"https:\/\/www.europesays.com\/fr\/wp-json\/wp\/v2\/media?parent=17443"}],"wp:term":[{"taxonomy":"category","embeddable":true,"href":"https:\/\/www.europesays.com\/fr\/wp-json\/wp\/v2\/categories?post=17443"},{"taxonomy":"post_tag","embeddable":true,"href":"https:\/\/www.europesays.com\/fr\/wp-json\/wp\/v2\/tags?post=17443"}],"curies":[{"name":"wp","href":"https:\/\/api.w.org\/{rel}","templated":true}]}}