{"id":174443,"date":"2025-06-13T22:46:20","date_gmt":"2025-06-13T22:46:20","guid":{"rendered":"https:\/\/www.europesays.com\/fr\/174443\/"},"modified":"2025-06-13T22:46:20","modified_gmt":"2025-06-13T22:46:20","slug":"bayonne-punit-clermont-et-rejoint-toulouse-en-demi-finale-2","status":"publish","type":"post","link":"https:\/\/www.europesays.com\/fr\/174443\/","title":{"rendered":"Bayonne punit Clermont et rejoint Toulouse en demi-finale"},"content":{"rendered":"<p>Bayonne &#8211; Clermont<\/p>\n<p>20-3<\/p>\n<p>L\u2019Aviron Bayonnais a largement battu Clermont-Ferrand en barrage de Top 14 vendredi au stade Jean-Dauger (20-3).<\/p>\n<p>Sous le d\u00e9luge, les Bayonnais, de retour en phase finale apr\u00e8s 33 ans de disette, ont\u00a0douch\u00e9 les espoirs des Clermontois\u00a0afin de rester invaincus \u00e0 domicile cette saison.<\/p>\n<p>&gt;&gt;&gt; <a href=\"https:\/\/www.ledauphine.com\/sport\/classement\/rugby\/national-top-14\" target=\"_blank\" rel=\"nofollow noopener\">Voir le classement Top 14<\/a><\/p>\n<p>  Chanter sous la pluie<\/p>\n<p>Et Jean-Dauger s&rsquo;est mis \u00e0 chanter sous la pluie leur amour pour cette Aviron fait de vieux grognards inspirants, de quelques jeunes p\u00e9pites locales et de suffisamment de moelle pour continuer de croire, continuer de r\u00eaver.<\/p>\n<p>Les Bayonnais n&rsquo;avaient plus atteint le dernier carr\u00e9 depuis 43 ans et une d\u00e9faite contre B\u00e9ziers (19-12) ni crois\u00e9 le Stade Toulousain en phases finales depuis 1985.<\/p>\n<p>Mais leur manager Gr\u00e9gory Patat y croyait fort jeudi quand il disait \u00ab on a \u00e9crit l&rsquo;histoire, mais il ne faut pas que ce soit une finalit\u00e9. C&rsquo;est une autre comp\u00e9tition qui commence, et il ne faut pas fixer de limites \u00bb.<\/p>\n<p>Segonds\u00a0en r\u00e9ussite<\/p>\n<p>Pas inhib\u00e9 par l&rsquo;enjeu, convaincu de ses forces, le novice basque, avec quand m\u00eame quelques joueurs ayant d\u00e9j\u00e0 go\u00fbt\u00e9 aux matches couperets du printemps, a tenu son rang d&rsquo;\u00e9quipe invaincue cette saison \u00e0 domicile.<\/p>\n<p>Jamais dans ce barrage, disput\u00e9 dans des conditions orageuses avec une pluie soutenue bridant le jeu, Bayonne n&rsquo;a \u00e9t\u00e9 inqui\u00e9t\u00e9 par des Jaunards finalement pas invit\u00e9s.<\/p>\n<p>Dominateur tout du long, hormis sur quelques touches perdues, l&rsquo;Aviron a pes\u00e9 et son buteur Joris Segonds, si malheureux contre Bordeaux-B\u00e8gles en demi-finale l&rsquo;an dernier avec le Stade Fran\u00e7ais &#8211; sa derni\u00e8re transformation pour \u00e9galiser avait touch\u00e9 le poteau &#8211; a assum\u00e9 son r\u00f4le avec deux p\u00e9nalit\u00e9s et un drop, son 4e de la saison, en premi\u00e8re p\u00e9riode.<\/p>\n<p>Lopez d\u00e9cisif sur son premier ballon<\/p>\n<p>Son vis-\u00e0-vis argentin, le doyen Benjamin Urdapilleta, a eu moins de r\u00e9ussite pour sa derni\u00e8re en pro, dans l&rsquo;occupation mais aussi face aux perches pour punir les fautes locales. Ces deux \u00e9checs ont co\u00fbt\u00e9 cher quand tout le monde s&rsquo;est mis \u00e0 l&rsquo;abri \u00e0 la pause (9-3).<\/p>\n<p>L&rsquo;Aviron pouvait se sentir mal pay\u00e9 au regard de ses intentions, toujours aussi pr\u00e9gnantes \u00e0 la reprise. Mais un \u00e9chec de Segonds (43e) et deux p\u00e9naltouches \u00e9gar\u00e9es ont retard\u00e9 son envol\u00e9e au score.<\/p>\n<p>Elle est toutefois intervenue au changement de charni\u00e8re avec l&rsquo;entr\u00e9e du patron et \u00e2me des Basques, Camille Lopez, d\u00e9cisif face \u00e0 ses anciennes couleurs sur son premier jeu au pied \u00e0 destination de Tom Spring, qui s&rsquo;est jou\u00e9 d&rsquo;Alex Newsome pour finir enfin derri\u00e8re la ligne (14-3, 56e).<\/p>\n<p>D\u00e9fier d\u00e9sormais l&rsquo;ogre toulousain<\/p>\n<p>Les joueurs de Gr\u00e9gory Patat, enthousiastes, n&rsquo;ont jamais l\u00e2ch\u00e9 l&rsquo;\u00e9treinte si ce n&rsquo;est sur un cafouillage de Cheikh Tiberghien pr\u00e8s de son enbut qui a failli relancer le suspense. Mais l&rsquo;essai qu&rsquo;Anthime Hemery a cru marquer a \u00e9t\u00e9 refus\u00e9 \u00e0 la vid\u00e9o (62e).<\/p>\n<p>Sans autres ressorts, les hommes de <a href=\"https:\/\/www.ledauphine.com\/p\/christophe-urios\" target=\"_blank\" rel=\"nofollow noopener\">Christophe Urios<\/a> n&rsquo;ont fait que subir sur la fin, conc\u00e9dant plusieurs p\u00e9nalit\u00e9s dont une convertie par Lopez pour un succ\u00e8s salu\u00e9 par le peuple ciel et blanc, en qu\u00eate de billets pour le plus grand d\u00e9fi de leur club au 21e si\u00e8cle: d\u00e9fier dans une semaine (le vendredi 20 juin au <a href=\"https:\/\/www.ledauphine.com\/p\/groupama-stadium\" target=\"_blank\" rel=\"nofollow noopener\">Groupama Stadium<\/a> de Lyon \u00e0 21h05) le double tenant du titre toulousain pour une place en finale.<\/p>\n","protected":false},"excerpt":{"rendered":"Bayonne &#8211; Clermont 20-3 L\u2019Aviron Bayonnais a largement battu Clermont-Ferrand en barrage de Top 14 vendredi au stade&hellip;\n","protected":false},"author":2,"featured_media":174318,"comment_status":"","ping_status":"","sticky":false,"template":"","format":"standard","meta":{"footnotes":""},"categories":[2816],"tags":[1111,11,1777,674,107,1011,27,12,2680,25,479,517,1947,2312],"class_list":{"0":"post-174443","1":"post","2":"type-post","3":"status-publish","4":"format-standard","5":"has-post-thumbnail","7":"category-toulouse","8":"tag-actu","9":"tag-actualites","10":"tag-eu","11":"tag-europe","12":"tag-fil-info","13":"tag-fr","14":"tag-france","15":"tag-news","16":"tag-occitanie","17":"tag-republique-francaise","18":"tag-rugby","19":"tag-sport","20":"tag-sport-national","21":"tag-toulouse"},"share_on_mastodon":{"url":"","error":""},"_links":{"self":[{"href":"https:\/\/www.europesays.com\/fr\/wp-json\/wp\/v2\/posts\/174443","targetHints":{"allow":["GET"]}}],"collection":[{"href":"https:\/\/www.europesays.com\/fr\/wp-json\/wp\/v2\/posts"}],"about":[{"href":"https:\/\/www.europesays.com\/fr\/wp-json\/wp\/v2\/types\/post"}],"author":[{"embeddable":true,"href":"https:\/\/www.europesays.com\/fr\/wp-json\/wp\/v2\/users\/2"}],"replies":[{"embeddable":true,"href":"https:\/\/www.europesays.com\/fr\/wp-json\/wp\/v2\/comments?post=174443"}],"version-history":[{"count":0,"href":"https:\/\/www.europesays.com\/fr\/wp-json\/wp\/v2\/posts\/174443\/revisions"}],"wp:featuredmedia":[{"embeddable":true,"href":"https:\/\/www.europesays.com\/fr\/wp-json\/wp\/v2\/media\/174318"}],"wp:attachment":[{"href":"https:\/\/www.europesays.com\/fr\/wp-json\/wp\/v2\/media?parent=174443"}],"wp:term":[{"taxonomy":"category","embeddable":true,"href":"https:\/\/www.europesays.com\/fr\/wp-json\/wp\/v2\/categories?post=174443"},{"taxonomy":"post_tag","embeddable":true,"href":"https:\/\/www.europesays.com\/fr\/wp-json\/wp\/v2\/tags?post=174443"}],"curies":[{"name":"wp","href":"https:\/\/api.w.org\/{rel}","templated":true}]}}