{"id":174478,"date":"2025-06-13T23:05:10","date_gmt":"2025-06-13T23:05:10","guid":{"rendered":"https:\/\/www.europesays.com\/fr\/174478\/"},"modified":"2025-06-13T23:05:10","modified_gmt":"2025-06-13T23:05:10","slug":"union-europeenne-le-rearmement-aux-antipodes-des-objectifs-environnementaux","status":"publish","type":"post","link":"https:\/\/www.europesays.com\/fr\/174478\/","title":{"rendered":"Union europ\u00e9enne : le r\u00e9armement, aux antipodes des objectifs environnementaux"},"content":{"rendered":"<p><strong>Une \u00e9tude du groupe sp\u00e9cialiste de la comptabilit\u00e9 carbone Greenly rel\u00e8ve une contradiction croissante de la dynamique de r\u00e9armement de l\u2019Europe avec les objectifs de r\u00e9duction de CO2.<\/strong><\/p>\n<p>Les efforts de r\u00e9armement de l\u2019Europe sont d\u00e9ploy\u00e9s en \u201ccontradiction\u201d avec les objectifs environnementaux de l\u2019Union Europ\u00e9enne (UE), notamment les objectifs de r\u00e9duction des \u00e9missions de CO2, selon une \u00e9tude du groupe sp\u00e9cialiste de la comptabilit\u00e9 carbone Greenly, publi\u00e9e jeudi. Greenly d\u00e9nonce une \u00abcontradiction croissante\u00bb des \u00c9tats europ\u00e9ens, qui \u00abrenforcent leurs engagements climatiques, tout en augmentant massivement leurs d\u00e9penses militaires, sans que ces derni\u00e8res soient int\u00e9gr\u00e9es aux objectifs de r\u00e9duction\u00bb.<\/p>\n<p>Face aux tensions g\u00e9opolitiques actuelles, les pays europ\u00e9ens se sont engag\u00e9s \u00e0 renforcer leur d\u00e9fense, avec notamment le plan \u00abReArm Europe\u00bb, destin\u00e9 \u00e0 mobiliser 800 milliards d\u2019euros et qui repr\u00e9sente 150 Mt de CO2 (m\u00e9gatonnes ou millions de tonnes de dioxyde de carbone) \u00e9mis, soit l\u2019\u00e9quivalent des \u00e9missions annuelles des Pays-Bas, rel\u00e8ve l\u2019\u00e9tude.<\/p>\n<p>Ces investissements militaires g\u00e9n\u00e8rent \u00abune empreinte carbone croissante, pourtant absente des bilans climatiques nationaux\u00bb, souligne Greenly, rappelant que pour cause de s\u00e9curit\u00e9 nationale, les accords internationaux tels que le Protocole de Kyoto ou l\u2019Accord de Paris n\u2019obligent pas le reporting des \u00e9missions militaires. R\u00e9sultat : des donn\u00e9es incompl\u00e8tes, rendant les politiques climatiques inefficaces, selon le groupe.<\/p>\n<p>En 2024, les d\u00e9penses militaires de l\u2019Otan s\u2019\u00e9l\u00e8vent \u00e0 1.470 milliards de dollars, soit 256 millions de tonnes de CO2e (\u00e9quivalent dioxyde de carbone) estim\u00e9es, soit cinq fois les \u00e9missions annuelles de la Gr\u00e8ce en 2023 (51,67 Mt de CO2e), estime-t-on.<\/p>\n<p>Par ailleurs, la fabrication de mat\u00e9riel militaire engendre \u00e9galement des \u00e9missions. \u00c0 titre d\u2019exemple, un avion de chasse F-35, command\u00e9 par plusieurs pays europ\u00e9ens, \u00e9met environ 15 tonnes de CO2e par heure de vol, soit l\u2019\u00e9quivalent des \u00e9missions annuelles de gaz \u00e0 effet de serre de deux Fran\u00e7ais (9,8 tCO2e\/an), poursuit l\u2019\u00e9tude.<\/p>\n<p>\u00abSans r\u00e9forme significative, l\u2019Europe risque de s\u2019enfermer dans un mod\u00e8le \u00e0 fortes \u00e9missions pour les d\u00e9cennies \u00e0 venir\u00bb, alerte Alexis Normand, PDG et cofondateur de Greenly, notant que les niveaux de gaz \u00e0 effet de serre continuent d\u2019augmenter \u00abalors qu\u2019ils devraient d\u00e9j\u00e0 diminuer pour \u00e9viter le pire des sc\u00e9narios de r\u00e9chauffement de la plan\u00e8te\u00bb.<\/p>\n<p>Sami Nemli avec agences \/ Les Inspirations \u00c9CO<\/p>\n","protected":false},"excerpt":{"rendered":"Une \u00e9tude du groupe sp\u00e9cialiste de la comptabilit\u00e9 carbone Greenly rel\u00e8ve une contradiction croissante de la dynamique de&hellip;\n","protected":false},"author":2,"featured_media":174479,"comment_status":"","ping_status":"","sticky":false,"template":"","format":"standard","meta":{"footnotes":""},"categories":[1586],"tags":[11,21947,1777,674,1779,1011,27,12,25,1778,364],"class_list":{"0":"post-174478","1":"post","2":"type-post","3":"status-publish","4":"format-standard","5":"has-post-thumbnail","7":"category-europe","8":"tag-actualites","9":"tag-co2","10":"tag-eu","11":"tag-europe","12":"tag-european-union","13":"tag-fr","14":"tag-france","15":"tag-news","16":"tag-republique-francaise","17":"tag-ue","18":"tag-union-europeenne"},"share_on_mastodon":{"url":"https:\/\/pubeurope.com\/@fr\/114678564367139683","error":""},"_links":{"self":[{"href":"https:\/\/www.europesays.com\/fr\/wp-json\/wp\/v2\/posts\/174478","targetHints":{"allow":["GET"]}}],"collection":[{"href":"https:\/\/www.europesays.com\/fr\/wp-json\/wp\/v2\/posts"}],"about":[{"href":"https:\/\/www.europesays.com\/fr\/wp-json\/wp\/v2\/types\/post"}],"author":[{"embeddable":true,"href":"https:\/\/www.europesays.com\/fr\/wp-json\/wp\/v2\/users\/2"}],"replies":[{"embeddable":true,"href":"https:\/\/www.europesays.com\/fr\/wp-json\/wp\/v2\/comments?post=174478"}],"version-history":[{"count":0,"href":"https:\/\/www.europesays.com\/fr\/wp-json\/wp\/v2\/posts\/174478\/revisions"}],"wp:featuredmedia":[{"embeddable":true,"href":"https:\/\/www.europesays.com\/fr\/wp-json\/wp\/v2\/media\/174479"}],"wp:attachment":[{"href":"https:\/\/www.europesays.com\/fr\/wp-json\/wp\/v2\/media?parent=174478"}],"wp:term":[{"taxonomy":"category","embeddable":true,"href":"https:\/\/www.europesays.com\/fr\/wp-json\/wp\/v2\/categories?post=174478"},{"taxonomy":"post_tag","embeddable":true,"href":"https:\/\/www.europesays.com\/fr\/wp-json\/wp\/v2\/tags?post=174478"}],"curies":[{"name":"wp","href":"https:\/\/api.w.org\/{rel}","templated":true}]}}