{"id":174483,"date":"2025-06-13T23:08:09","date_gmt":"2025-06-13T23:08:09","guid":{"rendered":"https:\/\/www.europesays.com\/fr\/174483\/"},"modified":"2025-06-13T23:08:09","modified_gmt":"2025-06-13T23:08:09","slug":"france-dans-les-medias-prives-les-outrances-des-editorialistes-sur-gaza-scandalisent-les-societes-de-journalistes","status":"publish","type":"post","link":"https:\/\/www.europesays.com\/fr\/174483\/","title":{"rendered":"France: dans les m\u00e9dias priv\u00e9s, les outrances des \u00e9ditorialistes sur Gaza scandalisent les soci\u00e9t\u00e9s de journalistes"},"content":{"rendered":"<p>\n                                                Les multiples outrances et les d\u00e9rapages de chroniqueurs et \u00e9ditorialistes dans les m\u00e9dias priv\u00e9s sont de plus en plus mal accept\u00e9s par les collectifs de journalistes en France.                    <\/p>\n<p>Les soci\u00e9t\u00e9s de journalistes (SDJ) et les syndicats du groupe RMC-BFM ont r\u00e9agi publiquement, en r\u00e9clamant jeudi le retrait de leurs antennes de la chroniqueuse Barbara Lefebvre en raison de ses \u00ab d\u00e9clarations haineuses \u00bb sur <a target=\"_self\" href=\"https:\/\/www.rfi.fr\/fr\/tag\/territoires-palestiniens\/\" rel=\"noopener\"><strong>Gaza<\/strong><\/a>. Cette enseignante et essayiste, qui intervient dans l&rsquo;\u00e9mission Les Grosses T\u00eates, sur RMC, n&rsquo;est pas une inconnue de la r\u00e9daction. En avril 2024, elle avait d\u00e9j\u00e0 d\u00e9clar\u00e9 sur l&rsquo;antenne que les gens du voyage n&rsquo;avaient \u00ab pas les codes de la civilisation \u00bb et qu&rsquo;il fallait les renvoyer au \u00ab pays des gens du voyage \u00bb, ce qui avait valu une mise en garde de l&rsquo;Arcom.<\/p>\n<p>Cette fois, c&rsquo;est un ensemble de propos qui est en cause. D&rsquo;abord sur la cha\u00eene internationale i24 News, en f\u00e9vrier, o\u00f9 elle a estim\u00e9 qu&rsquo;il fallait \u00ab vider la bande de Gaza \u00bb, que \u00ab les civils de Gaza sont autant responsables que les membres du Hamas et du Jihad islamique \u00bb et que \u00ab cela devra \u00eatre pay\u00e9 au prix fort \u00bb. Une sorte d&rsquo;incitation au nettoyage ethnique qui avait entra\u00een\u00e9 une convocation par la direction de RMC. La chroniqueuse avait \u00e9t\u00e9 suspendue une quinzaine de jours. Et voil\u00e0 que le 20 mai, elle s&rsquo;est vant\u00e9e d&rsquo;avoir assist\u00e9 \u00e0 un concert du chanteur isra\u00e9lien Eyal Golan, qui appelle \u00e0 \u00ab effacer Gaza \u00bb. Pour la SDJ de RMC, \u00ab on ne peut plus parler de d\u00e9rapage malencontreux, mais bien d&rsquo;apologie de crime de guerre \u00bb.<\/p>\n<p> Un gala de soutien \u00e0 l&rsquo;arm\u00e9e isra\u00e9lienne\u00a0 <\/p>\n<p>Barbara Lefebvre a aussi particip\u00e9 fin mai \u00e0 un gala\u00a0organis\u00e9 par le publicitaire Franck Tapiro. Elle y a anim\u00e9 un jeu-concours, un quiz morbide, o\u00f9 il s&rsquo;agissait de deviner la proportion de Gazaouis tu\u00e9s par rapport \u00e0 la population. Elle n&rsquo;\u00e9tait d&rsquo;ailleurs pas la seule \u00e0 participer \u00e0 ce gala puisque Laurence Ferrari, de CNews et Europe 1, en \u00e9tait l&rsquo;invit\u00e9e d&rsquo;honneur. On pouvait y retrouver aussi Franz-Olivier Giesbert, du Point, ou encore Gilles-William Goldnadel. Cet avocat et chroniqueur de CNews n&rsquo;a pas cach\u00e9 le fond de sa pens\u00e9e quand il a dit qu&rsquo;entre \u00ab un \u00c9tat juif, occidental, blanc et des terroristes basan\u00e9s, il n&rsquo;y avait pas photo \u00bb.\u00a0<\/p>\n<p> Des d\u00e9clarations qui sont le fait de chroniqueurs ou d&rsquo;\u00e9ditorialistes <\/p>\n<p>On entend souvent sur les cha\u00eenes d&rsquo;info priv\u00e9es des commentateurs qui ne sont que tr\u00e8s rarement tourn\u00e9s vers la d\u00e9fense des Palestiniens. La flottille d&rsquo;aide humanitaire avec Rima Hassan et <a target=\"_self\" href=\"https:\/\/www.rfi.fr\/fr\/tag\/greta-thunberg\/\" rel=\"noopener\"><strong>Greta Thunberg<\/strong><\/a>\u00a0a ainsi \u00e9t\u00e9 suivie, mais aussit\u00f4t discr\u00e9dit\u00e9e par Caroline Fourest, sur la cha\u00eene LCI. Dans le m\u00eame temps, les reporters de terrain et les sp\u00e9cialistes de l&rsquo;international mesurent bien l&rsquo;ampleur des crimes commis par <a target=\"_self\" href=\"https:\/\/www.rfi.fr\/fr\/tag\/isra\u00ebl\/\" rel=\"noopener\"><strong>Isra\u00ebl<\/strong><\/a>. Y compris contre les journalistes pour les emp\u00eacher de t\u00e9moigner.<\/p>\n<p class=\"a-read-more\">\u00c0 lire aussi<a target=\"_self\" href=\"https:\/\/www.rfi.fr\/fr\/podcasts\/reportage-international\/20250608-gaza-972-un-m\u00e9dia-qui-d\u00e9tonne\" class=\"a-read-more__link\" rel=\"noopener\">Reportage international: \u00e0 Gaza, \u00ab+972\u00bb, un m\u00e9dia qui d\u00e9tonne<\/a><\/p>\n","protected":false},"excerpt":{"rendered":"Les multiples outrances et les d\u00e9rapages de chroniqueurs et \u00e9ditorialistes dans les m\u00e9dias priv\u00e9s sont de plus en&hellip;\n","protected":false},"author":2,"featured_media":174484,"comment_status":"","ping_status":"","sticky":false,"template":"","format":"standard","meta":{"footnotes":""},"categories":[4],"tags":[11,17256,3259,1011,27,26418,3261,664,500,12,25,104,3260],"class_list":{"0":"post-174483","1":"post","2":"type-post","3":"status-publish","4":"format-standard","5":"has-post-thumbnail","7":"category-france","8":"tag-actualites","9":"tag-chronique-des-medias","10":"tag-conflit-israelo-palestinien","11":"tag-fr","12":"tag-france","13":"tag-greta-thunberg","14":"tag-guerre-israel-gaza","15":"tag-israel","16":"tag-medias","17":"tag-news","18":"tag-republique-francaise","19":"tag-societe","20":"tag-territoires-palestiniens"},"share_on_mastodon":{"url":"https:\/\/pubeurope.com\/@fr\/114678576159037489","error":""},"_links":{"self":[{"href":"https:\/\/www.europesays.com\/fr\/wp-json\/wp\/v2\/posts\/174483","targetHints":{"allow":["GET"]}}],"collection":[{"href":"https:\/\/www.europesays.com\/fr\/wp-json\/wp\/v2\/posts"}],"about":[{"href":"https:\/\/www.europesays.com\/fr\/wp-json\/wp\/v2\/types\/post"}],"author":[{"embeddable":true,"href":"https:\/\/www.europesays.com\/fr\/wp-json\/wp\/v2\/users\/2"}],"replies":[{"embeddable":true,"href":"https:\/\/www.europesays.com\/fr\/wp-json\/wp\/v2\/comments?post=174483"}],"version-history":[{"count":0,"href":"https:\/\/www.europesays.com\/fr\/wp-json\/wp\/v2\/posts\/174483\/revisions"}],"wp:featuredmedia":[{"embeddable":true,"href":"https:\/\/www.europesays.com\/fr\/wp-json\/wp\/v2\/media\/174484"}],"wp:attachment":[{"href":"https:\/\/www.europesays.com\/fr\/wp-json\/wp\/v2\/media?parent=174483"}],"wp:term":[{"taxonomy":"category","embeddable":true,"href":"https:\/\/www.europesays.com\/fr\/wp-json\/wp\/v2\/categories?post=174483"},{"taxonomy":"post_tag","embeddable":true,"href":"https:\/\/www.europesays.com\/fr\/wp-json\/wp\/v2\/tags?post=174483"}],"curies":[{"name":"wp","href":"https:\/\/api.w.org\/{rel}","templated":true}]}}