{"id":174490,"date":"2025-06-13T23:13:08","date_gmt":"2025-06-13T23:13:08","guid":{"rendered":"https:\/\/www.europesays.com\/fr\/174490\/"},"modified":"2025-06-13T23:13:08","modified_gmt":"2025-06-13T23:13:08","slug":"a-suivre-sur-youtube-mulhouse-challans-pour-le-titre-de-champion-de-france-de-nm1","status":"publish","type":"post","link":"https:\/\/www.europesays.com\/fr\/174490\/","title":{"rendered":"A suivre sur YouTube Mulhouse-Challans pour le titre de champion de France de NM1"},"content":{"rendered":"<p>Apr\u00e8s avoir \u00e9limin\u00e9 le SCABB puis les Sables d\u2019Olonne Mulhouse b\u00e9n\u00e9ficie d\u2019un momentum plus que favorable (9 victoires sur les 10 derniers matchs). De son c\u00f4t\u00e9 Challans est pass\u00e9 pr\u00e8s de l\u2019accession directe en fin de deuxi\u00e8me phase, et c&rsquo;est la meilleure attaque du championnat (84,5 points par match).<\/p>\n<p>\u00a0<\/p>\n<p>\u00a0<\/p>\n<p><strong>Le programme :<\/strong><\/p>\n<p>Match aller &#8211; Vendredi 13 juin 2025 \u00e0 20H00<\/p>\n<p>Mulhouse Basket Agglom\u00e9ration (4) &#8211; Vend\u00e9e Challans Basket (2)<\/p>\n<p>Match retour &#8211; Vendredi 20 juin 2025 \u00e0 20H00<\/p>\n<p>Vend\u00e9e Challans Basket (2) &#8211; Mulhouse Basket Agglom\u00e9ration (4)<\/p>\n<p>Belle si n\u00e9c\u00e9ssaire le dimanche 22 juin \u00e0 15H30.<\/p>\n<p>L\u2019int\u00e9gralit\u00e9 des rencontres des Finales de Nationale Masculine 1 2025 seront \u00e0 suivre en direct sur\u00a0<a href=\"https:\/\/www.youtube.com\/@FFBB_officiel\/streams?ref=basketeurope.com\" target=\"_blank\" rel=\"noopener\">la cha\u00eene YouTube de la F\u00e9d\u00e9ration Fran\u00e7aise de Basketball.<\/a><\/p>\n","protected":false},"excerpt":{"rendered":"Apr\u00e8s avoir \u00e9limin\u00e9 le SCABB puis les Sables d\u2019Olonne Mulhouse b\u00e9n\u00e9ficie d\u2019un momentum plus que favorable (9 victoires&hellip;\n","protected":false},"author":2,"featured_media":174491,"comment_status":"","ping_status":"","sticky":false,"template":"","format":"standard","meta":{"footnotes":""},"categories":[1414],"tags":[1465,1464,1011,27,60],"class_list":{"0":"post-174490","1":"post","2":"type-post","3":"status-publish","4":"format-standard","5":"has-post-thumbnail","7":"category-basket","8":"tag-basket","9":"tag-basketball","10":"tag-fr","11":"tag-france","12":"tag-sports"},"share_on_mastodon":{"url":"https:\/\/pubeurope.com\/@fr\/114678595861025028","error":""},"_links":{"self":[{"href":"https:\/\/www.europesays.com\/fr\/wp-json\/wp\/v2\/posts\/174490","targetHints":{"allow":["GET"]}}],"collection":[{"href":"https:\/\/www.europesays.com\/fr\/wp-json\/wp\/v2\/posts"}],"about":[{"href":"https:\/\/www.europesays.com\/fr\/wp-json\/wp\/v2\/types\/post"}],"author":[{"embeddable":true,"href":"https:\/\/www.europesays.com\/fr\/wp-json\/wp\/v2\/users\/2"}],"replies":[{"embeddable":true,"href":"https:\/\/www.europesays.com\/fr\/wp-json\/wp\/v2\/comments?post=174490"}],"version-history":[{"count":0,"href":"https:\/\/www.europesays.com\/fr\/wp-json\/wp\/v2\/posts\/174490\/revisions"}],"wp:featuredmedia":[{"embeddable":true,"href":"https:\/\/www.europesays.com\/fr\/wp-json\/wp\/v2\/media\/174491"}],"wp:attachment":[{"href":"https:\/\/www.europesays.com\/fr\/wp-json\/wp\/v2\/media?parent=174490"}],"wp:term":[{"taxonomy":"category","embeddable":true,"href":"https:\/\/www.europesays.com\/fr\/wp-json\/wp\/v2\/categories?post=174490"},{"taxonomy":"post_tag","embeddable":true,"href":"https:\/\/www.europesays.com\/fr\/wp-json\/wp\/v2\/tags?post=174490"}],"curies":[{"name":"wp","href":"https:\/\/api.w.org\/{rel}","templated":true}]}}