{"id":174500,"date":"2025-06-13T23:18:10","date_gmt":"2025-06-13T23:18:10","guid":{"rendered":"https:\/\/www.europesays.com\/fr\/174500\/"},"modified":"2025-06-13T23:18:10","modified_gmt":"2025-06-13T23:18:10","slug":"elsa-bois-bye-bye-danse-avec-les-stars-elle-se-lance-dans-la-comedie-et-debarque-dans-ici-tout-commence","status":"publish","type":"post","link":"https:\/\/www.europesays.com\/fr\/174500\/","title":{"rendered":"Elsa Bois, bye-bye \u00ab\u00a0Danse avec les stars\u00a0\u00bb ? Elle se lance dans la com\u00e9die et d\u00e9barque dans \u00ab\u00a0Ici tout commence\u00a0\u00bb"},"content":{"rendered":"<p>Tout le monde conna\u00eet ses talents en danse, mais certains ignorent peut-\u00eatre ses talents de com\u00e9dienne. D\u2019ici quelques semaines, ils pourront justement les d\u00e9couvrir. En effet, <a href=\"https:\/\/vsd.fr\/tag\/elsa-bois\/\" target=\"_blank\" rel=\"noopener\">Elsa Bois<\/a>, danseuse embl\u00e9matique de <strong>\u00ab\u00a0Danse avec les stars\u00a0\u00bb,<\/strong> parvenue en finale avec <a href=\"https:\/\/www.public.fr\/tag\/florent-manaudou\" target=\"_blank\" rel=\"noopener\">Florent Manaudou<\/a> cette ann\u00e9e, rejoint le casting de la s\u00e9rie <strong>\u00ab\u00a0Ici tout commence\u00a0\u00bb<\/strong> comme l\u2019indique <a href=\"https:\/\/www.telestar.fr\/serie_tv\/exclu-ici-tout-commence-elsa-bois-rejoint-le-casting-decouvrez-son-personnage-1726956\" target=\"_blank\" rel=\"noopener\">T\u00e9l\u00e9star<\/a> ce vendredi 13 juin 2025.<\/p>\n<p>Reste \u00e0 savoir si ce nouveau \u00ab\u00a0travail\u00a0\u00bb va la conduire \u00e0 quitter le t\u00e9l\u00e9crochet de la Une pr\u00e9sent\u00e9 par Camille Combal. Pour rappel, cela fait \u00e0 pr\u00e9sent 5 ans que l\u2019ancienne compagne de Michou officie dans l\u2019\u00e9mission de danse.\u00a0<\/p>\n<p>Danseuse devenue embl\u00e9matique dans \u00ab\u00a0Danse avec les stars\u00a0\u00bb<\/p>\n<p>Les t\u00e9l\u00e9spectateurs ont pu la d\u00e9couvrir en 2021 pour la premi\u00e8re fois. Pour sa premi\u00e8re participation, elle a r\u00e9ussi \u00e0 se hisser en finale du programme avec son partenaire Michou, qui deviendra par la suite son compagnon.<\/p>\n<p>Un an plus tard, en 2022, elle finit \u00e0 la quatri\u00e8me place avec l\u2019acteur Thomas Da Costa, notamment connu pour son r\u00f4le dans Ici tout commence, la s\u00e9rie que s\u2019appr\u00eate \u00e0 rejoindre Elsa Bois. <\/p>\n<p>Enfin, cette dernier terminer septi\u00e8me aux c\u00f4t\u00e9s de Black M en 2021 et deuxi\u00e8me, cette ann\u00e9e, <a href=\"https:\/\/www.public.fr\/florent-manaudou-en-depression-pendant-danse-avec-les-stars-il-evoque-des-moments-compliques-depuis-sa-rencontre-avec-elsa-bois\" target=\"_blank\" rel=\"noopener\">avec Florent Manaudou.\u00a0<\/a><\/p>\n<p>Elsa Bois d\u00e9barque dans \u00ab\u00a0Ici tout commence\u00a0\u00bb<\/p>\n<p>Malgr\u00e9 son agenda charg\u00e9, Elsa Bois semble avoir trouv\u00e9 le temps de se lancer dans la com\u00e9die comme le r\u00e9v\u00e8lent nos confr\u00e8res de T\u00e9l\u00e9star ce vendredi 13 juin 2025. En effet, le m\u00e9dia assure que <strong>la jeune danseuse rejoint officiellement le casting de la s\u00e9rie de TF1.<\/strong><\/p>\n<p>\u00ab\u00a0Pour ce tout premier r\u00f4le \u00e0 la t\u00e9l\u00e9vision, la danseuse de 24 ans se glisse dans la peau de\u00a0Ninon Becker, la petite s\u0153ur de P\u00e9n\u00e9lope\u00a0(Laurence Facelina). D\u00e9crite comme une \u00ab\u00a0Miss-je-sais-tout attachante\u00a0\u00bb, Ninon est un personnage dot\u00e9 d\u2019une infinie gentillesse et d\u2019une \u00e2me solidaire.\u00a0Son c\u00f4t\u00e9 premi\u00e8re de la classe ne plaira toutefois pas \u00e0 tout le monde\u00a0au sein de l\u2019Institut\u00a0\u00bb, indique T\u00e9l\u00e9star au sujet du r\u00f4le d\u2019Elsa Bois.\u00a0<\/p>\n<p>Toujours d\u2019apr\u00e8s nos confr\u00e8res, le personnage interpr\u00e9t\u00e9 par la danseuse de <strong>Danse avec les stars<\/strong> esp\u00e8re \u00ab\u00a0rencontrer le prince charmant\u00a0\u00bb. <strong>La jeune artiste d\u00e9butera le tournage le 17 juin prochain<\/strong>. Et pour les fans de la premi\u00e8re heure de la s\u00e9rie de la Une, sachez que cette arriv\u00e9e \u00ab\u00a0co\u00efncide avec le\u00a0retour de Fabian Wolfrom, qui reprendra le r\u00f4le de Louis Guinot dans la quotidienne le temps d\u2019une arche\u00a0\u00bb, pr\u00e9cisent nos confr\u00e8res.\u00a0<\/p>\n<p>      Mentionn\u00e9s dans cet article<\/p>\n<p>\u00c0 lire aussi<\/p>\n","protected":false},"excerpt":{"rendered":"Tout le monde conna\u00eet ses talents en danse, mais certains ignorent peut-\u00eatre ses talents de com\u00e9dienne. D\u2019ici quelques&hellip;\n","protected":false},"author":2,"featured_media":174501,"comment_status":"","ping_status":"","sticky":false,"template":"","format":"standard","meta":{"footnotes":""},"categories":[1359],"tags":[194,58,7744,59,925,1011,27,620,973],"class_list":{"0":"post-174500","1":"post","2":"type-post","3":"status-publish","4":"format-standard","5":"has-post-thumbnail","7":"category-people","8":"tag-danse-avec-les-stars","9":"tag-divertissement","10":"tag-elsa-bois","11":"tag-entertainment","12":"tag-florent-manaudou","13":"tag-fr","14":"tag-france","15":"tag-ici-tout-commence","16":"tag-people"},"share_on_mastodon":{"url":"https:\/\/pubeurope.com\/@fr\/114678615484124145","error":""},"_links":{"self":[{"href":"https:\/\/www.europesays.com\/fr\/wp-json\/wp\/v2\/posts\/174500","targetHints":{"allow":["GET"]}}],"collection":[{"href":"https:\/\/www.europesays.com\/fr\/wp-json\/wp\/v2\/posts"}],"about":[{"href":"https:\/\/www.europesays.com\/fr\/wp-json\/wp\/v2\/types\/post"}],"author":[{"embeddable":true,"href":"https:\/\/www.europesays.com\/fr\/wp-json\/wp\/v2\/users\/2"}],"replies":[{"embeddable":true,"href":"https:\/\/www.europesays.com\/fr\/wp-json\/wp\/v2\/comments?post=174500"}],"version-history":[{"count":0,"href":"https:\/\/www.europesays.com\/fr\/wp-json\/wp\/v2\/posts\/174500\/revisions"}],"wp:featuredmedia":[{"embeddable":true,"href":"https:\/\/www.europesays.com\/fr\/wp-json\/wp\/v2\/media\/174501"}],"wp:attachment":[{"href":"https:\/\/www.europesays.com\/fr\/wp-json\/wp\/v2\/media?parent=174500"}],"wp:term":[{"taxonomy":"category","embeddable":true,"href":"https:\/\/www.europesays.com\/fr\/wp-json\/wp\/v2\/categories?post=174500"},{"taxonomy":"post_tag","embeddable":true,"href":"https:\/\/www.europesays.com\/fr\/wp-json\/wp\/v2\/tags?post=174500"}],"curies":[{"name":"wp","href":"https:\/\/api.w.org\/{rel}","templated":true}]}}