{"id":174504,"date":"2025-06-13T23:21:19","date_gmt":"2025-06-13T23:21:19","guid":{"rendered":"https:\/\/www.europesays.com\/fr\/174504\/"},"modified":"2025-06-13T23:21:19","modified_gmt":"2025-06-13T23:21:19","slug":"quelle-celebrite-se-cachait-sous-le-costume-du-bison-et-a-ete-eliminee-ce-vendredi-13-juin","status":"publish","type":"post","link":"https:\/\/www.europesays.com\/fr\/174504\/","title":{"rendered":"Quelle c\u00e9l\u00e9brit\u00e9 se cachait sous le costume du Bison et a \u00e9t\u00e9 \u00e9limin\u00e9e ce vendredi 13 juin ?"},"content":{"rendered":"<p>Un nouveau candidat s&rsquo;est d\u00e9masqu\u00e9 dans Mask Singer, ce vendredi 13 juin 2025. D\u00e9couvrez quel personnage a d\u00e9voil\u00e9 son identit\u00e9 \u00e0 la veille de la demi-finale du jeu !<\/p>\n<p>L&rsquo;enqu\u00eate est sur le point de se terminer dans Mask Singer ! Ils ne sont d\u00e9sormais plus que cinq \u00e0 pouvoir pr\u00e9tendre \u00e0 la victoire dans le jeu de TF1. La semaine derni\u00e8re, deux candidats ont \u00e9t\u00e9 \u00e9limin\u00e9s par le public. C&rsquo;est d&rsquo;abord <a href=\"https:\/\/www.programme-tv.net\/news\/tv\/380591-mask-singer-2025-quelle-celebrite-se-cachait-sous-le-costume-de-la-porcelaine-et-a-ete-eliminee-ce-vendredi-6-juin\/\" data-api-deeplink=\"teleloisirs:\/\/news\/380591\" target=\"_blank\" rel=\"noopener\">la Porcelaine, arriv\u00e9e en cours de saison<\/a>, qui s&rsquo;est d\u00e9masqu\u00e9e. Comme l&rsquo;avaient devin\u00e9 les enqu\u00eateurs depuis quelques semaines, il s&rsquo;agissait bien de <a href=\"https:\/\/www.programme-tv.net\/news\/tv\/380743-il-ny-avait-rien-de-truque-michael-gregorio-la-porcelaine-dans-mask-singer-repond-aux-rumeurs-de-triche\/\" data-api-deeplink=\"teleloisirs:\/\/news\/380743\" target=\"_blank\" rel=\"noopener\">l&rsquo;imitateur Michael Gregorio<\/a>. Laurent Ruquier, son producteur, l&rsquo;avait m\u00eame kabuqu\u00e9. C&rsquo;est ensuite <a href=\"https:\/\/www.programme-tv.net\/news\/tv\/380610-mask-singer-2025-quelle-celebrite-se-cachait-sous-le-costume-du-brocoli-et-a-ete-eliminee-ce-vendredi-6-juin\/\" data-api-deeplink=\"teleloisirs:\/\/news\/380610\" target=\"_blank\" rel=\"noopener\">le Brocoli qui a r\u00e9v\u00e9l\u00e9 son identit\u00e9<\/a>. Ce candidat avait donn\u00e9 plus de fil \u00e0 retordre aux fins limiers du programme.<a href=\"https:\/\/www.programme-tv.net\/news\/tv\/380891-lebouseuh-le-brocoli-elimine-de-mask-singer-raconte-un-incident-survenu-sur-le-plateau-jaurais-pu-perdre-le-masque\/\" data-api-deeplink=\"teleloisirs:\/\/news\/380891\" target=\"_blank\" rel=\"noopener\"> C&rsquo;est le youtoubeur LeBouseuh qui avait endoss\u00e9 l&rsquo;identit\u00e9 du l\u00e9gume.<\/a><\/p>\n<p>Un nouvel enqu\u00eateur myst\u00e8re a rejoint le jury de Mask Singer<\/p>\n<p>Apr\u00e8s avoir c\u00e9l\u00e9br\u00e9 les ann\u00e9es 90 puis rendu hommage \u00e0 la saga Harry Potter, Mask Singer s&rsquo;est mis en mode karaok\u00e9 ce vendredi 13 juin 2025 pour le plus grand plaisir de Camille Combal. Dans leur ultimes recherches, Kev Adams, Chantal Ladesou, Elodie Poux et Laurent Ruquier ont pu compter sur l&rsquo;aide d&rsquo;un nouvel enqu\u00eateur myst\u00e8re. Apr\u00e8s <a href=\"https:\/\/www.programme-tv.net\/biographie\/136618-ducret-arnaud\/\" data-link-people=\"c6ccd587-fb2e-4cc2-accb-79e36dc93d94\" target=\"_blank\" rel=\"noopener\">Arnaud Ducret<\/a> qui avait rev\u00eatu le costume du Hamburger et <a href=\"https:\/\/www.programme-tv.net\/news\/tv\/380611-mask-singer-cristina-cordula-fait-une-annonce-inattendue-dans-l-emission\/\" data-api-deeplink=\"teleloisirs:\/\/news\/380611\" target=\"_blank\" rel=\"noopener\">Cristina Cordula qui avait fait une grande annonce<\/a>, <b>c&rsquo;est Jarry, cach\u00e9 sous le d\u00e9guisement du Pilote, <\/b>qui a accept\u00e9 de se pr\u00eater \u00e0 l&rsquo;exp\u00e9rience. La majorit\u00e9 des candidats encore en course a d\u00e9j\u00e0 \u00e9t\u00e9 reconnue par les enqu\u00eateurs. <a href=\"https:\/\/www.programme-tv.net\/news\/tv\/378068-pas-difficile-a-deviner-on-reconnait-sa-voix-qui-est-le-cygne-de-mask-singer-les-telespectateurs-sont-persuades-de-savoir-qui-se-cache-sous-le-costume\/\" data-api-deeplink=\"teleloisirs:\/\/news\/378068\" target=\"_blank\" rel=\"noopener\">La chanteuse Anne Sila se cacherait sous le masque du Cygne<\/a>, tandis que le com\u00e9dien <a href=\"https:\/\/www.programme-tv.net\/news\/tv\/378568-qui-est-la-vache-dans-mask-singer-les-internautes-pensent-avoir-deja-trouve-la-star-cachee-sous-ce-costume\/\" data-api-deeplink=\"teleloisirs:\/\/news\/378568\" target=\"_blank\" rel=\"noopener\">Pierre-Fran\u00e7ois Martin-Laval dit PEF serait la fac\u00e9tieuse Vache<\/a>. Les enqu\u00eateurs ont, en revanche, toujours des doutes sur l&rsquo;identit\u00e9 du Bison, du <a href=\"https:\/\/www.programme-tv.net\/news\/tv\/378031-mask-singer-2025-qui-se-cache-derriere-le-costume-du-chaton-les-premiers-indices-et-nos-pronostics\/\" data-api-deeplink=\"teleloisirs:\/\/news\/378031\" target=\"_blank\" rel=\"noopener\">Chaton<\/a> ou de la Girafe, m\u00eame si quelques certitudes commencent \u00e0 se dessiner \u00e0 la veille de la demi-finale.<\/p>\n<p>                        Qui se cachait sous le costume du Bison et a \u00e9t\u00e9 d\u00e9masqu\u00e9 ce vendredi 13 juin 2025 dans Mask Singer ?<\/p>\n<p>Au terme de la soir\u00e9e, mis en ballotage face au<b> Chaton, le Bison <\/b>a \u00e9t\u00e9 contraint de se d\u00e9masquer. Comme l&rsquo;avaient suppos\u00e9 les enqu\u00eateurs, <b>c&rsquo;est bien <\/b><a href=\"https:\/\/www.programme-tv.net\/biographie\/418021-sargue-damien\/\" data-link-people=\"d9e8de19-6ba8-4c8a-a4bb-c35e067161af\" target=\"_blank\" rel=\"noopener\"><b>Damien Sargue<\/b><\/a><b> qui se cachait sous ce d\u00e9guisement. <\/b>Plusieurs indices leur ont permis de reconna\u00eetre le Bison, notamment le mot \u00ab\u00a0amour\u00a0\u00bb revenu \u00e0 plusieurs reprises dans les magn\u00e9tos, qui faisait r\u00e9f\u00e9rence \u00e0 la com\u00e9die musicale qui l&rsquo;a r\u00e9v\u00e9l\u00e9. La Girafe, le Cygne, la Vache et le Chaton seront, eux, en demi-finale.<\/p>\n<p><img decoding=\"async\" src=\"https:\/\/www.europesays.com\/fr\/wp-content\/uploads\/2025\/06\/1749856879_151_thumbnail.jpg\" alt=\"\" data-id=\"\"\/>Capture TF1<\/p>\n","protected":false},"excerpt":{"rendered":"Un nouveau candidat s&rsquo;est d\u00e9masqu\u00e9 dans Mask Singer, ce vendredi 13 juin 2025. D\u00e9couvrez quel personnage a d\u00e9voil\u00e9&hellip;\n","protected":false},"author":2,"featured_media":174505,"comment_status":"","ping_status":"","sticky":false,"template":"","format":"standard","meta":{"footnotes":""},"categories":[1356],"tags":[193,6788,244,58,59,1011,27,6787,25363,1759,17474,5983,17475,17473,252,199,2175,1364,6789],"class_list":{"0":"post-174504","1":"post","2":"type-post","3":"status-publish","4":"format-standard","5":"has-post-thumbnail","7":"category-television","8":"tag-camille-combal","9":"tag-chantal-ladesou","10":"tag-commentaire","11":"tag-divertissement","12":"tag-entertainment","13":"tag-fr","14":"tag-france","15":"tag-kev-adams","16":"tag-lenquu00eate-continue","17":"tag-laurent-ruquier","18":"tag-lenquu00eate-continue-e01-1098702566","19":"tag-mask-singer","20":"tag-mask-singer-02062023-2110-tf1","21":"tag-mask-singer-e01-1098702519","22":"tag-television","23":"tag-tf1","24":"tag-tl-story","25":"tag-tv","26":"tag-u00c9lodie-poux"},"share_on_mastodon":{"url":"https:\/\/pubeurope.com\/@fr\/114678627464575854","error":""},"_links":{"self":[{"href":"https:\/\/www.europesays.com\/fr\/wp-json\/wp\/v2\/posts\/174504","targetHints":{"allow":["GET"]}}],"collection":[{"href":"https:\/\/www.europesays.com\/fr\/wp-json\/wp\/v2\/posts"}],"about":[{"href":"https:\/\/www.europesays.com\/fr\/wp-json\/wp\/v2\/types\/post"}],"author":[{"embeddable":true,"href":"https:\/\/www.europesays.com\/fr\/wp-json\/wp\/v2\/users\/2"}],"replies":[{"embeddable":true,"href":"https:\/\/www.europesays.com\/fr\/wp-json\/wp\/v2\/comments?post=174504"}],"version-history":[{"count":0,"href":"https:\/\/www.europesays.com\/fr\/wp-json\/wp\/v2\/posts\/174504\/revisions"}],"wp:featuredmedia":[{"embeddable":true,"href":"https:\/\/www.europesays.com\/fr\/wp-json\/wp\/v2\/media\/174505"}],"wp:attachment":[{"href":"https:\/\/www.europesays.com\/fr\/wp-json\/wp\/v2\/media?parent=174504"}],"wp:term":[{"taxonomy":"category","embeddable":true,"href":"https:\/\/www.europesays.com\/fr\/wp-json\/wp\/v2\/categories?post=174504"},{"taxonomy":"post_tag","embeddable":true,"href":"https:\/\/www.europesays.com\/fr\/wp-json\/wp\/v2\/tags?post=174504"}],"curies":[{"name":"wp","href":"https:\/\/api.w.org\/{rel}","templated":true}]}}