{"id":174514,"date":"2025-06-13T23:26:10","date_gmt":"2025-06-13T23:26:10","guid":{"rendered":"https:\/\/www.europesays.com\/fr\/174514\/"},"modified":"2025-06-13T23:26:10","modified_gmt":"2025-06-13T23:26:10","slug":"pour-son-film-indomptables-thomas-ngijol-a-ete-epaule-par-yannick-noah-au-cameroun-son-grand-frere","status":"publish","type":"post","link":"https:\/\/www.europesays.com\/fr\/174514\/","title":{"rendered":"Pour son film \u00ab\u00a0Indomptables\u00a0\u00bb, Thomas Ngijol a \u00e9t\u00e9 \u00e9paul\u00e9 par Yannick Noah au Cameroun, son \u00ab\u00a0grand fr\u00e8re\u00a0\u00bb"},"content":{"rendered":"<p>        <img decoding=\"async\" loading=\"lazy\" src=\"https:\/\/www.europesays.com\/fr\/wp-content\/uploads\/2025\/06\/34ab9f4_upload-1-tr2znzoe9vbl-ngijol.png\"  width=\"728\" height=\"410\" alt=\"Thomas Ngijol sur le plateau de l\u2019\u00e9mission C \u00e0 vous pour son film \u00ab\u00a0Indomptables\u00a0\u00bb, le vendredi 13\u00a0juin 2025.\"\/>  <\/p>\n<p>Capture d\u2019\u00e9cran France T\u00e9l\u00e9visions<\/p>\n<p>Thomas Ngijol sur le plateau de l\u2019\u00e9mission C \u00e0 vous pour son film \u00ab\u00a0Indomptables\u00a0\u00bb, le vendredi 13\u00a0juin 2025.<\/p>\n<p class=\"asset asset-text\">CINEMA &#8211; C\u2019est un film bien diff\u00e9rent que le registre o\u00f9 on le conna\u00eet habituellement. Avec Indomptables, sorti en salles ce mercredi 11\u00a0juin, <a href=\"https:\/\/www.huffingtonpost.fr\/culture\/article\/broute-thomas-ngijol-se-joue-des-cliches-sur-les-livreurs-de-colis_192116.html\" rel=\"nofollow noopener\" target=\"_blank\">Thomas Ngijol <\/a>d\u00e9laisse le registre <a href=\"https:\/\/www.huffingtonpost.fr\/culture\/article\/la-comedie-romantique-10-bonnes-raisons-de-te-larguer-aura-droit-a-une-suite-et-son-realisateur-veut-aller-plus-loin_249719.html\" rel=\"nofollow noopener\" target=\"_blank\">comique <\/a>auquel il nous avait habitu\u00e9s pour signer un polar intense sur les violences qui traversent la soci\u00e9t\u00e9 camerounaise.<\/p>\n<p class=\"asset asset-text\">Celui qui s\u2019\u00e9tait r\u00e9v\u00e9l\u00e9 dans le Jamel Comedy Club s\u2019est confi\u00e9 sur le plateau de C \u00e0 vous sur les coulisses de ce film, dans lequel il incarne \u00e9galement le personnage principal. Et notamment sur l\u2019aide cruciale d\u2019une personne\u00a0: Yannick Noah. \u00ab\u00a0(Il) a vraiment \u00e9t\u00e9 un grand fr\u00e8re sur ce film. On a tourn\u00e9 beaucoup de sc\u00e8nes dans son village d\u2019Etoudi, \u00e0 Yaound\u00e9. Il m\u2019a ouvert beaucoup de portes.\u00a0\u00bb explique Thomas Ngijol, qui raconte m\u00eame qu\u2019il \u00e9tait \u00ab\u00a0log\u00e9 l\u00e0-bas\u00a0\u00bb.<\/p>\n<p class=\"asset asset-text\">Celui qui signe ici son quatri\u00e8me film, mais son premier polar, rapporte l\u2019influence du chanteur et ancien champion de tennis, devenu chef de ce village d\u2019Etoudi \u00e0 la mort de son p\u00e8re, en 2017. \u00ab\u00a0On peut \u00eatre chef du village et ne pas \u00eatre agr\u00e9able. Mais voil\u00e0, c\u2019est un chef agr\u00e9able, c\u2019est une figure. Moi, c\u2019est vrai que j\u2019ai grandi avec lui. Sans forcer, c\u2019est vraiment un grand fr\u00e8re. Il a quelque chose d\u2019extr\u00eamement bienveillant et \u00e7a m\u2019a fait beaucoup de bien, et c\u2019est quelqu\u2019un que je consid\u00e8re vraiment.\u00a0\u00bb<\/p>\n<p>    \u00ab\u00a0Mon parcours de vie d\u2019homme\u00a0\u00bb    <\/p>\n<p class=\"asset asset-text\">En revenant sur le titre du film, Indomptables, Thomas Ngijol a expliqu\u00e9 que c\u2019est car il pense que \u00ab\u00a0\u00e7a correspond plut\u00f4t bien \u00e0 tous les personnages du film, qui le sont. [&#8230;]\u00a0\u00bb Mais ce nom est aussi \u00ab\u00a0un petit clin d\u2019\u0153il \u00e0 l\u2019\u00e9quipe nationale de football du Cameroun, les Lions indomptables\u00a0\u00bb. Sans oublier une r\u00e9f\u00e9rence plus personnelle\u00a0: \u00ab\u00a0Je dois l\u2019avouer, Indomptables aussi parce que \u00e7a me correspond un peu. Moi, j\u2019aime bien l\u2019id\u00e9e d\u2019\u00eatre un peu libre, d\u2019\u00eatre un peu sauvage et de faire ce que j\u2019ai envie de faire.\u00a0\u00bb<\/p>\n<p> La lecture de ce contenu est susceptible d\u2019entra\u00eener un d\u00e9p\u00f4t de cookies de la part de l\u2019op\u00e9rateur tiers qui l\u2019h\u00e9berge. Compte-tenu des choix que vous avez exprim\u00e9s en mati\u00e8re de d\u00e9p\u00f4t de cookies, nous avons bloqu\u00e9 l\u2019affichage de ce contenu. Si vous souhaitez y acc\u00e9der, vous devez accepter la cat\u00e9gorie de cookies \u201cContenus tiers\u201d en cliquant sur le bouton ci-dessous. <\/p>\n<p> Lire la Vid\u00e9o        <\/p>\n<p class=\"asset asset-text\">Alors qu\u2019il incarne lui-m\u00eame le personnage principal du film, un commissaire et p\u00e8re de famille sur les traces des responsables du meurtre d\u2019un policier, Thomas Ngijol explique \u00e9galement \u00e0 quel point ce long-m\u00e9trage retrace son \u00ab\u00a0parcours de vie d\u2019homme\u00a0\u00bb. \u00ab\u00a0J\u2019avais besoin \u00e0 un moment donn\u00e9, de revenir \u00e0 la base, de parler un peu de la filiation, de l\u2019h\u00e9ritage culturel, de mon rapport au p\u00e8re, tout \u00e7a. Et quoi de mieux que de raconter tout \u00e7a directement du Cameroun\u00a0\u00bb, rapporte-t-il.<\/p>\n<p class=\"asset asset-text\">Dans ce film figure finalement \u00ab\u00a0beaucoup d\u2019autobiographie\u00a0\u00bb, explique Thomas Ngijol. \u00ab\u00a0\u00c7a parle un peu de mon rapport \u00e0 mon p\u00e8re, avec mes fr\u00e8res. J\u2019ai eu un p\u00e8re qui \u00e9tait tr\u00e8s dans l\u2019honneur, dans des principes, dans des traditions, et ce n\u2019\u00e9tait pas toujours \u00e9vident\u00a0\u00bb.<\/p>\n","protected":false},"excerpt":{"rendered":"Capture d\u2019\u00e9cran France T\u00e9l\u00e9visions Thomas Ngijol sur le plateau de l\u2019\u00e9mission C \u00e0 vous pour son film \u00ab\u00a0Indomptables\u00a0\u00bb,&hellip;\n","protected":false},"author":2,"featured_media":174515,"comment_status":"","ping_status":"","sticky":false,"template":"","format":"standard","meta":{"footnotes":""},"categories":[8],"tags":[23615,650,251,58,59,1011,27,4747,252],"class_list":{"0":"post-174514","1":"post","2":"type-post","3":"status-publish","4":"format-standard","5":"has-post-thumbnail","7":"category-divertissement","8":"tag-cameroun","9":"tag-cinema","10":"tag-culture","11":"tag-divertissement","12":"tag-entertainment","13":"tag-fr","14":"tag-france","15":"tag-polar","16":"tag-television"},"share_on_mastodon":{"url":"https:\/\/pubeurope.com\/@fr\/114678647079742222","error":""},"_links":{"self":[{"href":"https:\/\/www.europesays.com\/fr\/wp-json\/wp\/v2\/posts\/174514","targetHints":{"allow":["GET"]}}],"collection":[{"href":"https:\/\/www.europesays.com\/fr\/wp-json\/wp\/v2\/posts"}],"about":[{"href":"https:\/\/www.europesays.com\/fr\/wp-json\/wp\/v2\/types\/post"}],"author":[{"embeddable":true,"href":"https:\/\/www.europesays.com\/fr\/wp-json\/wp\/v2\/users\/2"}],"replies":[{"embeddable":true,"href":"https:\/\/www.europesays.com\/fr\/wp-json\/wp\/v2\/comments?post=174514"}],"version-history":[{"count":0,"href":"https:\/\/www.europesays.com\/fr\/wp-json\/wp\/v2\/posts\/174514\/revisions"}],"wp:featuredmedia":[{"embeddable":true,"href":"https:\/\/www.europesays.com\/fr\/wp-json\/wp\/v2\/media\/174515"}],"wp:attachment":[{"href":"https:\/\/www.europesays.com\/fr\/wp-json\/wp\/v2\/media?parent=174514"}],"wp:term":[{"taxonomy":"category","embeddable":true,"href":"https:\/\/www.europesays.com\/fr\/wp-json\/wp\/v2\/categories?post=174514"},{"taxonomy":"post_tag","embeddable":true,"href":"https:\/\/www.europesays.com\/fr\/wp-json\/wp\/v2\/tags?post=174514"}],"curies":[{"name":"wp","href":"https:\/\/api.w.org\/{rel}","templated":true}]}}