{"id":174520,"date":"2025-06-13T23:30:10","date_gmt":"2025-06-13T23:30:10","guid":{"rendered":"https:\/\/www.europesays.com\/fr\/174520\/"},"modified":"2025-06-13T23:30:10","modified_gmt":"2025-06-13T23:30:10","slug":"96-operations-en-cours-et-100-pompiers-actuellement-mobilises","status":"publish","type":"post","link":"https:\/\/www.europesays.com\/fr\/174520\/","title":{"rendered":"96 op\u00e9rations en cours et 100 pompiers actuellement mobilis\u00e9s"},"content":{"rendered":"<p>            Par<br \/>\n        <strong><br \/>\n            <a href=\"https:\/\/actu.fr\/auteur\/christophe\" title=\"Consulter tous les articles de Christophe Rivard\" target=\"_blank\" rel=\"noopener\">Christophe Rivard<\/a><br \/>\n        <\/strong><\/p>\n<p>        Publi\u00e9 le<\/p>\n<p>            13 juin 2025 \u00e0 21h41        <\/p>\n<p>[Mise \u00e0 jour 21h45] : A 21h, 96 interventions ont \u00e9t\u00e9 r\u00e9alis\u00e9es par le SDIS : toitures, inondations et chutes d\u2019arbres. La salle d\u2019appels multiples du SDIS a \u00e9t\u00e9 activ\u00e9e. 80 communes sont impact\u00e9es par des d\u00e9g\u00e2ts mat\u00e9riels. 100 pompiers ont \u00e9t\u00e9 engag\u00e9s. Les communes de Landisacq et Chanu sont particuli\u00e8rement touch\u00e9es. Aucune victime n\u2019est \u00e0 d\u00e9plorer. 3 000 clients sont impact\u00e9s par des coupures d\u2019\u00e9lectricit\u00e9 sur le d\u00e9partement. Les services d\u2019Enedis sont mobilis\u00e9s.<\/p>\n<p class=\" wall-content\">La RD708 est barr\u00e9e au niveau d\u2019Ecorches en raison d\u2019une ligne haute tension tomb\u00e9e sur la route. Une d\u00e9viation est mise en place.\u00a0<\/p>\n<p class=\" wall-content\"><b>M\u00e9t\u00e9o France<\/b> avait pr\u00e9venu. Le <a href=\"https:\/\/actu.fr\/normandie\/orne_61\" target=\"_blank\" rel=\"noopener\">d\u00e9partement de l\u2019Orne<\/a> avait \u00e9t\u00e9 plac\u00e9 en <a href=\"https:\/\/actu.fr\/normandie\/flers_61169\/orages-violents-meteo-france-revoit-ses-previsions-et-place-lorne-en-vigilance-orange_62766908.html\" target=\"_blank\" rel=\"noopener\">vigilance orange aux orages<\/a> d\u00e8s ce vendredi 13\u00a0juin 2025 au matin. Une vigilance qui a \u00e9t\u00e9 compl\u00e9t\u00e9e par l\u2019<a href=\"https:\/\/actu.fr\/normandie\/flers_61169\/orages-violents-rafales-grele-keraunos-voit-rouge-pour-une-grande-partie-de-la-normandie_62768502.html\" target=\"_blank\" rel=\"noopener\">alerte de K\u00e9raunos<\/a>, le site de pr\u00e9vision nationale des risques orageux, qui pla\u00e7ait cet \u00e9pisode <b>en rouge dans sa vigilance<\/b>.<\/p>\n<p>Le pr\u00e9fet de l\u2019Orne a mis en place une cellule de crise<\/p>\n<p class=\" wall-content\">Partout dans le d\u00e9partement, qui est en <b>vigilance orange jusqu\u2019\u00e0 22\u00a0heures<\/b>, de fortes pluies, des vents violents, des <b>chutes de gr\u00ealons<\/b> de plusieurs centim\u00e8tres ont \u00e9t\u00e9 enregistr\u00e9s.<\/p>\n<p class=\" wall-content\">Le ph\u00e9nom\u00e8ne orageux a commenc\u00e9 \u00e0 gagner l\u2019ouest du d\u00e9partement en d\u00e9but d\u2019apr\u00e8s midi suivi de cellules orageuses qui ont touch\u00e9 <a href=\"https:\/\/actu.fr\/normandie\/trun_61494\" target=\"_blank\" rel=\"noopener\">Trun<\/a>, <a href=\"https:\/\/actu.fr\/normandie\/tinchebray-bocage_61486\" target=\"_blank\" rel=\"noopener\">Tinchebray<\/a> et <a href=\"https:\/\/actu.fr\/normandie\/vimoutiers_61508\" target=\"_blank\" rel=\"noopener\">Vimoutiers<\/a>.<\/p>\n<p class=\" wall-content\">C\u2019est pourquoi le pr\u00e9fet de l\u2019Orne a activ\u00e9 la cellule de crise de la pr\u00e9fecture (centre op\u00e9rationnel d\u00e9partemental), afin de suivre l\u2019\u00e9v\u00e9nement et coordonner l\u2019action des diff\u00e9rents services publics mobilis\u00e9s.<\/p>\n<p>Le point \u00e0 20\u00a0heures<\/p>\n<p class=\" wall-content\">\u00c0 19\u2009h\u200945, <b>75 interventions<\/b> ont \u00e9t\u00e9 r\u00e9alis\u00e9es par le SDIS\u2009: toitures, inondations et chutes d\u2019arbres.<\/p>\n<p>Vid\u00e9os : en ce moment sur Actu<\/p>\n<p class=\" wall-content\">4 chefs de groupe et 1 chef de colonne, 1 PC avanc\u00e9 <a href=\"https:\/\/actu.fr\/normandie\/flers_61169\" target=\"_blank\" rel=\"noopener\">du c\u00f4t\u00e9 de Flers<\/a> sont op\u00e9rationnels. <b>88 <\/b><a href=\"https:\/\/actu.fr\/tag\/pompiers\" target=\"_blank\" rel=\"noopener\">sapeurs pompiers<\/a> sont engag\u00e9s. La salle d\u2019appels multiples du SDIS a \u00e9t\u00e9 activ\u00e9e.<\/p>\n<p>    <a href=\"https:\/\/www.facebook.com\/plugins\/post.php?href=https%3A%2F%2Fwww.facebook.com%2FMeteoBasseNormandie%2Fposts%2Fpfbid02TPPnRT7tdwydk9zZgmfbBhBW9gK3cTiSmas87NEX2XQfp1uXz5ms72dMALhoHwdXl&amp;show_text=true&amp;width=350\" title=\"Ouvrie le lien\" target=\"_blank\" rel=\"noopener\">Cliquez ici pour visualiser le contenu<\/a><\/p>\n<ul class=\" wall-content\">\n<li>Une intervention d\u2019ampleur est en cours \u00e0 la <a href=\"https:\/\/actu.fr\/normandie\/lonlay-l-abbaye_61232\/biscuiterie-de-labbaye-nouveaux-locaux-mais-toujours-la-meme-ethique_62394979.html\" target=\"_blank\" rel=\"noopener\">Biscuiterie de l\u2019Abbaye<\/a>, \u00e0 Lonlay-l\u2019Abbaye<b>. 7\u2009000\u00a0m\u00e8tres carr\u00e9s<\/b> sont actuellement sous<b> 4\u00a0cm d\u2019eau <\/b>suite \u00e0 l\u2019effondrement des faux plafonds. Les sapeurs pompiers sont sur place.<\/li>\n<li>Quelques <b>accidents de la circulation<\/b> sont recens\u00e9s avec des d\u00e9g\u00e2ts mat\u00e9riels.<\/li>\n<li>Le <b>r\u00e9seau SNCF fonctionne<\/b> normalement.<\/li>\n<li>Des <b>chutes d\u2019arbres <\/b>et d\u00e9bordements peuvent \u00eatre observ\u00e9s sur les chauss\u00e9es. Les usagers de la route sont appel\u00e9s \u00e0 la plus grande <b>prudence.<\/b><\/li>\n<\/ul>\n<p class=\" wall-content\">Le pr\u00e9fet de l\u2019Orne appelle la population \u00e0 rester vigilante et \u00e0 suivre les conseils de comportement suivants\u2009:<\/p>\n<ul class=\" wall-content\">\n<li>\u00c9loignez-vous des arbres et des cours d\u2019eau\u2009;<\/li>\n<li>Abritez-vous dans un b\u00e2timent en dur\u2009;<\/li>\n<li>Prot\u00e9gez les biens expos\u00e9s au vent ou qui peuvent \u00eatre inond\u00e9s\u2009;<\/li>\n<li>Tenez-vous inform\u00e9 et \u00e9vitez de vous d\u00e9placer\u2009;<\/li>\n<li>\u00c9vitez d\u2019utiliser le t\u00e9l\u00e9phone et les appareils \u00e9lectriques.<\/li>\n<\/ul>\n<p class=\" wall-content\">Suivez toute l\u2019actualit\u00e9 de vos villes et m\u00e9dias favoris en vous inscrivant \u00e0 <a href=\"https:\/\/moncompte.actu.fr\" title=\"D\u00e9couvez Mon Actu\" rel=\"nofollow noopener\" data-trk=\"{&quot;cta&quot;:{&quot;action&quot;:&quot;https:\\\/\\\/moncompte.actu.fr&quot;,&quot;category&quot;:&quot;mon compte&quot;,&quot;from&quot;:&quot;article footer&quot;,&quot;name&quot;:&quot;Mon actu&quot;,&quot;type&quot;:&quot;cta&quot;}}\" target=\"_blank\">Mon Actu<\/a>.<\/p>\n","protected":false},"excerpt":{"rendered":"Par Christophe Rivard Publi\u00e9 le 13 juin 2025 \u00e0 21h41 [Mise \u00e0 jour 21h45] : A 21h, 96&hellip;\n","protected":false},"author":2,"featured_media":174521,"comment_status":"","ping_status":"","sticky":false,"template":"","format":"standard","meta":{"footnotes":""},"categories":[4],"tags":[11,118,1011,27,12,4594,1311,25],"class_list":{"0":"post-174520","1":"post","2":"type-post","3":"status-publish","4":"format-standard","5":"has-post-thumbnail","7":"category-france","8":"tag-actualites","9":"tag-faits-divers","10":"tag-fr","11":"tag-france","12":"tag-news","13":"tag-orages","14":"tag-pompiers","15":"tag-republique-francaise"},"share_on_mastodon":{"url":"https:\/\/pubeurope.com\/@fr\/114678662629842019","error":""},"_links":{"self":[{"href":"https:\/\/www.europesays.com\/fr\/wp-json\/wp\/v2\/posts\/174520","targetHints":{"allow":["GET"]}}],"collection":[{"href":"https:\/\/www.europesays.com\/fr\/wp-json\/wp\/v2\/posts"}],"about":[{"href":"https:\/\/www.europesays.com\/fr\/wp-json\/wp\/v2\/types\/post"}],"author":[{"embeddable":true,"href":"https:\/\/www.europesays.com\/fr\/wp-json\/wp\/v2\/users\/2"}],"replies":[{"embeddable":true,"href":"https:\/\/www.europesays.com\/fr\/wp-json\/wp\/v2\/comments?post=174520"}],"version-history":[{"count":0,"href":"https:\/\/www.europesays.com\/fr\/wp-json\/wp\/v2\/posts\/174520\/revisions"}],"wp:featuredmedia":[{"embeddable":true,"href":"https:\/\/www.europesays.com\/fr\/wp-json\/wp\/v2\/media\/174521"}],"wp:attachment":[{"href":"https:\/\/www.europesays.com\/fr\/wp-json\/wp\/v2\/media?parent=174520"}],"wp:term":[{"taxonomy":"category","embeddable":true,"href":"https:\/\/www.europesays.com\/fr\/wp-json\/wp\/v2\/categories?post=174520"},{"taxonomy":"post_tag","embeddable":true,"href":"https:\/\/www.europesays.com\/fr\/wp-json\/wp\/v2\/tags?post=174520"}],"curies":[{"name":"wp","href":"https:\/\/api.w.org\/{rel}","templated":true}]}}