{"id":174526,"date":"2025-06-13T23:33:14","date_gmt":"2025-06-13T23:33:14","guid":{"rendered":"https:\/\/www.europesays.com\/fr\/174526\/"},"modified":"2025-06-13T23:33:14","modified_gmt":"2025-06-13T23:33:14","slug":"maj-sncf-reprise-du-trafic-en-cours-sur-les-axes-reliant-lyon-a-saint-etienne-et-lyon-a-valence","status":"publish","type":"post","link":"https:\/\/www.europesays.com\/fr\/174526\/","title":{"rendered":"[MAJ] SNCF : reprise du trafic en cours sur les axes reliant Lyon \u00e0 Saint-\u00c9tienne et Lyon \u00e0 Valence"},"content":{"rendered":"<p>Le trafic ferroviaire est interrompu ce vendredi 13 juin apr\u00e8s-midi sur les axes de Lyon vers Saint-\u00c9tienne et de Lyon vers Valence. La panne d&rsquo;un train de marchandises \u00e0 hauteur de Chasse-sur-Rh\u00f4ne en est la cause, assure la SNCF. La reprise du trafic est en cours.<\/p>\n<p>Article mis \u00e0 jour le 13\/06 \u00e0 15h30<\/p>\n<p>Reprise du trafic SNCF en cours sur les axes Lyon-Saint-\u00c9tienne et Lyon-Valence<\/p>\n<p>La SNCF annonce que <b>\u00ab\u00a0la reprise du trafic est en cours\u00a0\u00bb <\/b>sur les axes Lyon vers Saint-\u00c9tienne et Lyon vers Valence.\u00a0<\/p>\n<p>Il est aussi indiqu\u00e9 que <b>\u00ab\u00a0des perturbations r\u00e9siduelles sont pr\u00e9sentes.\u00a0\u00bb<\/b><\/p>\n<p>Article initial publi\u00e9 le 13\/06 \u00e0 14h50<\/p>\n<p>Le trafic SNCF interrompu sur les axes Lyon-Saint-\u00c9tienne et Lyon-Valence<\/p>\n<p>Des <b>perturbations <\/b>sur les rails de la <b>SNCF <\/b>en <b>Auvergne-Rh\u00f4ne-Alpes<\/b> ce <b>vendredi 13 juin.<\/b><br \/><b><br \/><\/b>Le <b>trafic <\/b>est actuellement <b>interrompu <\/b>sur les axes de <b>Lyon en direction de Saint-\u00c9tienne<\/b> et<b> Lyon en direction de Valence<\/b>.\u00a0<\/p>\n<p>C&rsquo;est \u00e0 cause de la <b>panne d&rsquo;un train de marchandises<\/b> vers <b>Chasse-sur-Rh\u00f4ne<\/b>.<\/p>\n<p>La <a class=\"url\" href=\"https:\/\/x.com\/SNCFTERAURA\/status\/1933499498141253770\" target=\"_blank\">SNCF Rh\u00f4ne-Alpes<\/a> informe qu&rsquo;un <b>d\u00e9pannage <\/b>est <b>en cours.<\/b><\/p>\n<p>La <b>reprise du trafic<\/b>\u00a0dans les <b>deux sens<\/b> est<b> estim\u00e9e \u00e0 15h30.<\/b><\/p>\n<p>Plus d&rsquo;informations \u00e0 venir&#8230;<\/p>\n<p><\/p>\n","protected":false},"excerpt":{"rendered":"Le trafic ferroviaire est interrompu ce vendredi 13 juin apr\u00e8s-midi sur les axes de Lyon vers Saint-\u00c9tienne et&hellip;\n","protected":false},"author":2,"featured_media":174527,"comment_status":"","ping_status":"","sticky":false,"template":"","format":"standard","meta":{"footnotes":""},"categories":[9653],"tags":[1111,11,30026,2430,30967,1777,674,1011,27,3367,2428,12,25,30966,9920,4001,2215,2733],"class_list":{"0":"post-174526","1":"post","2":"type-post","3":"status-publish","4":"format-standard","5":"has-post-thumbnail","7":"category-saint-etienne","8":"tag-actu","9":"tag-actualites","10":"tag-auvergne-rhne-alpes","11":"tag-auvergne-rhone-alpes","12":"tag-drme","13":"tag-eu","14":"tag-europe","15":"tag-fr","16":"tag-france","17":"tag-loire","18":"tag-lyon","19":"tag-news","20":"tag-republique-francaise","21":"tag-rhne-alpes","22":"tag-saint-tienne","23":"tag-saint-etienne","24":"tag-sncf","25":"tag-valence"},"share_on_mastodon":{"url":"https:\/\/pubeurope.com\/@fr\/114678674598098410","error":""},"_links":{"self":[{"href":"https:\/\/www.europesays.com\/fr\/wp-json\/wp\/v2\/posts\/174526","targetHints":{"allow":["GET"]}}],"collection":[{"href":"https:\/\/www.europesays.com\/fr\/wp-json\/wp\/v2\/posts"}],"about":[{"href":"https:\/\/www.europesays.com\/fr\/wp-json\/wp\/v2\/types\/post"}],"author":[{"embeddable":true,"href":"https:\/\/www.europesays.com\/fr\/wp-json\/wp\/v2\/users\/2"}],"replies":[{"embeddable":true,"href":"https:\/\/www.europesays.com\/fr\/wp-json\/wp\/v2\/comments?post=174526"}],"version-history":[{"count":0,"href":"https:\/\/www.europesays.com\/fr\/wp-json\/wp\/v2\/posts\/174526\/revisions"}],"wp:featuredmedia":[{"embeddable":true,"href":"https:\/\/www.europesays.com\/fr\/wp-json\/wp\/v2\/media\/174527"}],"wp:attachment":[{"href":"https:\/\/www.europesays.com\/fr\/wp-json\/wp\/v2\/media?parent=174526"}],"wp:term":[{"taxonomy":"category","embeddable":true,"href":"https:\/\/www.europesays.com\/fr\/wp-json\/wp\/v2\/categories?post=174526"},{"taxonomy":"post_tag","embeddable":true,"href":"https:\/\/www.europesays.com\/fr\/wp-json\/wp\/v2\/tags?post=174526"}],"curies":[{"name":"wp","href":"https:\/\/api.w.org\/{rel}","templated":true}]}}