{"id":17453,"date":"2025-04-11T14:04:10","date_gmt":"2025-04-11T14:04:10","guid":{"rendered":"https:\/\/www.europesays.com\/fr\/17453\/"},"modified":"2025-04-11T14:04:10","modified_gmt":"2025-04-11T14:04:10","slug":"ils-ont-violente-un-touriste-pensant-quil-filmait-kurzawa-les-physionomistes-du-boom-boom-au-tribunal","status":"publish","type":"post","link":"https:\/\/www.europesays.com\/fr\/17453\/","title":{"rendered":"Ils ont violent\u00e9 un touriste pensant qu\u2019il filmait Kurzawa, Les physionomistes du \u00ab\u00a0Boom Boom\u00a0\u00bb au tribunal"},"content":{"rendered":"<p>A l\u2019audience, le nom du <a href=\"https:\/\/www.20minutes.fr\/sport\/football\/\" class=\"color-ultramarine c-link\" target=\"_blank\" rel=\"noopener\">footballeur<\/a> sera sur toutes les l\u00e8vres. <a href=\"https:\/\/www.20minutes.fr\/dossier\/layvin_kurzawa\" class=\"color-ultramarine c-link\" target=\"_blank\" rel=\"noopener\">Layvin Kurzawa<\/a>, 32 ans, sera pourtant absent, ce vendredi, au tribunal judiciaire de <a href=\"https:\/\/www.20minutes.fr\/faits_divers\/faits-divers-paris\/\" class=\"color-ultramarine c-link\" target=\"_blank\" rel=\"noopener\">Paris<\/a>. L\u2019ancien international Fran\u00e7ais a, en effet, \u00e9t\u00e9 mis hors de cause par l\u2019enqu\u00eate. Mais c\u2019est, semble-t-il, pour prot\u00e9ger l\u2019image de marque de ce client c\u00e9l\u00e8bre que deux physionomistes d\u2019une bo\u00eete de nuit ont violent\u00e9 un touriste canadien de 37 ans au printemps dernier. Les deux hommes sont jug\u00e9s devant la 28e chambre pour \u00ab\u00a0violences en r\u00e9union ayant entra\u00een\u00e9 une incapacit\u00e9 de travail n\u2019exc\u00e9dant pas 8 jours\u00a0\u00bb.<\/p>\n<p>Les faits remontent au 30\u00a0mai 2024, au petit matin. Vers 5 heures, la victime attend un VTC en t\u00e9l\u00e9phonant devant \u00ab\u00a0le Boum Boum\u00a0\u00bb, un club situ\u00e9 avenue de Friedland, dans le 8e\u00a0arrondissement. Il \u00e9change en visio avec l\u2019une de ses amies et se filme avec la cam\u00e9ra de son portable. Soudain, un homme, visiblement tr\u00e8s \u00e9nerv\u00e9, lui demande son appareil pour voir les vid\u00e9os qu\u2019il contient. Il ne l\u2019a pas reconnu, mais il s\u2019agit de Layvin Kurzawa, <a href=\"https:\/\/www.20minutes.fr\/sport\/football\/4090871-20240514-ligue-1-layvin-kurzawa-annonce-tour-depart-psg\" class=\"color-ultramarine c-link\" target=\"_blank\" rel=\"noopener\">le lat\u00e9ral gauche du club de la capitale<\/a> qui vient d\u2019annoncer son d\u00e9part. \u00ab\u00a0Mon client ne le connaissait m\u00eame pas puisqu\u2019il ne s\u2019int\u00e9resse pas au <a href=\"https:\/\/www.20minutes.fr\/sport\/psg\/\" class=\"color-ultramarine c-link\" target=\"_blank\" rel=\"noopener\">PSG<\/a>\u00a0\u00bb, explique \u00e0 20 Minutes l\u2019avocate du touriste canadien, Me Soraya Nouar.<\/p>\n<p>4 jours d\u2019incapacit\u00e9 de travail<\/p>\n<p>Le joueur est persuad\u00e9 d\u2019avoir \u00e9t\u00e9 film\u00e9 \u00e0 son insu par la victime qui refuse de lui montrer le contenu de son t\u00e9l\u00e9phone. Plusieurs hommes surgissent, \u00e9tranglent le Canadien et le font chuter au sol. L\u2019un de ses agresseurs lui tient le bras tandis qu\u2019un autre le force \u00e0 d\u00e9verrouiller son t\u00e9l\u00e9phone pour examiner son contenu. Aucune trace, \u00e0 l\u2019int\u00e9rieur, de la moindre vid\u00e9o ou photo de Layvin Kurzawa. Rassur\u00e9s, ils pr\u00e9viennent le joueur du PSG, l\u00e2chent la victime et quittent les lieux apr\u00e8s lui avoir rendu son appareil.<\/p>\n<p>Le lendemain, le trentenaire d\u00e9pose plainte. Il d\u00e9clare avoir \u00e9t\u00e9 l\u00e9g\u00e8rement bless\u00e9 aux bras, au coude et au visage. Examin\u00e9 par un m\u00e9decin, il se voit reconna\u00eetre 4 jours d\u2019incapacit\u00e9 de travail. Le parquet de Paris ouvre une enqu\u00eate pour violences en r\u00e9union avec une ITT inf\u00e9rieure \u00e0 huit jours. Les investigations sont confi\u00e9es au commissariat des 5e et 6e arrondissements de Paris. En juillet\u00a02024, Layvin Kurzawa et son chauffeur <a href=\"https:\/\/www.20minutes.fr\/sport\/4101471-20240715-ligue-1-kurzawa-entendu-enquete-agression-entourage-touriste-paris\" class=\"color-ultramarine c-link\" target=\"_blank\" rel=\"noopener\">sont entendus librement<\/a> par les enqu\u00eateurs.<\/p>\n<p>Les enqu\u00eateurs priv\u00e9s \u00ab\u00a0d\u2019un \u00e9l\u00e9ment d\u00e9terminant\u00a0\u00bb<\/p>\n<p>Finalement, le footballeur est mis hors de cause. L\u2019examen des images de vid\u00e9osurveillance et les t\u00e9moignages recueillis d\u00e9signent comme auteurs des faits deux personnes qui travaillent au \u00ab\u00a0Boom Boom\u00a0\u00bb. \u00ab\u00a0Le club a priv\u00e9 les enqu\u00eateurs d\u2019un \u00e9l\u00e9ment d\u00e9terminant\u00a0: la seule bande vid\u00e9o de la cam\u00e9ra orient\u00e9e vers la sc\u00e8ne de violence soi-disant inexploitable\u00a0\u00bb, regrette cependant Me Nouar.<\/p>\n<\/p>\n<p>\u00c0 l\u2019approche du proc\u00e8s, son client \u00ab\u00a0souhaite que lumi\u00e8re soit faite sur les circonstances de son agression\u00a0\u00bb. \u00ab\u00a0Si tous les protagonistes n\u2019ont pas \u00e9t\u00e9 identifi\u00e9s et si Layvin Kurzawa n\u2019a pas \u00e9t\u00e9 poursuivi, il n\u2019en reste pas moins que ce passage \u00e0 tabac s\u2019est d\u00e9roul\u00e9 en sa pr\u00e9sence, celui de son entourage et des agents de s\u00e9curit\u00e9 du club qui ont tous contempl\u00e9 la sc\u00e8ne sans intervenir ni tenter de lui porter assistance, comme s\u2019il \u00e9tait acquis, voire habituel, que de telles violences soient permises pour satisfaire les int\u00e9r\u00eats personnels d\u2019un client VIP\u00a0\u00bb, d\u00e9plore l\u2019avocate. Les pr\u00e9venus encourent <a href=\"https:\/\/www.legifrance.gouv.fr\/codes\/section_lc\/LEGITEXT000006070719\/LEGISCTA000006181751\/\" target=\"_blank\" class=\"color-ultramarine c-link\" rel=\"noopener\">trois ans d\u2019emprisonnement et de 45.000 euros<\/a> d\u2019amende.<\/p>\n","protected":false},"excerpt":{"rendered":"A l\u2019audience, le nom du footballeur sera sur toutes les l\u00e8vres. Layvin Kurzawa, 32 ans, sera pourtant absent,&hellip;\n","protected":false},"author":2,"featured_media":17454,"comment_status":"","ping_status":"","sticky":false,"template":"","format":"standard","meta":{"footnotes":""},"categories":[2],"tags":[47,11,6627,63,1011,27,662,303,7047,12,626,2694,3693,809],"class_list":{"0":"post-17453","1":"post","2":"type-post","3":"status-publish","4":"format-standard","5":"has-post-thumbnail","7":"category-actualites","8":"tag-actualite","9":"tag-actualites","10":"tag-boite-de-nuit","11":"tag-football","12":"tag-fr","13":"tag-france","14":"tag-ile-de-france","15":"tag-justice","16":"tag-layvin-kurzawa","17":"tag-news","18":"tag-paris","19":"tag-proces","20":"tag-tribunal","21":"tag-violence"},"share_on_mastodon":{"url":"https:\/\/pubeurope.com\/@fr\/114319711496273706","error":""},"_links":{"self":[{"href":"https:\/\/www.europesays.com\/fr\/wp-json\/wp\/v2\/posts\/17453","targetHints":{"allow":["GET"]}}],"collection":[{"href":"https:\/\/www.europesays.com\/fr\/wp-json\/wp\/v2\/posts"}],"about":[{"href":"https:\/\/www.europesays.com\/fr\/wp-json\/wp\/v2\/types\/post"}],"author":[{"embeddable":true,"href":"https:\/\/www.europesays.com\/fr\/wp-json\/wp\/v2\/users\/2"}],"replies":[{"embeddable":true,"href":"https:\/\/www.europesays.com\/fr\/wp-json\/wp\/v2\/comments?post=17453"}],"version-history":[{"count":0,"href":"https:\/\/www.europesays.com\/fr\/wp-json\/wp\/v2\/posts\/17453\/revisions"}],"wp:featuredmedia":[{"embeddable":true,"href":"https:\/\/www.europesays.com\/fr\/wp-json\/wp\/v2\/media\/17454"}],"wp:attachment":[{"href":"https:\/\/www.europesays.com\/fr\/wp-json\/wp\/v2\/media?parent=17453"}],"wp:term":[{"taxonomy":"category","embeddable":true,"href":"https:\/\/www.europesays.com\/fr\/wp-json\/wp\/v2\/categories?post=17453"},{"taxonomy":"post_tag","embeddable":true,"href":"https:\/\/www.europesays.com\/fr\/wp-json\/wp\/v2\/tags?post=17453"}],"curies":[{"name":"wp","href":"https:\/\/api.w.org\/{rel}","templated":true}]}}