{"id":174546,"date":"2025-06-13T23:46:10","date_gmt":"2025-06-13T23:46:10","guid":{"rendered":"https:\/\/www.europesays.com\/fr\/174546\/"},"modified":"2025-06-13T23:46:10","modified_gmt":"2025-06-13T23:46:10","slug":"previsions-du-samedi-14-juin-2025","status":"publish","type":"post","link":"https:\/\/www.europesays.com\/fr\/174546\/","title":{"rendered":"pr\u00e9visions du samedi 14 juin 2025"},"content":{"rendered":"<p>Aujourd&rsquo;hui, les valeurs afficheront entre 12 et 22\u00b0C \u00e0 Rennes. Une l\u00e9g\u00e8re brise de sud-ouest soufflera. Le soleil sera au rendez-vous : une belle matin\u00e9e se pr\u00e9sente ! La ville aura quelques \u00e9claircies l&rsquo;apr\u00e8s-midi. Les temp\u00e9ratures s&rsquo;\u00e9chelonneront de 19 \u00e0 22\u00b0C. Il fera 16\u00b0C en moyenne le soir. On passera de samedi \u00e0 dimanche par une nuit brumeuse.<\/p>\n<p>Demain, un grand soleil brillera sur Rennes. Les temp\u00e9ratures vont baisser de quelques degr\u00e9s. Le thermom\u00e8tre affichera 16\u00b0C en moyenne. Un l\u00e9ger vent de nord-ouest sera ressenti par les habitants. Les temp\u00e9ratures vont conna\u00eetre une augmentation de plusieurs degr\u00e9s lors de l&rsquo;apr\u00e8s-midi. Les maximales atteindront les 22\u00b0C tandis que les minimales seront de 20\u00b0C. Demain soir, on pr\u00e9voit des valeurs d&rsquo;environ 16\u00b0C.<\/p>\n<p>La m\u00e9t\u00e9o restera stable les prochains jours. On s&rsquo;attend \u00e0 des journ\u00e9es ensoleill\u00e9es, accompagn\u00e9es par des temp\u00e9ratures dans les 19\u00b0C en moyenne.<\/p>\n<p><\/p>\n","protected":false},"excerpt":{"rendered":"Aujourd&rsquo;hui, les valeurs afficheront entre 12 et 22\u00b0C \u00e0 Rennes. Une l\u00e9g\u00e8re brise de sud-ouest soufflera. Le soleil&hellip;\n","protected":false},"author":2,"featured_media":174547,"comment_status":"","ping_status":"","sticky":false,"template":"","format":"standard","meta":{"footnotes":""},"categories":[2821],"tags":[1111,11,829,1777,674,1011,27,848,12,2119,584,25],"class_list":{"0":"post-174546","1":"post","2":"type-post","3":"status-publish","4":"format-standard","5":"has-post-thumbnail","7":"category-rennes","8":"tag-actu","9":"tag-actualites","10":"tag-bretagne","11":"tag-eu","12":"tag-europe","13":"tag-fr","14":"tag-france","15":"tag-ille-et-vilaine","16":"tag-news","17":"tag-previsions-meteo","18":"tag-rennes","19":"tag-republique-francaise"},"share_on_mastodon":{"url":"https:\/\/pubeurope.com\/@fr\/114678725603597702","error":""},"_links":{"self":[{"href":"https:\/\/www.europesays.com\/fr\/wp-json\/wp\/v2\/posts\/174546","targetHints":{"allow":["GET"]}}],"collection":[{"href":"https:\/\/www.europesays.com\/fr\/wp-json\/wp\/v2\/posts"}],"about":[{"href":"https:\/\/www.europesays.com\/fr\/wp-json\/wp\/v2\/types\/post"}],"author":[{"embeddable":true,"href":"https:\/\/www.europesays.com\/fr\/wp-json\/wp\/v2\/users\/2"}],"replies":[{"embeddable":true,"href":"https:\/\/www.europesays.com\/fr\/wp-json\/wp\/v2\/comments?post=174546"}],"version-history":[{"count":0,"href":"https:\/\/www.europesays.com\/fr\/wp-json\/wp\/v2\/posts\/174546\/revisions"}],"wp:featuredmedia":[{"embeddable":true,"href":"https:\/\/www.europesays.com\/fr\/wp-json\/wp\/v2\/media\/174547"}],"wp:attachment":[{"href":"https:\/\/www.europesays.com\/fr\/wp-json\/wp\/v2\/media?parent=174546"}],"wp:term":[{"taxonomy":"category","embeddable":true,"href":"https:\/\/www.europesays.com\/fr\/wp-json\/wp\/v2\/categories?post=174546"},{"taxonomy":"post_tag","embeddable":true,"href":"https:\/\/www.europesays.com\/fr\/wp-json\/wp\/v2\/tags?post=174546"}],"curies":[{"name":"wp","href":"https:\/\/api.w.org\/{rel}","templated":true}]}}