{"id":174548,"date":"2025-06-13T23:47:10","date_gmt":"2025-06-13T23:47:10","guid":{"rendered":"https:\/\/www.europesays.com\/fr\/174548\/"},"modified":"2025-06-13T23:47:10","modified_gmt":"2025-06-13T23:47:10","slug":"previsions-du-samedi-14-juin-2025-2","status":"publish","type":"post","link":"https:\/\/www.europesays.com\/fr\/174548\/","title":{"rendered":"pr\u00e9visions du samedi 14 juin 2025"},"content":{"rendered":"<p>Le soleil sera dominant, la promesse d&rsquo;une belle journ\u00e9e \u00e0 Strasbourg ! Les valeurs afficheront entre 19 et 31\u00b0C. Les grosses chaleurs sont pr\u00e9sentes. Avec des temp\u00e9ratures situ\u00e9es entre 21 et 30\u00b0C. Le matin, le mercure affichera 26\u00b0C en moyenne. Une petite brise de sud soufflera. Les temp\u00e9ratures vont enregistrer une hausse de quelques degr\u00e9s pendant l&rsquo;apr\u00e8s-midi. La ville va ressentir des fortes chaleurs avec des valeurs qui devraient grimper \u00e0 31\u00b0C. Les temp\u00e9ratures seront comprises entre 28 et 31\u00b0C. Le soir, des orages vont assombrir le ciel de la ville. On pr\u00e9voit des valeurs d&rsquo;environ 23\u00b0C. Entre samedi et dimanche, la nuit sera claire.<\/p>\n<p>Les nuages seront visibles demain \u00e0 Strasbourg. Une l\u00e9g\u00e8re baisse du mercure est \u00e0 pr\u00e9voir. Les temp\u00e9ratures s&rsquo;\u00e9chelonneront entre 16 et 24\u00b0C. Un modeste vent de nord-ouest sera ressenti par les habitants. D&rsquo;un autre c\u00f4t\u00e9, des \u00e9claircies feront leur apparition dans la matin\u00e9e. Il va faire en moyenne 22\u00b0C. Le soleil fera d\u00e9faut demain apr\u00e8s-midi, car le ciel sera couvert par des nuages. La m\u00e9t\u00e9o sera mitig\u00e9e avec de petites averses. Les maximales iront jusqu&rsquo;\u00e0 24\u00b0C tandis que les minimales seront de 22\u00b0C. Les nuages \u00e0 pr\u00e9voir demain soir, et un ciel encore maussade. Il faudra emporter son parapluie pour se prot\u00e9ger des pluies \u00e9parses. Il fera 19\u00b0C en moyenne.<\/p>\n<p>Les conditions m\u00e9t\u00e9orologiques des jours qui suivent vont s&rsquo;am\u00e9liorer. Il va faire un temps plut\u00f4t ensoleill\u00e9 avec des temp\u00e9ratures autour de 20\u00b0C.<\/p>\n<p><\/p>\n","protected":false},"excerpt":{"rendered":"Le soleil sera dominant, la promesse d&rsquo;une belle journ\u00e9e \u00e0 Strasbourg ! Les valeurs afficheront entre 19 et&hellip;\n","protected":false},"author":2,"featured_media":174549,"comment_status":"","ping_status":"","sticky":false,"template":"","format":"standard","meta":{"footnotes":""},"categories":[2820],"tags":[1111,11,2389,2649,1777,674,1011,27,775,12,2119,25,640],"class_list":{"0":"post-174548","1":"post","2":"type-post","3":"status-publish","4":"format-standard","5":"has-post-thumbnail","7":"category-strasbourg","8":"tag-actu","9":"tag-actualites","10":"tag-alsace","11":"tag-bas-rhin","12":"tag-eu","13":"tag-europe","14":"tag-fr","15":"tag-france","16":"tag-grand-est","17":"tag-news","18":"tag-previsions-meteo","19":"tag-republique-francaise","20":"tag-strasbourg"},"share_on_mastodon":{"url":"https:\/\/pubeurope.com\/@fr\/114678729456979380","error":""},"_links":{"self":[{"href":"https:\/\/www.europesays.com\/fr\/wp-json\/wp\/v2\/posts\/174548","targetHints":{"allow":["GET"]}}],"collection":[{"href":"https:\/\/www.europesays.com\/fr\/wp-json\/wp\/v2\/posts"}],"about":[{"href":"https:\/\/www.europesays.com\/fr\/wp-json\/wp\/v2\/types\/post"}],"author":[{"embeddable":true,"href":"https:\/\/www.europesays.com\/fr\/wp-json\/wp\/v2\/users\/2"}],"replies":[{"embeddable":true,"href":"https:\/\/www.europesays.com\/fr\/wp-json\/wp\/v2\/comments?post=174548"}],"version-history":[{"count":0,"href":"https:\/\/www.europesays.com\/fr\/wp-json\/wp\/v2\/posts\/174548\/revisions"}],"wp:featuredmedia":[{"embeddable":true,"href":"https:\/\/www.europesays.com\/fr\/wp-json\/wp\/v2\/media\/174549"}],"wp:attachment":[{"href":"https:\/\/www.europesays.com\/fr\/wp-json\/wp\/v2\/media?parent=174548"}],"wp:term":[{"taxonomy":"category","embeddable":true,"href":"https:\/\/www.europesays.com\/fr\/wp-json\/wp\/v2\/categories?post=174548"},{"taxonomy":"post_tag","embeddable":true,"href":"https:\/\/www.europesays.com\/fr\/wp-json\/wp\/v2\/tags?post=174548"}],"curies":[{"name":"wp","href":"https:\/\/api.w.org\/{rel}","templated":true}]}}