{"id":174552,"date":"2025-06-13T23:49:14","date_gmt":"2025-06-13T23:49:14","guid":{"rendered":"https:\/\/www.europesays.com\/fr\/174552\/"},"modified":"2025-06-13T23:49:14","modified_gmt":"2025-06-13T23:49:14","slug":"made-in-chine-quelle-est-cette-vente-dobjets-et-de-meubles-recycles-organisee-chez-emmaus-ce-samedi-pres-de-nice","status":"publish","type":"post","link":"https:\/\/www.europesays.com\/fr\/174552\/","title":{"rendered":"\u00ab\u00a0Made in chin\u00e9\u00a0\u00bb: quelle est cette vente d\u2019objets et de meubles recycl\u00e9s organis\u00e9e chez Emma\u00fcs ce samedi pr\u00e8s de Nice"},"content":{"rendered":"<p>Objets, meubles, accessoires: une vente exceptionnelle a lieu samedi 14 juin 2025 chez Emma\u00fcs C\u00f4te d\u2019Azur \u00e0 Saint-Andr\u00e9-de-la-Roche. Une initiative \u00e9cologique puisque tous les produits vendus sont recycl\u00e9s. Ou comment les b\u00e9n\u00e9voles cr\u00e9ent du neuf avec du vieux, c\u2019est ce qui s\u2019appelle du \u00ab\u00a0<b> <\/b>upcycling\u00a0\u00bb.<\/p>\n<p>Des assiettes d\u00e9pareill\u00e9es deviennent une jolie lampe<\/p>\n<p>Sur le stand de Sylvia et B\u00e9n\u00e9dicte, des b\u00e9n\u00e9voles pleines d\u2019id\u00e9es, les objets d\u00e9laiss\u00e9s deviennent des p\u00e9pites. Une valise vintage? Elle se mue en une \u00e9tag\u00e8re r\u00e9tro pleine de charme. Un baby-foot hors d\u2019usage? Il se r\u00e9invente en portemanteau original. Des assiettes d\u00e9pareill\u00e9es s\u2019unissent pour former une lampe au caract\u00e8re unique. Une table basse au miroir ab\u00eem\u00e9 rena\u00eet rehauss\u00e9e d\u2019un patchwork color\u00e9 de cartes postales anciennes. Ici, m\u00eame les broderies de grand-m\u00e8re se transforment en coussins tendance, en assises de chaises ou en d\u00e9tails uniques sur des vestes en jean.<\/p>\n<p>Chaque jour, la communaut\u00e9 Emma\u00fcs re\u00e7oit de nombreux dons de particuliers ou d\u2019entreprises. Si beaucoup sont vendus tels quels, certains objets, trop ab\u00eem\u00e9s, peinent \u00e0 s\u00e9duire. Sylvia et B\u00e9n\u00e9dicte se sont, donc, lanc\u00e9es dans la r\u00e9cup cr\u00e9ative. \u00ab\u00a0Nous avons expliqu\u00e9 notre projet aux compagnons, et maintenant, ils nous apportent des objets qu\u2019ils pensent pouvoir \u00eatre transform\u00e9s. Ce qui me touche, c\u2019est cette dynamique de partage, cette fa\u00e7on dont chacun apporte son regard et ses id\u00e9es\u00a0\u00bb, explique Sylvia dans un large sourire.<\/p>\n<p>\u00ab\u00a0Made in\u00a0\u00bb chin\u00e9<\/p>\n<p>Le mot d\u2019ordre est clair: \u00ab\u00a0Z\u00e9ro d\u00e9pense! Notre challenge c\u2019est de ne rien acheter. Tout ce que nous utilisons provient du stock\u00a0\u00bb pr\u00e9cise Sylvia. Le r\u00e9sultat? Des pi\u00e8ces uniques, de caract\u00e8re, pr\u00eates \u00e0 trouver une nouvelle place dans nos int\u00e9rieurs, \u00e0 des prix qui restent abordables. Une d\u00e9marche r\u00e9solument \u00e9cologique, 100% \u00ab\u00a0made in chin\u00e9 \u00ab\u00a0.<\/p>\n<p>158 Chemin des Arnaud \u00e0 Saint-Andr\u00e9-de-la-Roche. Vente, ce samedi de 10h \u00e0 17h. Les espaces de vente sont ouverts du mardi au vendredi de 14h \u00e0 17h. 04.93.54.88.69. emmaus06.fr<\/p>\n","protected":false},"excerpt":{"rendered":"Objets, meubles, accessoires: une vente exceptionnelle a lieu samedi 14 juin 2025 chez Emma\u00fcs C\u00f4te d\u2019Azur \u00e0 Saint-Andr\u00e9-de-la-Roche.&hellip;\n","protected":false},"author":2,"featured_media":174553,"comment_status":"","ping_status":"","sticky":false,"template":"","format":"standard","meta":{"footnotes":""},"categories":[2819],"tags":[1111,11,2876,1777,674,1011,27,12,2401,882,25],"class_list":{"0":"post-174552","1":"post","2":"type-post","3":"status-publish","4":"format-standard","5":"has-post-thumbnail","7":"category-nice","8":"tag-actu","9":"tag-actualites","10":"tag-conso-shopping","11":"tag-eu","12":"tag-europe","13":"tag-fr","14":"tag-france","15":"tag-news","16":"tag-nice","17":"tag-provence-alpes-cote-dazur","18":"tag-republique-francaise"},"share_on_mastodon":{"url":"https:\/\/pubeurope.com\/@fr\/114678737393477829","error":""},"_links":{"self":[{"href":"https:\/\/www.europesays.com\/fr\/wp-json\/wp\/v2\/posts\/174552","targetHints":{"allow":["GET"]}}],"collection":[{"href":"https:\/\/www.europesays.com\/fr\/wp-json\/wp\/v2\/posts"}],"about":[{"href":"https:\/\/www.europesays.com\/fr\/wp-json\/wp\/v2\/types\/post"}],"author":[{"embeddable":true,"href":"https:\/\/www.europesays.com\/fr\/wp-json\/wp\/v2\/users\/2"}],"replies":[{"embeddable":true,"href":"https:\/\/www.europesays.com\/fr\/wp-json\/wp\/v2\/comments?post=174552"}],"version-history":[{"count":0,"href":"https:\/\/www.europesays.com\/fr\/wp-json\/wp\/v2\/posts\/174552\/revisions"}],"wp:featuredmedia":[{"embeddable":true,"href":"https:\/\/www.europesays.com\/fr\/wp-json\/wp\/v2\/media\/174553"}],"wp:attachment":[{"href":"https:\/\/www.europesays.com\/fr\/wp-json\/wp\/v2\/media?parent=174552"}],"wp:term":[{"taxonomy":"category","embeddable":true,"href":"https:\/\/www.europesays.com\/fr\/wp-json\/wp\/v2\/categories?post=174552"},{"taxonomy":"post_tag","embeddable":true,"href":"https:\/\/www.europesays.com\/fr\/wp-json\/wp\/v2\/tags?post=174552"}],"curies":[{"name":"wp","href":"https:\/\/api.w.org\/{rel}","templated":true}]}}