{"id":174557,"date":"2025-06-13T23:52:09","date_gmt":"2025-06-13T23:52:09","guid":{"rendered":"https:\/\/www.europesays.com\/fr\/174557\/"},"modified":"2025-06-13T23:52:09","modified_gmt":"2025-06-13T23:52:09","slug":"previsions-du-samedi-14-juin-2025-3","status":"publish","type":"post","link":"https:\/\/www.europesays.com\/fr\/174557\/","title":{"rendered":"pr\u00e9visions du samedi 14 juin 2025"},"content":{"rendered":"<p>\u00c0 Nantes, les valeurs tourneront autour des 18\u00b0C au cours de la journ\u00e9e. Un vent de sud-ouest rafra\u00eechira quelque peu l&rsquo;atmosph\u00e8re. Malheureusement, il va y avoir encore des nuages le matin. Des pluies \u00e9parses vont tomber sur la ville. L&rsquo;apr\u00e8s-midi, le soleil va peu \u00e0 peu remplacer les nuages. Les temp\u00e9ratures seront de 19\u00b0C au plus bas et de 22\u00b0C au plus haut. Le soir, le thermom\u00e8tre affichera 17\u00b0C en moyenne. On pr\u00e9voit une nuit claire entre samedi et dimanche.<\/p>\n<p>\u00c0 Nantes les valeurs s&rsquo;\u00e9chelonneront entre 11 et 25\u00b0C demain. Un petit vent de nord-ouest sera ressenti par les habitants. La m\u00e9t\u00e9o devrait s&rsquo;am\u00e9liorer durant la matin\u00e9e. Il fera en moyenne 19\u00b0C. Cet apr\u00e8s-midi sera synonyme de beau soleil. Les temp\u00e9ratures vont conna\u00eetre une hausse de plusieurs degr\u00e9s. Les valeurs afficheront entre 24 et 25\u00b0C. Demain soir, on anticipe des valeurs d&rsquo;environ 20\u00b0C.<\/p>\n<p>Pour les jours suivants, le temps ne bougera pas. Une m\u00e9t\u00e9o ensoleill\u00e9e, avec des temp\u00e9ratures de 21\u00b0C environ, est \u00e0 pr\u00e9voir.<\/p>\n<p><\/p>\n","protected":false},"excerpt":{"rendered":"\u00c0 Nantes, les valeurs tourneront autour des 18\u00b0C au cours de la journ\u00e9e. Un vent de sud-ouest rafra\u00eechira&hellip;\n","protected":false},"author":2,"featured_media":174558,"comment_status":"","ping_status":"","sticky":false,"template":"","format":"standard","meta":{"footnotes":""},"categories":[2818],"tags":[1111,11,1777,674,1011,27,3047,766,12,2636,2119,25],"class_list":{"0":"post-174557","1":"post","2":"type-post","3":"status-publish","4":"format-standard","5":"has-post-thumbnail","7":"category-nantes","8":"tag-actu","9":"tag-actualites","10":"tag-eu","11":"tag-europe","12":"tag-fr","13":"tag-france","14":"tag-loire-atlantique","15":"tag-nantes","16":"tag-news","17":"tag-pays-de-la-loire","18":"tag-previsions-meteo","19":"tag-republique-francaise"},"share_on_mastodon":{"url":"https:\/\/pubeurope.com\/@fr\/114678749121698296","error":""},"_links":{"self":[{"href":"https:\/\/www.europesays.com\/fr\/wp-json\/wp\/v2\/posts\/174557","targetHints":{"allow":["GET"]}}],"collection":[{"href":"https:\/\/www.europesays.com\/fr\/wp-json\/wp\/v2\/posts"}],"about":[{"href":"https:\/\/www.europesays.com\/fr\/wp-json\/wp\/v2\/types\/post"}],"author":[{"embeddable":true,"href":"https:\/\/www.europesays.com\/fr\/wp-json\/wp\/v2\/users\/2"}],"replies":[{"embeddable":true,"href":"https:\/\/www.europesays.com\/fr\/wp-json\/wp\/v2\/comments?post=174557"}],"version-history":[{"count":0,"href":"https:\/\/www.europesays.com\/fr\/wp-json\/wp\/v2\/posts\/174557\/revisions"}],"wp:featuredmedia":[{"embeddable":true,"href":"https:\/\/www.europesays.com\/fr\/wp-json\/wp\/v2\/media\/174558"}],"wp:attachment":[{"href":"https:\/\/www.europesays.com\/fr\/wp-json\/wp\/v2\/media?parent=174557"}],"wp:term":[{"taxonomy":"category","embeddable":true,"href":"https:\/\/www.europesays.com\/fr\/wp-json\/wp\/v2\/categories?post=174557"},{"taxonomy":"post_tag","embeddable":true,"href":"https:\/\/www.europesays.com\/fr\/wp-json\/wp\/v2\/tags?post=174557"}],"curies":[{"name":"wp","href":"https:\/\/api.w.org\/{rel}","templated":true}]}}