{"id":174559,"date":"2025-06-13T23:53:10","date_gmt":"2025-06-13T23:53:10","guid":{"rendered":"https:\/\/www.europesays.com\/fr\/174559\/"},"modified":"2025-06-13T23:53:10","modified_gmt":"2025-06-13T23:53:10","slug":"previsions-du-samedi-14-juin-2025-4","status":"publish","type":"post","link":"https:\/\/www.europesays.com\/fr\/174559\/","title":{"rendered":"pr\u00e9visions du samedi 14 juin 2025"},"content":{"rendered":"<p>Le soleil aura du mal \u00e0 percer au milieu des nuages qui subsisteront sur Bordeaux dans la journ\u00e9e. Les temp\u00e9ratures seront de 21\u00b0C. D&rsquo;un autre c\u00f4t\u00e9, la m\u00e9t\u00e9o devrait s&rsquo;am\u00e9liorer durant la matin\u00e9e. Un vent de nord soufflera un peu, avec 7 km\/h. L&rsquo;apr\u00e8s-midi, des nuages \u00e9mailleront le ciel, g\u00eanant ainsi l&rsquo;apparition du soleil. Les maximales atteindront les 25\u00b0C tandis que les minimales seront de 23\u00b0C. La soir\u00e9e va rester couverte \u00e0 cause de nuages qui perdurent dans le ciel. Le thermom\u00e8tre affichera 20\u00b0C en moyenne. Pendant que vous dormirez, dans la nuit de samedi \u00e0 dimanche, le ciel sera l\u00e9g\u00e8rement voil\u00e9.<\/p>\n<p>La ville de Bordeaux aura quelques \u00e9claircies demain. Les valeurs afficheront entre 16 et 26\u00b0C. Une l\u00e9g\u00e8re brise de nord-ouest sera ressentie par les habitants. Il va faire 19\u00b0C en moyenne le matin. Les temp\u00e9ratures vont conna\u00eetre une augmentation de plusieurs degr\u00e9s durant l&rsquo;apr\u00e8s-midi. Les valeurs seront de 23\u00b0C au minimum et de 26\u00b0C au maximum.<\/p>\n<p>Les jours passent et ne changent pas. Pr\u00e9voyez 24\u00b0C en moyenne qui accompagneront des journ\u00e9es ensoleill\u00e9es.<\/p>\n<p><\/p>\n","protected":false},"excerpt":{"rendered":"Le soleil aura du mal \u00e0 percer au milieu des nuages qui subsisteront sur Bordeaux dans la journ\u00e9e.&hellip;\n","protected":false},"author":2,"featured_media":174560,"comment_status":"","ping_status":"","sticky":false,"template":"","format":"standard","meta":{"footnotes":""},"categories":[2817],"tags":[1111,11,3177,1997,1777,674,1011,27,2905,12,2219,2119,25],"class_list":{"0":"post-174559","1":"post","2":"type-post","3":"status-publish","4":"format-standard","5":"has-post-thumbnail","7":"category-bordeaux","8":"tag-actu","9":"tag-actualites","10":"tag-aquitaine","11":"tag-bordeaux","12":"tag-eu","13":"tag-europe","14":"tag-fr","15":"tag-france","16":"tag-gironde","17":"tag-news","18":"tag-nouvelle-aquitaine","19":"tag-previsions-meteo","20":"tag-republique-francaise"},"share_on_mastodon":{"url":"https:\/\/pubeurope.com\/@fr\/114678753140309984","error":""},"_links":{"self":[{"href":"https:\/\/www.europesays.com\/fr\/wp-json\/wp\/v2\/posts\/174559","targetHints":{"allow":["GET"]}}],"collection":[{"href":"https:\/\/www.europesays.com\/fr\/wp-json\/wp\/v2\/posts"}],"about":[{"href":"https:\/\/www.europesays.com\/fr\/wp-json\/wp\/v2\/types\/post"}],"author":[{"embeddable":true,"href":"https:\/\/www.europesays.com\/fr\/wp-json\/wp\/v2\/users\/2"}],"replies":[{"embeddable":true,"href":"https:\/\/www.europesays.com\/fr\/wp-json\/wp\/v2\/comments?post=174559"}],"version-history":[{"count":0,"href":"https:\/\/www.europesays.com\/fr\/wp-json\/wp\/v2\/posts\/174559\/revisions"}],"wp:featuredmedia":[{"embeddable":true,"href":"https:\/\/www.europesays.com\/fr\/wp-json\/wp\/v2\/media\/174560"}],"wp:attachment":[{"href":"https:\/\/www.europesays.com\/fr\/wp-json\/wp\/v2\/media?parent=174559"}],"wp:term":[{"taxonomy":"category","embeddable":true,"href":"https:\/\/www.europesays.com\/fr\/wp-json\/wp\/v2\/categories?post=174559"},{"taxonomy":"post_tag","embeddable":true,"href":"https:\/\/www.europesays.com\/fr\/wp-json\/wp\/v2\/tags?post=174559"}],"curies":[{"name":"wp","href":"https:\/\/api.w.org\/{rel}","templated":true}]}}