{"id":174563,"date":"2025-06-13T23:55:10","date_gmt":"2025-06-13T23:55:10","guid":{"rendered":"https:\/\/www.europesays.com\/fr\/174563\/"},"modified":"2025-06-13T23:55:10","modified_gmt":"2025-06-13T23:55:10","slug":"previsions-du-samedi-14-juin-2025-5","status":"publish","type":"post","link":"https:\/\/www.europesays.com\/fr\/174563\/","title":{"rendered":"pr\u00e9visions du samedi 14 juin 2025"},"content":{"rendered":"<p>On notera la pr\u00e9sence persistante de l\u00e9gers nuages aujourd&rsquo;hui \u00e0 Toulouse. Les valeurs seront de 22\u00b0C. Le matin, de l\u00e9gers nuages se montreront. Le mercure affichera 22\u00b0C en moyenne. Un petit vent d&rsquo;ouest soufflera. Le soleil aura du mal \u00e0 percer au milieu des nuages qui persisteront dans l&rsquo;apr\u00e8s-midi. Des orages de faible intensit\u00e9 \u00e0 pr\u00e9voir. En revanche, les temp\u00e9ratures vont conna\u00eetre une hausse de quelques degr\u00e9s. Les valeurs afficheront entre 25 et 27\u00b0C. De petites averses rendront la soir\u00e9e morose. Il va faire 21\u00b0C en moyenne. Le ciel sera clair dans la nuit de samedi \u00e0 dimanche.<\/p>\n<p>Le ciel de Toulouse sera assez lumineux, avec quelques \u00e9claircies demain. Une chute du mercure est \u00e0 pr\u00e9voir. On anticipe des valeurs d&rsquo;environ 21\u00b0C. Un vent de nord-ouest rafra\u00eechira quelque peu l&rsquo;atmosph\u00e8re. Dans la matin\u00e9e, les temp\u00e9ratures seront de 19\u00b0C. Un temps plus chaud est pr\u00e9vu demain apr\u00e8s-midi \u00e9tant donn\u00e9 que les temp\u00e9ratures vont enregistrer une l\u00e9g\u00e8re augmentation. Les valeurs seront de 23\u00b0C au plus bas et de 25\u00b0C au plus haut.<\/p>\n<p>Les jours se suivent et ne changent pas. Il va faire un temps plut\u00f4t ensoleill\u00e9 avec des temp\u00e9ratures autour de 23\u00b0C.<\/p>\n<p><\/p>\n","protected":false},"excerpt":{"rendered":"On notera la pr\u00e9sence persistante de l\u00e9gers nuages aujourd&rsquo;hui \u00e0 Toulouse. Les valeurs seront de 22\u00b0C. Le matin,&hellip;\n","protected":false},"author":2,"featured_media":174564,"comment_status":"","ping_status":"","sticky":false,"template":"","format":"standard","meta":{"footnotes":""},"categories":[2816],"tags":[1111,11,1777,674,1011,27,2722,2721,12,2680,2119,25,2312],"class_list":{"0":"post-174563","1":"post","2":"type-post","3":"status-publish","4":"format-standard","5":"has-post-thumbnail","7":"category-toulouse","8":"tag-actu","9":"tag-actualites","10":"tag-eu","11":"tag-europe","12":"tag-fr","13":"tag-france","14":"tag-haute-garonne","15":"tag-midi-pyrenees","16":"tag-news","17":"tag-occitanie","18":"tag-previsions-meteo","19":"tag-republique-francaise","20":"tag-toulouse"},"share_on_mastodon":{"url":"https:\/\/pubeurope.com\/@fr\/114678761152759127","error":""},"_links":{"self":[{"href":"https:\/\/www.europesays.com\/fr\/wp-json\/wp\/v2\/posts\/174563","targetHints":{"allow":["GET"]}}],"collection":[{"href":"https:\/\/www.europesays.com\/fr\/wp-json\/wp\/v2\/posts"}],"about":[{"href":"https:\/\/www.europesays.com\/fr\/wp-json\/wp\/v2\/types\/post"}],"author":[{"embeddable":true,"href":"https:\/\/www.europesays.com\/fr\/wp-json\/wp\/v2\/users\/2"}],"replies":[{"embeddable":true,"href":"https:\/\/www.europesays.com\/fr\/wp-json\/wp\/v2\/comments?post=174563"}],"version-history":[{"count":0,"href":"https:\/\/www.europesays.com\/fr\/wp-json\/wp\/v2\/posts\/174563\/revisions"}],"wp:featuredmedia":[{"embeddable":true,"href":"https:\/\/www.europesays.com\/fr\/wp-json\/wp\/v2\/media\/174564"}],"wp:attachment":[{"href":"https:\/\/www.europesays.com\/fr\/wp-json\/wp\/v2\/media?parent=174563"}],"wp:term":[{"taxonomy":"category","embeddable":true,"href":"https:\/\/www.europesays.com\/fr\/wp-json\/wp\/v2\/categories?post=174563"},{"taxonomy":"post_tag","embeddable":true,"href":"https:\/\/www.europesays.com\/fr\/wp-json\/wp\/v2\/tags?post=174563"}],"curies":[{"name":"wp","href":"https:\/\/api.w.org\/{rel}","templated":true}]}}