{"id":174567,"date":"2025-06-13T23:57:09","date_gmt":"2025-06-13T23:57:09","guid":{"rendered":"https:\/\/www.europesays.com\/fr\/174567\/"},"modified":"2025-06-13T23:57:09","modified_gmt":"2025-06-13T23:57:09","slug":"previsions-du-samedi-14-juin-2025-6","status":"publish","type":"post","link":"https:\/\/www.europesays.com\/fr\/174567\/","title":{"rendered":"pr\u00e9visions du samedi 14 juin 2025"},"content":{"rendered":"<p>Le ciel va quelque peu se d\u00e9gager \u00e0 Lille dans la journ\u00e9e avec des \u00e9claircies. Les valeurs iront de 15 \u00e0 24\u00b0C. Le matin, on pr\u00e9voit des temp\u00e9ratures d&rsquo;environ 21\u00b0C. Un petit vent de sud-ouest soufflera. Les valeurs seront de 22\u00b0C au minimum et de 24\u00b0C au maximum l&rsquo;apr\u00e8s-midi. Un vent d&rsquo;ouest, enregistrant 20 km\/h, soufflera. Le temps devrait s&rsquo;am\u00e9liorer durant la soir\u00e9e. Entre samedi et dimanche, la nuit sera claire.<\/p>\n<p>Demain, une diminution des temp\u00e9ratures est attendue \u00e0 Lille. Il va faire en moyenne 18\u00b0C. Un vent d&rsquo;ouest rafra\u00eechira un peu l&rsquo;atmosph\u00e8re. Le matin, le beau temps va progressivement se substituer aux nuages. Les temp\u00e9ratures tourneront autour des 19\u00b0C. C&rsquo;est un soleil \u00e9clatant qui va se montrer demain apr\u00e8s-midi. Les temp\u00e9ratures afficheront entre 20 et 22\u00b0C.<\/p>\n<p>Peu d&rsquo;\u00e9volutions au fil des jours. Le temps sera ensoleill\u00e9 avec des temp\u00e9ratures autour de 19\u00b0C.<\/p>\n<p><\/p>\n","protected":false},"excerpt":{"rendered":"Le ciel va quelque peu se d\u00e9gager \u00e0 Lille dans la journ\u00e9e avec des \u00e9claircies. Les valeurs iront&hellip;\n","protected":false},"author":2,"featured_media":174568,"comment_status":"","ping_status":"","sticky":false,"template":"","format":"standard","meta":{"footnotes":""},"categories":[2815],"tags":[1111,11,1777,674,1011,27,811,1307,12,1308,1309,2119,25],"class_list":{"0":"post-174567","1":"post","2":"type-post","3":"status-publish","4":"format-standard","5":"has-post-thumbnail","7":"category-lille","8":"tag-actu","9":"tag-actualites","10":"tag-eu","11":"tag-europe","12":"tag-fr","13":"tag-france","14":"tag-hauts-de-france","15":"tag-lille","16":"tag-news","17":"tag-nord","18":"tag-nord-pas-de-calais","19":"tag-previsions-meteo","20":"tag-republique-francaise"},"share_on_mastodon":{"url":"https:\/\/pubeurope.com\/@fr\/114678768911390966","error":""},"_links":{"self":[{"href":"https:\/\/www.europesays.com\/fr\/wp-json\/wp\/v2\/posts\/174567","targetHints":{"allow":["GET"]}}],"collection":[{"href":"https:\/\/www.europesays.com\/fr\/wp-json\/wp\/v2\/posts"}],"about":[{"href":"https:\/\/www.europesays.com\/fr\/wp-json\/wp\/v2\/types\/post"}],"author":[{"embeddable":true,"href":"https:\/\/www.europesays.com\/fr\/wp-json\/wp\/v2\/users\/2"}],"replies":[{"embeddable":true,"href":"https:\/\/www.europesays.com\/fr\/wp-json\/wp\/v2\/comments?post=174567"}],"version-history":[{"count":0,"href":"https:\/\/www.europesays.com\/fr\/wp-json\/wp\/v2\/posts\/174567\/revisions"}],"wp:featuredmedia":[{"embeddable":true,"href":"https:\/\/www.europesays.com\/fr\/wp-json\/wp\/v2\/media\/174568"}],"wp:attachment":[{"href":"https:\/\/www.europesays.com\/fr\/wp-json\/wp\/v2\/media?parent=174567"}],"wp:term":[{"taxonomy":"category","embeddable":true,"href":"https:\/\/www.europesays.com\/fr\/wp-json\/wp\/v2\/categories?post=174567"},{"taxonomy":"post_tag","embeddable":true,"href":"https:\/\/www.europesays.com\/fr\/wp-json\/wp\/v2\/tags?post=174567"}],"curies":[{"name":"wp","href":"https:\/\/api.w.org\/{rel}","templated":true}]}}