{"id":174570,"date":"2025-06-13T23:59:09","date_gmt":"2025-06-13T23:59:09","guid":{"rendered":"https:\/\/www.europesays.com\/fr\/174570\/"},"modified":"2025-06-13T23:59:09","modified_gmt":"2025-06-13T23:59:09","slug":"previsions-du-samedi-14-juin-2025-7","status":"publish","type":"post","link":"https:\/\/www.europesays.com\/fr\/174570\/","title":{"rendered":"pr\u00e9visions du samedi 14 juin 2025"},"content":{"rendered":"<p>Le soleil sera dominant, la promesse d&rsquo;une belle journ\u00e9e \u00e0 Marseille ! Il va faire environ 25\u00b0C. Les valeurs avoisineront les 25\u00b0C dans la matin\u00e9e. Un vent de nord-ouest rafra\u00eechira l\u00e9g\u00e8rement l&rsquo;atmosph\u00e8re. Les temp\u00e9ratures seront de 27\u00b0C au plus bas et de 28\u00b0C au maximum l&rsquo;apr\u00e8s-midi. Les valeurs seront comprises entre 25\u00b0C et 27\u00b0C dans la soir\u00e9e. C&rsquo;est un ciel clair que conna\u00eetra la nuit de samedi \u00e0 dimanche.<\/p>\n<p>C&rsquo;est un soleil radieux qui va se montrer demain sur Marseille. Un temps plus chaud est pr\u00e9vu \u00e9tant donn\u00e9 que le mercure va conna\u00eetre une hausse. Les temp\u00e9ratures afficheront entre 23 et 29\u00b0C. Il fera 26\u00b0C en moyenne le matin. Une brise de nord-ouest soufflera l\u00e9g\u00e8rement. Les maximales atteindront les 29\u00b0C dans l&rsquo;apr\u00e8s-midi et les minimales seront de 28\u00b0C. La ville sera touch\u00e9e par un vent d&rsquo;ouest de 24 km\/h. Demain soir, les valeurs s&rsquo;\u00e9chelonneront entre 26 et 29\u00b0C. Un vent de nord-ouest est attendu : il soufflera \u00e0 22 km\/h.<\/p>\n<p>Les jours suivants s&rsquo;annoncent identiques. Une m\u00e9t\u00e9o ensoleill\u00e9e, pour des temp\u00e9ratures de 26\u00b0C en moyenne, est \u00e0 pr\u00e9voir.<\/p>\n<p><\/p>\n","protected":false},"excerpt":{"rendered":"Le soleil sera dominant, la promesse d&rsquo;une belle journ\u00e9e \u00e0 Marseille ! Il va faire environ 25\u00b0C. Les&hellip;\n","protected":false},"author":2,"featured_media":174571,"comment_status":"","ping_status":"","sticky":false,"template":"","format":"standard","meta":{"footnotes":""},"categories":[2814],"tags":[1111,11,885,1777,674,1011,27,884,12,883,2119,882,25],"class_list":{"0":"post-174570","1":"post","2":"type-post","3":"status-publish","4":"format-standard","5":"has-post-thumbnail","7":"category-marseille","8":"tag-actu","9":"tag-actualites","10":"tag-bouches-du-rhone","11":"tag-eu","12":"tag-europe","13":"tag-fr","14":"tag-france","15":"tag-marseille","16":"tag-news","17":"tag-paca","18":"tag-previsions-meteo","19":"tag-provence-alpes-cote-dazur","20":"tag-republique-francaise"},"share_on_mastodon":{"url":"https:\/\/pubeurope.com\/@fr\/114678776858993780","error":""},"_links":{"self":[{"href":"https:\/\/www.europesays.com\/fr\/wp-json\/wp\/v2\/posts\/174570","targetHints":{"allow":["GET"]}}],"collection":[{"href":"https:\/\/www.europesays.com\/fr\/wp-json\/wp\/v2\/posts"}],"about":[{"href":"https:\/\/www.europesays.com\/fr\/wp-json\/wp\/v2\/types\/post"}],"author":[{"embeddable":true,"href":"https:\/\/www.europesays.com\/fr\/wp-json\/wp\/v2\/users\/2"}],"replies":[{"embeddable":true,"href":"https:\/\/www.europesays.com\/fr\/wp-json\/wp\/v2\/comments?post=174570"}],"version-history":[{"count":0,"href":"https:\/\/www.europesays.com\/fr\/wp-json\/wp\/v2\/posts\/174570\/revisions"}],"wp:featuredmedia":[{"embeddable":true,"href":"https:\/\/www.europesays.com\/fr\/wp-json\/wp\/v2\/media\/174571"}],"wp:attachment":[{"href":"https:\/\/www.europesays.com\/fr\/wp-json\/wp\/v2\/media?parent=174570"}],"wp:term":[{"taxonomy":"category","embeddable":true,"href":"https:\/\/www.europesays.com\/fr\/wp-json\/wp\/v2\/categories?post=174570"},{"taxonomy":"post_tag","embeddable":true,"href":"https:\/\/www.europesays.com\/fr\/wp-json\/wp\/v2\/tags?post=174570"}],"curies":[{"name":"wp","href":"https:\/\/api.w.org\/{rel}","templated":true}]}}