{"id":174572,"date":"2025-06-14T00:00:17","date_gmt":"2025-06-14T00:00:17","guid":{"rendered":"https:\/\/www.europesays.com\/fr\/174572\/"},"modified":"2025-06-14T00:00:17","modified_gmt":"2025-06-14T00:00:17","slug":"villa-m-comme-marseille-2","status":"publish","type":"post","link":"https:\/\/www.europesays.com\/fr\/174572\/","title":{"rendered":"Villa \u00ab M \u00bb comme Marseille"},"content":{"rendered":"<p>Et de deux ! Apr\u00e8s avoir inaugur\u00e9 un premier \u00e9tablissement atypique, fin 2021, au pied du m\u00e9tro Pasteur (Paris 15e), portant la griffe de Philippe Starck, le groupe Pasteur Mutualit\u00e9 a doubl\u00e9 la mise en ouvrant les portes d&rsquo;une seconde Villa M, situ\u00e9e cette fois-ci dans le 8e\u00a0arrondissement de Marseille.<\/p>\n<p>En lieu et place de l&rsquo;ancien h\u00f4tel Villa Massilia (ex-Golden Tulip), l&rsquo;\u00e9tablissement imagin\u00e9 par Amanda Lehmann et Thierry Lorente continue de surfer sur le m\u00e9lange des genres tous azimuts. Au menu : 140\u00a0chambres et suites d&rsquo;h\u00f4tel, un restaurant avec vaste terrasse ouverte sur l&rsquo;hippodrome Bor\u00e9ly, des espaces consacr\u00e9s au bien-\u00eatre et \u00e0 la sant\u00e9 (centre de pr\u00e9vention, piscine, club de boxe, spa, etc.), un lieu de coworking et une salle de conf\u00e9rences de 1 000\u00a0m\u00e8tres carr\u00e9s.<\/p>\n<ul class=\"caas-list\">\n<li><img decoding=\"async\" class=\"caas-img caas-lazy has-preview\" alt=\" - Credit:&amp;copyERWAN FIQUET\" src=\"https:\/\/www.europesays.com\/fr\/wp-content\/uploads\/2025\/06\/20a1a0d893c19ba9b1de5dc1195636b5.jpeg\"\/>\n<p> &#8211; Credit:&amp;copyERWAN FIQUET<\/p>\n<p><img decoding=\"async\" class=\"caas-img caas-lazy has-preview\" alt=\" - Credit:&amp;copyERWAN FIQUET\" src=\"https:\/\/www.europesays.com\/fr\/wp-content\/uploads\/2025\/06\/20a1a0d893c19ba9b1de5dc1195636b5.jpeg\"\/><\/p>\n<p> &#8211; Credit:&amp;copyERWAN FIQUET<\/p>\n<p>La Villa\u00a0M, en bordure de l\u2019hippodrome Bor\u00e9ly.&amp;copyERWAN FIQUET<\/p>\n<\/li>\n<li><img decoding=\"async\" class=\"caas-img caas-lazy has-preview\" alt=\" - Credit:&amp;copyERWAN FIQUET\" src=\"https:\/\/www.europesays.com\/fr\/wp-content\/uploads\/2025\/06\/8b6e79cea4a8e55ff74fc6f90e775103.jpeg\"\/>\n<p> &#8211; Credit:&amp;copyERWAN FIQUET<\/p>\n<p><img decoding=\"async\" class=\"caas-img caas-lazy has-preview\" alt=\" - Credit:&amp;copyERWAN FIQUET\" src=\"https:\/\/www.europesays.com\/fr\/wp-content\/uploads\/2025\/06\/8b6e79cea4a8e55ff74fc6f90e775103.jpeg\"\/><\/p>\n<p> &#8211; Credit:&amp;copyERWAN FIQUET<\/p>\n<p>La salle du restaurant de la Villa\u00a0M.&amp;copyERWAN FIQUET<\/p>\n<\/li>\n<li><img decoding=\"async\" class=\"caas-img caas-lazy has-preview\" alt=\" - Credit:&amp;copyERWAN FIQUET\" src=\"https:\/\/www.europesays.com\/fr\/wp-content\/uploads\/2025\/06\/ae8693014ef4ab0ece9c2b3e8b59a73c.jpeg\"\/>\n<p> &#8211; Credit:&amp;copyERWAN FIQUET<\/p>\n<p><img decoding=\"async\" class=\"caas-img caas-lazy has-preview\" alt=\" - Credit:&amp;copyERWAN FIQUET\" src=\"https:\/\/www.europesays.com\/fr\/wp-content\/uploads\/2025\/06\/ae8693014ef4ab0ece9c2b3e8b59a73c.jpeg\"\/><\/p>\n<p> &#8211; Credit:&amp;copyERWAN FIQUET<\/p>\n<p>L\u2019offre combine h\u00e9bergement, restauration, espaces de soins et de pr\u00e9vention, activit\u00e9s sportives et lieux de travail collaboratif&amp;copyERWAN FIQUET<\/p>\n<\/li>\n<li><img decoding=\"async\" class=\"caas-img caas-lazy has-preview\" alt=\" - Credit:&amp;copyERWAN FIQUET\" src=\"https:\/\/www.europesays.com\/fr\/wp-content\/uploads\/2025\/06\/6855b21caa9782f8ff069e49c38762a1.jpeg\"\/>\n<p> &#8211; Credit:&amp;copyERWAN FIQUET<\/p>\n<p><img decoding=\"async\" class=\"caas-img caas-lazy has-preview\" alt=\" - Credit:&amp;copyERWAN FIQUET\" src=\"https:\/\/www.europesays.com\/fr\/wp-content\/uploads\/2025\/06\/6855b21caa9782f8ff069e49c38762a1.jpeg\"\/><\/p>\n<p> &#8211; Credit:&amp;copyERWAN FIQUET<\/p>\n<p>Dans le Club Boxe\u00a0&amp; Fitness, une monumentale fresque de street art sign\u00e9e Jo di Bona. &amp;copyERWAN FIQUET<\/p>\n<\/li>\n<li><img decoding=\"async\" class=\"caas-img caas-lazy has-preview\" alt=\"\" src=\"https:\/\/www.europesays.com\/fr\/wp-content\/uploads\/2025\/06\/599956db59110e9a129e3e8348485340.jpeg\"\/><img decoding=\"async\" class=\"caas-img caas-lazy has-preview\" alt=\"\" src=\"https:\/\/www.europesays.com\/fr\/wp-content\/uploads\/2025\/06\/599956db59110e9a129e3e8348485340.jpeg\"\/>\n<p>Un centre de conf\u00e9rences de 1\u00a0000\u00a0m\u00e8tres carr\u00e9s.<\/p>\n<\/li>\n<li><img decoding=\"async\" class=\"caas-img caas-lazy has-preview\" alt=\"\" src=\"https:\/\/www.europesays.com\/fr\/wp-content\/uploads\/2025\/06\/d90a238e94b48717ddd7aa5fd2138203.jpeg\"\/><img decoding=\"async\" class=\"caas-img caas-lazy has-preview\" alt=\"\" src=\"https:\/\/www.europesays.com\/fr\/wp-content\/uploads\/2025\/06\/d90a238e94b48717ddd7aa5fd2138203.jpeg\"\/>\n<p>Un complexe situ\u00e9 \u00e0 deux pas de la plage du Prado et de la cit\u00e9 phoc\u00e9enne. <\/p>\n<\/li>\n<li><img decoding=\"async\" class=\"caas-img caas-lazy has-preview\" alt=\" - Credit:&amp;copyERWAN FIQUET\" src=\"https:\/\/www.europesays.com\/fr\/wp-content\/uploads\/2025\/06\/c23cb30f2bfc8a27a3f55c0391e04829.jpeg\"\/>\n<p> &#8211; Credit:&amp;copyERWAN FIQUET<\/p>\n<p><img decoding=\"async\" class=\"caas-img caas-lazy has-preview\" alt=\" - Credit:&amp;copyERWAN FIQUET\" src=\"https:\/\/www.europesays.com\/fr\/wp-content\/uploads\/2025\/06\/c23cb30f2bfc8a27a3f55c0391e04829.jpeg\"\/><\/p>\n<p> &#8211; Credit:&amp;copyERWAN FIQUET<\/p>\n<p>\u00ab\u00a0Ici, chacun peut d\u00e9couvrir des innovations m\u00e9dicales, se d\u00e9penser, se ressourcer\u00a0\u00bb, vante le docteur Bertrand Mas-Fraissinet, pr\u00e9sident du groupe Pasteur Mutualit\u00e9.&amp;copyERWAN FIQUET<\/p>\n<\/li>\n<\/ul>\n<p>Mat\u00e9riaux bruts et noble [&#8230;] <a href=\"https:\/\/www.lepoint.fr\/immobilier\/villa-m-comme-marseille-13-06-2025-2591967_31.php\" rel=\"nofollow noopener\" target=\"_blank\" data-ylk=\"slk:Lire la suite;elm:context_link;itc:0;sec:content-canvas\" class=\"link \">Lire la suite<\/a><\/p>\n","protected":false},"excerpt":{"rendered":"Et de deux ! Apr\u00e8s avoir inaugur\u00e9 un premier \u00e9tablissement atypique, fin 2021, au pied du m\u00e9tro Pasteur&hellip;\n","protected":false},"author":2,"featured_media":174573,"comment_status":"","ping_status":"","sticky":false,"template":"","format":"standard","meta":{"footnotes":""},"categories":[2814],"tags":[30969,1111,11,30973,30972,1777,674,1011,27,30971,884,12,30970,882,25],"class_list":{"0":"post-174572","1":"post","2":"type-post","3":"status-publish","4":"format-standard","5":"has-post-thumbnail","7":"category-marseille","8":"tag-8e-arrondissement-de-marseille","9":"tag-actu","10":"tag-actualites","11":"tag-amanda-lehmann","12":"tag-centre-de-conferences","13":"tag-eu","14":"tag-europe","15":"tag-fr","16":"tag-france","17":"tag-groupe-pasteur-mutualite","18":"tag-marseille","19":"tag-news","20":"tag-philippe-starck","21":"tag-provence-alpes-cote-dazur","22":"tag-republique-francaise"},"share_on_mastodon":{"url":"https:\/\/pubeurope.com\/@fr\/114678780991648763","error":""},"_links":{"self":[{"href":"https:\/\/www.europesays.com\/fr\/wp-json\/wp\/v2\/posts\/174572","targetHints":{"allow":["GET"]}}],"collection":[{"href":"https:\/\/www.europesays.com\/fr\/wp-json\/wp\/v2\/posts"}],"about":[{"href":"https:\/\/www.europesays.com\/fr\/wp-json\/wp\/v2\/types\/post"}],"author":[{"embeddable":true,"href":"https:\/\/www.europesays.com\/fr\/wp-json\/wp\/v2\/users\/2"}],"replies":[{"embeddable":true,"href":"https:\/\/www.europesays.com\/fr\/wp-json\/wp\/v2\/comments?post=174572"}],"version-history":[{"count":0,"href":"https:\/\/www.europesays.com\/fr\/wp-json\/wp\/v2\/posts\/174572\/revisions"}],"wp:featuredmedia":[{"embeddable":true,"href":"https:\/\/www.europesays.com\/fr\/wp-json\/wp\/v2\/media\/174573"}],"wp:attachment":[{"href":"https:\/\/www.europesays.com\/fr\/wp-json\/wp\/v2\/media?parent=174572"}],"wp:term":[{"taxonomy":"category","embeddable":true,"href":"https:\/\/www.europesays.com\/fr\/wp-json\/wp\/v2\/categories?post=174572"},{"taxonomy":"post_tag","embeddable":true,"href":"https:\/\/www.europesays.com\/fr\/wp-json\/wp\/v2\/tags?post=174572"}],"curies":[{"name":"wp","href":"https:\/\/api.w.org\/{rel}","templated":true}]}}