{"id":174574,"date":"2025-06-14T00:01:09","date_gmt":"2025-06-14T00:01:09","guid":{"rendered":"https:\/\/www.europesays.com\/fr\/174574\/"},"modified":"2025-06-14T00:01:09","modified_gmt":"2025-06-14T00:01:09","slug":"previsions-du-samedi-14-juin-2025-8","status":"publish","type":"post","link":"https:\/\/www.europesays.com\/fr\/174574\/","title":{"rendered":"pr\u00e9visions du samedi 14 juin 2025"},"content":{"rendered":"<p>C&rsquo;est une magnifique journ\u00e9e dont va profiter Lyon, o\u00f9 le soleil va briller intens\u00e9ment. Les valeurs iront de 18 \u00e0 33\u00b0C. D\u00e8s le matin, les temp\u00e9ratures \u00e9volueront entre 21 et 30\u2009\u00b0C. Un vent d&rsquo;est rafra\u00eechira l\u00e9g\u00e8rement l&rsquo;atmosph\u00e8re. Un temps plus chaud est \u00e0 pr\u00e9voir l&rsquo;apr\u00e8s-midi puisque les temp\u00e9ratures vont conna\u00eetre une hausse. Les valeurs maximums annonc\u00e9es sont importantes, avec 33\u00b0C. Le soir, le thermom\u00e8tre affichera 26\u00b0C en moyenne. Entre samedi et dimanche, la nuit sera claire.<\/p>\n<p>Une baisse des temp\u00e9ratures est attendue \u00e0 Lyon, demain. Les valeurs afficheront entre 18 et 26\u00b0C. Il se peut qu&rsquo;il y ait de l\u00e9g\u00e8res averses le matin. Les temp\u00e9ratures tourneront autour des 21\u00b0C. Un vent de nord-ouest soufflera l\u00e9g\u00e8rement, avec 10 km\/h. La m\u00e9t\u00e9o va peu \u00e0 peu s&rsquo;am\u00e9liorer dans l&rsquo;apr\u00e8s-midi et laisser place \u00e0 des \u00e9claircies. La m\u00e9t\u00e9o va se r\u00e9chauffer avec une augmentation de quelques degr\u00e9s. Les valeurs seront de 24\u00b0C au plus bas et de 26\u00b0C au maximum. Un petit vent de nord-ouest soufflera au cours de la soir\u00e9e.<\/p>\n<p>Peu d&rsquo;\u00e9volutions au fil des jours. Des temp\u00e9ratures dans les 21\u00b0C iront de pair avec un ciel ensoleill\u00e9.<\/p>\n<p>Lors d&rsquo;une vague de chaleur, il est recommand\u00e9 d&rsquo;\u00e9viter tout effort physique et de boire en abondance. Ne gaspillez n\u00e9anmoins pas l&rsquo;eau ! Il s&rsquo;agit d&rsquo;une ressource pr\u00e9cieuse, surtout en p\u00e9riode de feux de for\u00eat.<\/p>\n","protected":false},"excerpt":{"rendered":"C&rsquo;est une magnifique journ\u00e9e dont va profiter Lyon, o\u00f9 le soleil va briller intens\u00e9ment. Les valeurs iront de&hellip;\n","protected":false},"author":2,"featured_media":174575,"comment_status":"","ping_status":"","sticky":false,"template":"","format":"standard","meta":{"footnotes":""},"categories":[1889],"tags":[1111,11,2430,1777,674,1011,27,2428,12,2119,25,2429,2431],"class_list":{"0":"post-174574","1":"post","2":"type-post","3":"status-publish","4":"format-standard","5":"has-post-thumbnail","7":"category-lyon","8":"tag-actu","9":"tag-actualites","10":"tag-auvergne-rhone-alpes","11":"tag-eu","12":"tag-europe","13":"tag-fr","14":"tag-france","15":"tag-lyon","16":"tag-news","17":"tag-previsions-meteo","18":"tag-republique-francaise","19":"tag-rhone","20":"tag-rhone-alpes"},"share_on_mastodon":{"url":"https:\/\/pubeurope.com\/@fr\/114678784577246602","error":""},"_links":{"self":[{"href":"https:\/\/www.europesays.com\/fr\/wp-json\/wp\/v2\/posts\/174574","targetHints":{"allow":["GET"]}}],"collection":[{"href":"https:\/\/www.europesays.com\/fr\/wp-json\/wp\/v2\/posts"}],"about":[{"href":"https:\/\/www.europesays.com\/fr\/wp-json\/wp\/v2\/types\/post"}],"author":[{"embeddable":true,"href":"https:\/\/www.europesays.com\/fr\/wp-json\/wp\/v2\/users\/2"}],"replies":[{"embeddable":true,"href":"https:\/\/www.europesays.com\/fr\/wp-json\/wp\/v2\/comments?post=174574"}],"version-history":[{"count":0,"href":"https:\/\/www.europesays.com\/fr\/wp-json\/wp\/v2\/posts\/174574\/revisions"}],"wp:featuredmedia":[{"embeddable":true,"href":"https:\/\/www.europesays.com\/fr\/wp-json\/wp\/v2\/media\/174575"}],"wp:attachment":[{"href":"https:\/\/www.europesays.com\/fr\/wp-json\/wp\/v2\/media?parent=174574"}],"wp:term":[{"taxonomy":"category","embeddable":true,"href":"https:\/\/www.europesays.com\/fr\/wp-json\/wp\/v2\/categories?post=174574"},{"taxonomy":"post_tag","embeddable":true,"href":"https:\/\/www.europesays.com\/fr\/wp-json\/wp\/v2\/tags?post=174574"}],"curies":[{"name":"wp","href":"https:\/\/api.w.org\/{rel}","templated":true}]}}