{"id":174586,"date":"2025-06-14T00:07:10","date_gmt":"2025-06-14T00:07:10","guid":{"rendered":"https:\/\/www.europesays.com\/fr\/174586\/"},"modified":"2025-06-14T00:07:10","modified_gmt":"2025-06-14T00:07:10","slug":"previsions-du-samedi-14-juin-2025-9","status":"publish","type":"post","link":"https:\/\/www.europesays.com\/fr\/174586\/","title":{"rendered":"pr\u00e9visions du samedi 14 juin 2025"},"content":{"rendered":"<p>Aujourd&rsquo;hui, un ciel avec des \u00e9claircies va peu \u00e0 peu prendre la place des nuages \u00e0 Paris. Les temp\u00e9ratures avoisineront les 24\u00b0C. Une l\u00e9g\u00e8re brise de sud-ouest soufflera. Le matin, le mercure affichera 23\u00b0C en moyenne. Une m\u00e9t\u00e9o plus chaude est attendue l&rsquo;apr\u00e8s-midi \u00e9tant donn\u00e9 que le mercure va conna\u00eetre une augmentation. Les valeurs s&rsquo;\u00e9chelonneront entre 26\u00b0C et 28\u00b0C. Des \u00e9claircies sont attendues : on passera une soir\u00e9e agr\u00e9able. Durant votre sommeil, dans la nuit de samedi \u00e0 dimanche, le ciel sera clair.<\/p>\n<p>Une baisse des temp\u00e9ratures est pr\u00e9vue \u00e0 Paris, demain. Les valeurs seront comprises entre 16 et 25\u00b0C. Un vent de nord-ouest rafra\u00eechira sensiblement l&rsquo;atmosph\u00e8re. Le matin, un grand soleil brillera. Petits et grands pourront appr\u00e9cier leur apr\u00e8s-midi sous un ciel l\u00e9g\u00e8rement nuageux. Les temp\u00e9ratures vont enregistrer une hausse de quelques degr\u00e9s. Les valeurs afficheront entre 23 et 25\u00b0C.<\/p>\n<p>Peu d&rsquo;\u00e9volutions pour la suite. Il va faire un temps assez ensoleill\u00e9 avec des temp\u00e9ratures avoisinant 20\u00b0C.<\/p>\n<p><\/p>\n","protected":false},"excerpt":{"rendered":"Aujourd&rsquo;hui, un ciel avec des \u00e9claircies va peu \u00e0 peu prendre la place des nuages \u00e0 Paris. Les&hellip;\n","protected":false},"author":2,"featured_media":174587,"comment_status":"","ping_status":"","sticky":false,"template":"","format":"standard","meta":{"footnotes":""},"categories":[1888],"tags":[11,1777,674,1011,27,662,12,626,2119,25],"class_list":{"0":"post-174586","1":"post","2":"type-post","3":"status-publish","4":"format-standard","5":"has-post-thumbnail","7":"category-paris","8":"tag-actualites","9":"tag-eu","10":"tag-europe","11":"tag-fr","12":"tag-france","13":"tag-ile-de-france","14":"tag-news","15":"tag-paris","16":"tag-previsions-meteo","17":"tag-republique-francaise"},"share_on_mastodon":{"url":"https:\/\/pubeurope.com\/@fr\/114678808251503875","error":""},"_links":{"self":[{"href":"https:\/\/www.europesays.com\/fr\/wp-json\/wp\/v2\/posts\/174586","targetHints":{"allow":["GET"]}}],"collection":[{"href":"https:\/\/www.europesays.com\/fr\/wp-json\/wp\/v2\/posts"}],"about":[{"href":"https:\/\/www.europesays.com\/fr\/wp-json\/wp\/v2\/types\/post"}],"author":[{"embeddable":true,"href":"https:\/\/www.europesays.com\/fr\/wp-json\/wp\/v2\/users\/2"}],"replies":[{"embeddable":true,"href":"https:\/\/www.europesays.com\/fr\/wp-json\/wp\/v2\/comments?post=174586"}],"version-history":[{"count":0,"href":"https:\/\/www.europesays.com\/fr\/wp-json\/wp\/v2\/posts\/174586\/revisions"}],"wp:featuredmedia":[{"embeddable":true,"href":"https:\/\/www.europesays.com\/fr\/wp-json\/wp\/v2\/media\/174587"}],"wp:attachment":[{"href":"https:\/\/www.europesays.com\/fr\/wp-json\/wp\/v2\/media?parent=174586"}],"wp:term":[{"taxonomy":"category","embeddable":true,"href":"https:\/\/www.europesays.com\/fr\/wp-json\/wp\/v2\/categories?post=174586"},{"taxonomy":"post_tag","embeddable":true,"href":"https:\/\/www.europesays.com\/fr\/wp-json\/wp\/v2\/tags?post=174586"}],"curies":[{"name":"wp","href":"https:\/\/api.w.org\/{rel}","templated":true}]}}