{"id":174588,"date":"2025-06-14T00:08:14","date_gmt":"2025-06-14T00:08:14","guid":{"rendered":"https:\/\/www.europesays.com\/fr\/174588\/"},"modified":"2025-06-14T00:08:14","modified_gmt":"2025-06-14T00:08:14","slug":"le-voyeur-compulsif-des-piscines-a-paris-symptome-dune-faille-systemique","status":"publish","type":"post","link":"https:\/\/www.europesays.com\/fr\/174588\/","title":{"rendered":"le voyeur compulsif des piscines \u00e0 Paris, sympt\u00f4me d&rsquo;une faille syst\u00e9mique"},"content":{"rendered":"<p>            Par<br \/>\n        <strong><br \/>\n            <a href=\"https:\/\/actu.fr\/auteur\/augustin-delaporte\" title=\"Consulter tous les articles de Augustin Delaporte\" rel=\"nofollow noopener\" target=\"_blank\">Augustin Delaporte<\/a><br \/>\n        <\/strong><\/p>\n<p>        Publi\u00e9 le<\/p>\n<p>            13 juin 2025 \u00e0 20h16        <\/p>\n<p>\u00ab\u00a0Dans cette piscine, un homme <strong>m\u2019a sorti son sexe en \u00e9rection<\/strong> de son maillot de bain et fait mine de se masturber devant moi.\u00a0\u00bb Depuis <a href=\"https:\/\/actu.fr\/ile-de-france\/paris_75056\/un-voyeur-dans-les-vestiaires-a-la-piscine-la-mairie-de-paris-lance-une-inspection-et-appelle-a-la-vigilance_62489917.html\" rel=\"nofollow noopener\" target=\"_blank\">le t\u00e9moignage<\/a> de la journaliste Laur\u00e8ne Daycard, <a href=\"https:\/\/actu.fr\/ile-de-france\/paris_75056\/un-voyeur-dans-les-vestiaires-a-la-piscine-la-mairie-de-paris-lance-une-inspection-et-appelle-a-la-vigilance_62489917.html\" rel=\"nofollow noopener\" target=\"_blank\">film\u00e9e \u00e0 son insu par un inconnu<\/a> de 38 ans alors qu\u2019elle se rhabillait dans une cabine de la piscine Georges Hermant \u00e0 Paris (19e) le 1er avril dernier, les r\u00e9cits de <strong>violences sexistes et sexuelles<\/strong> dans les piscines et douches publiques de la capitale pleuvent sur les r\u00e9seaux sociaux et dans ses messages priv\u00e9s. <br \/>Des histoires qui, trop souvent, ne sont pas all\u00e9es au bout et n\u2019ont pas entra\u00een\u00e9 de changements durables. \u00ab\u00a0C\u2019est le probl\u00e8me du traitement des faits divers, on isole, on morcelle, alors qu\u2019en r\u00e9alit\u00e9 c\u2019est un sujet de soci\u00e9t\u00e9\u00a0\u00bb, plantait d\u2019ailleurs la victime et lanceuse d\u2019alerte, vendredi 13 juin 2025, avant l\u2019audience au tribunal de Paris. \u00ab\u00a0\u00c7a n\u2019est pas que mon affaire\u2026 J\u2019ai voulu en faire quelque chose de constructif\u00a0\u00bb, a-t-elle ajout\u00e9 durant le proc\u00e8s.<br \/>Au c\u0153ur du probl\u00e8me, une protection des usag\u00e8res aujourd\u2019hui d\u00e9faillante. Le 12 avril, la <a href=\"https:\/\/actu.fr\/tag\/mairie-de-paris\" rel=\"nofollow noopener\" target=\"_blank\">Ville de Paris<\/a> r\u00e9agissait d\u2019ailleurs en annon\u00e7ant dans un communiqu\u00e9 \u00ab\u00a0renforcer ses moyens de lutte contre les actes de voyeurisme\u00a0\u00bb, en lan\u00e7ant une s\u00e9rie de mesures, dont un <strong>audit complet de ses 40 piscines<\/strong>. Laur\u00e8ne Daycard esp\u00e8re d\u00e9sormais que ces \u00ab\u00a0solutions concr\u00e8tes\u00a0\u00bb inspireront d\u2019autres communes. \u00ab\u00a0C\u2019est un probl\u00e8me national\u00a0\u00bb, insiste-t-elle.<\/p>\n<p>\u00ab\u00a0Un boulevard pour les agresseurs\u00a0\u00bb\u00a0<\/p>\n<p class=\" wall-content\">\u00ab\u00a0C\u2019est une grosse b\u00eatise\u00a0\u00bb. \u00c0 la barre, Emmanuel L. minimise. S\u2019il a reconnu les faits d\u00e8s sa deuxi\u00e8me audition, apr\u00e8s avoir gard\u00e9 le silence \u00e0 la premi\u00e8re, le pr\u00e9venu ne mesure, visiblement, pas vraiment la port\u00e9e de ses actes. \u00ab\u00a0Elle n\u2019a pas souffert, elles n\u2019ont pas souffert, puisqu\u2019elles n\u2019ont pas vu les vid\u00e9os\u00a0\u00bb, disait-il au psychiatre lors de son expertise, \u00e0 l\u2019occasion de laquelle il a notamment avou\u00e9 avoir film\u00e9 <strong>une centaine d\u2019autres femmes<\/strong>.<\/p>\n<p class=\" wall-content\"><a href=\"https:\/\/www.instagram.com\/p\/DIBQTKOKPaF\/embed\" title=\"Ouvrir le lien sur Instagram\" rel=\"nofollow noopener\" target=\"_blank\">Visualiser le contenu sur Instagram<\/a><\/p>\n<p class=\" wall-content\">En se rem\u00e9morant la lecture de cette phrase dans la retranscription, Laur\u00e8ne Daycard se fige : \u00ab\u00a0\u00c7a m\u2019a heurt\u00e9. De quel droit peut-il d\u00e9cider de mes \u00e9motions ?\u00a0\u00bb Un \u00e9l\u00e9ment qui tend \u00e0 souligner le d\u00e9calage entre la gravit\u00e9 des faits et leur perception par l\u2019auteur de ceux-ci. Ce qui aurait particip\u00e9 \u00e0 rendre son <strong>comportement progressivement compulsif<\/strong>. \u00ab\u00a0Je ne me faisais pas prendre, c\u2019\u00e9tait facile. Je pouvais le faire, alors je le faisais\u00a0\u00bb, justifiera-t-il au cours du proc\u00e8s.\u00a0<\/p>\n<p class=\" wall-content\">Puis de pr\u00e9ciser : \u00ab\u00a0C\u2019\u00e9tait d\u2019abord une fois par mois, puis toutes les deux semaines et finalement deux fois par semaine\u00a0\u00bb. Une mont\u00e9e en r\u00e9gime motiv\u00e9e par <strong>une impunit\u00e9 totale<\/strong>, comme il le r\u00e9p\u00e9tera \u00e0 plusieurs reprises. Un dossier loin d\u2019\u00eatre un cas isol\u00e9.<\/p>\n<p class=\" wall-content\">\u00ab\u00a0Depuis mon message sur Instagram, je re\u00e7ois plein de messages de femmes qui relatent des agressions comme la mienne (\u2026) <strong>La Ville a rebouch\u00e9 plus de 200 trous<\/strong>, dont certains creus\u00e9s \u00e0 la perceuse dans les cabines. Il y a aussi un groupe de travail qui a \u00e9t\u00e9 mont\u00e9 pour que \u00e7a ne soit plus un boulevard pour les agresseurs\u00a0\u00bb, a contextualis\u00e9 la victime \u00e0 la barre.\u00a0 \u00a0 \u00a0<\/p>\n<p>\u00ab\u00a0Regarder toujours la m\u00eame chose, \u00e7a lasse\u00a0\u00bb<\/p>\n<p class=\" wall-content\">Emmanuel L. n\u2019a, lui, jamais \u00ab\u00a0vraiment\u00a0\u00bb eu de relation sentimentale, il a peu d\u2019amis et a des liens fragiles avec sa famille. \u00c0 presque quarante ans, il habite un petit appartement qui appartient \u00e0 sa m\u00e8re, vit du revenu de solidarit\u00e9 active (RSA) et <strong>n\u2019a jamais r\u00e9ellement travaill\u00e9<\/strong>. Sa d\u00e9linquance sexuelle aurait, elle, d\u00e9marr\u00e9 en septembre 2024, dit-il.\u00a0<\/p>\n<p class=\" wall-content\">\u00ab\u00a0Un ami m\u2019a parl\u00e9 de piscine. Au d\u00e9but j\u2019y allais juste pour nager, puis je me suis dis : tiens\u2026\u00a0\u00bb, relate-t-il. Avant de d\u00e9tailler son mode op\u00e9ratoire : \u00ab\u00a0J\u2019avais un sac, o\u00f9 je mettais le t\u00e9l\u00e9phone pour filmer des femmes nues. Soit je regardais sous la cabine pour <strong>voir si c\u2019\u00e9tait des pieds de femmes<\/strong>, soit par l\u2019ext\u00e9rieur en rentrant. Je cherchais des femmes assez belles, \u00e0 mon go\u00fbt.\u00a0\u00bb\u00a0<\/p>\n<p class=\" wall-content\">Puis il glissait discr\u00e8tement sous leur cabine son sac, dans lequel il avait creus\u00e9 <strong>un petit trou pour y positionner l\u2019objectif de son t\u00e9l\u00e9phone<\/strong>. Que fait-il ensuite des vid\u00e9os ? \u00ab\u00a0Je les mettais sur mon ordinateur, pour les voir, me masturber. Un peu comme un film porno.\u00a0\u00bb En ill\u00e9gal. Peu \u00e0 peu, il se rend \u00e0 diff\u00e9rentes piscines, uniquement pour mettre son plan \u00e0 ex\u00e9cution. \u00ab\u00a0Regarder toujours la m\u00eame chose, \u00e7a lasse. L\u2019id\u00e9e c\u2019\u00e9tait d\u2019avoir le choix, comme le porno\u00a0\u00bb, arguera-t-il.\u00a0<\/p>\n<p class=\" wall-content\">C\u2019est peu dire. Au cours de la perquisition de son domicile du 4e arrondissement, les forces de l\u2019ordre ont mis la main sur <strong>pr\u00e8s de 1500 \u00e9l\u00e9ments<\/strong>, retrouv\u00e9s gr\u00e2ce \u00e0 l\u2019exploitation d\u2019un ordinateur et d\u2019un disque dur. Des vid\u00e9os prises dans des piscines, mais aussi des \u00ab\u00a0photos de tr\u00e8s jeunes filles trouv\u00e9es sur le darknet\u00a0\u00bb, principalement. Une enqu\u00eate incidente a, par ailleurs, \u00e9t\u00e9 ouverte pour <strong>d\u00e9tention d\u2019images p\u00e9dopornographiques<\/strong> a appris actu Paris aupr\u00e8s du parquet.<\/p>\n<p>\u00ab\u00a0Nager, c\u2019\u00e9tait mon plaisir et il me l\u2019a g\u00e2ch\u00e9\u00a0\u00bb<\/p>\n<p class=\" wall-content\">En attendant, Emmanuel L a \u00e9t\u00e9 condamn\u00e9, vendredi 13 juin 2025, au tribunal de Paris, <strong>\u00e0 dix mois d\u2019emprisonnement<\/strong> assortis d\u2019un sursis probatoire de deux ans, \u00e0 140 heures de travail d\u2019int\u00e9r\u00eat g\u00e9n\u00e9ral (TIG), \u00e0 une interdiction de contact avec la victime, \u00e0 une interdiction de para\u00eetre dans les piscines et salles de sport \u00e0 Paris, \u00e0 une obligation de travail et de soin et \u00e0 indemniser la victime.\u00a0<\/p>\n<p class=\" wall-content\">Une peine qui ne dit pas grand chose des d\u00e9g\u00e2ts qu\u2019il a caus\u00e9s. \u00ab\u00a0C\u2019est une effraction de mon intimit\u00e9, mais aussi du temps. Aujourd\u2019hui, pour le proc\u00e8s. Hier soir, au commissariat. Tout \u00e7a sur mon temps de travail\u00a0\u00bb, a t\u00e9moign\u00e9 \u00e0 l\u2019audience Laur\u00e8ne Daycard. \u00c9voquant, apr\u00e8s un moment d\u2019h\u00e9sitation, des s\u00e9quelles bien plus profondes, plus insidieuses : \u00ab\u00a0J\u2019ai peur que \u00e7a recommence\u2026 <strong>Nager, c\u2019\u00e9tait mon plaisir<\/strong> et il me l\u2019a g\u00e2ch\u00e9.\u00a0\u00bb<\/p>\n<p class=\" wall-content\">Suivez toute l\u2019actualit\u00e9 de vos villes et m\u00e9dias favoris en vous inscrivant \u00e0 <a href=\"https:\/\/moncompte.actu.fr\" title=\"D\u00e9couvez Mon Actu\" rel=\"nofollow noopener\" data-trk=\"{&quot;cta&quot;:{&quot;action&quot;:&quot;https:\\\/\\\/moncompte.actu.fr&quot;,&quot;category&quot;:&quot;mon compte&quot;,&quot;from&quot;:&quot;article footer&quot;,&quot;name&quot;:&quot;Mon actu&quot;,&quot;type&quot;:&quot;cta&quot;}}\" target=\"_blank\">Mon Actu<\/a>.<\/p>\n<ul class=\"ac-article-tag wall-content\">\n<li><a href=\"https:\/\/actu.fr\/tag\/mairie-de-paris\" data-trk=\"{&quot;cta&quot;:{&quot;action&quot;:&quot;Mairie de Paris&quot;,&quot;category&quot;:&quot;tag&quot;,&quot;from&quot;:&quot;article footer&quot;,&quot;name&quot;:&quot;Mairie de Paris&quot;,&quot;type&quot;:&quot;cta&quot;}}\" rel=\"nofollow noopener\" target=\"_blank\">#Mairie de Paris<\/a><\/li>\n<li><a href=\"https:\/\/actu.fr\/tag\/violences-sexuelles\" data-trk=\"{&quot;cta&quot;:{&quot;action&quot;:&quot;Violences sexuelles&quot;,&quot;category&quot;:&quot;tag&quot;,&quot;from&quot;:&quot;article footer&quot;,&quot;name&quot;:&quot;Violences sexuelles&quot;,&quot;type&quot;:&quot;cta&quot;}}\" rel=\"nofollow noopener\" target=\"_blank\">#Violences sexuelles<\/a><\/li>\n<\/ul>\n<p>                    <script async src=\"\/\/www.instagram.com\/embed.js\"><\/script><\/p>\n","protected":false},"excerpt":{"rendered":"Par Augustin Delaporte Publi\u00e9 le 13 juin 2025 \u00e0 20h16 \u00ab\u00a0Dans cette piscine, un homme m\u2019a sorti son&hellip;\n","protected":false},"author":2,"featured_media":174589,"comment_status":"","ping_status":"","sticky":false,"template":"","format":"standard","meta":{"footnotes":""},"categories":[1888],"tags":[11,1777,674,118,1011,27,2381,12,626,25,799],"class_list":{"0":"post-174588","1":"post","2":"type-post","3":"status-publish","4":"format-standard","5":"has-post-thumbnail","7":"category-paris","8":"tag-actualites","9":"tag-eu","10":"tag-europe","11":"tag-faits-divers","12":"tag-fr","13":"tag-france","14":"tag-mairie-de-paris","15":"tag-news","16":"tag-paris","17":"tag-republique-francaise","18":"tag-violences-sexuelles"},"share_on_mastodon":{"url":"https:\/\/pubeurope.com\/@fr\/114678812121841495","error":""},"_links":{"self":[{"href":"https:\/\/www.europesays.com\/fr\/wp-json\/wp\/v2\/posts\/174588","targetHints":{"allow":["GET"]}}],"collection":[{"href":"https:\/\/www.europesays.com\/fr\/wp-json\/wp\/v2\/posts"}],"about":[{"href":"https:\/\/www.europesays.com\/fr\/wp-json\/wp\/v2\/types\/post"}],"author":[{"embeddable":true,"href":"https:\/\/www.europesays.com\/fr\/wp-json\/wp\/v2\/users\/2"}],"replies":[{"embeddable":true,"href":"https:\/\/www.europesays.com\/fr\/wp-json\/wp\/v2\/comments?post=174588"}],"version-history":[{"count":0,"href":"https:\/\/www.europesays.com\/fr\/wp-json\/wp\/v2\/posts\/174588\/revisions"}],"wp:featuredmedia":[{"embeddable":true,"href":"https:\/\/www.europesays.com\/fr\/wp-json\/wp\/v2\/media\/174589"}],"wp:attachment":[{"href":"https:\/\/www.europesays.com\/fr\/wp-json\/wp\/v2\/media?parent=174588"}],"wp:term":[{"taxonomy":"category","embeddable":true,"href":"https:\/\/www.europesays.com\/fr\/wp-json\/wp\/v2\/categories?post=174588"},{"taxonomy":"post_tag","embeddable":true,"href":"https:\/\/www.europesays.com\/fr\/wp-json\/wp\/v2\/tags?post=174588"}],"curies":[{"name":"wp","href":"https:\/\/api.w.org\/{rel}","templated":true}]}}