{"id":17459,"date":"2025-04-11T14:07:36","date_gmt":"2025-04-11T14:07:36","guid":{"rendered":"https:\/\/www.europesays.com\/fr\/17459\/"},"modified":"2025-04-11T14:07:36","modified_gmt":"2025-04-11T14:07:36","slug":"a-strasbourg-on-a-voyage-dans-les-etoiles-avec-lexpo-petit-prince","status":"publish","type":"post","link":"https:\/\/www.europesays.com\/fr\/17459\/","title":{"rendered":"\u00e0 Strasbourg, on a voyag\u00e9 dans les \u00e9toiles avec l\u2019expo \u00ab Petit Prince \u00bb"},"content":{"rendered":"<p>    <img loading=\"lazy\" width=\"1800\" height=\"900\" src=\"https:\/\/www.europesays.com\/fr\/wp-content\/uploads\/2025\/04\/jeanne-callthepolice.jpg\" class=\"attachment-full size-full\" alt=\"\" id=\"imageLove\" decoding=\"async\"  \/><\/p>\n<p id=\"breadcrumbs\"><a href=\"https:\/\/pokaa.fr\/\" target=\"_blank\" rel=\"noopener\">Accueil<\/a> \/ <a href=\"https:\/\/pokaa.fr\/categories\/ses-sorties\/\" target=\"_blank\" rel=\"noopener\">Sorties<\/a> \/ Magique et immersive : \u00e0 Strasbourg, on a voyag\u00e9 dans les \u00e9toiles avec l\u2019expo \u00ab Petit Prince \u00bb<\/p>\n<p>                    Sorties<\/p>\n<p><strong>Envie de vous plonger dans l\u2019univers du Petit Prince ? De faire d\u00e9couvrir ce grand classique \u00e0 vos ami(e)s ou \u00e0 vos enfants ? Ou m\u00eame d\u2019en savoir plus sur Antoine de Saint-Exup\u00e9ry ? C\u2019est le moment : \u00e0 Strasbourg, l\u2019expo<a href=\"https:\/\/www.lepetitprince.com\/actualites-dans-le-monde\/lexposition-le-petit-prince-parmi-les-hommes-de-tempora-arrive-a-strasbourg-en-octobre\/\" target=\"_blank\" rel=\"noopener\"> Le Petit Prince parmi les Hommes<\/a> s\u2019est install\u00e9e jusqu\u2019au 4 mai, au Parc des expositions. On vous dit tout sur cette exp\u00e9rience hors du temps, et surtout, on vous fait profiter d\u2019une belle r\u00e9duction pour aller, vous aussi, vous r\u00e9galer. Rendez-vous en fin d\u2019article !<\/strong><\/p>\n<p><strong>Le Petit Prince<\/strong>, on le conna\u00eet au moins de nom. <strong>Grand classique \u00e9crit en 1943,<\/strong> il a berc\u00e9 bien des enfances (et plus encore). L\u2019histoire de ce gar\u00e7on qui visite de nombreuses plan\u00e8tes, et rencontre autant de personnages intrigants, en a fait voyager plus d\u2019un(e). Mais bien souvent, <strong>on conna\u00eet mal le parcours d\u2019Antoine de Saint-Exup\u00e9ry,<\/strong> son auteur, qui a lui aussi de quoi faire r\u00eaver.<\/p>\n<p><strong>L\u2019exposition fait dialoguer le conte avec la vie de son auteur, dans une enfilade de salles plus magiques les unes que les autres.<\/strong> On vous embarque dans notre visite, entre \u00e9toiles et nuages.<\/p>\n<p>    <img width=\"800\" height=\"450\" src=\"https:\/\/www.europesays.com\/fr\/wp-content\/uploads\/2025\/04\/exposition-petit-prince-saint-exupery-56-800x450.jpg\" class=\"attachment-image-size-L size-image-size-L\" alt=\"Exposition Petit Prince Saint Exup\u00e9ry (56)\" decoding=\"async\" loading=\"lazy\"  \/>         \u00a9 Marie Goehner-David \/ Pokaa <\/p>\n<p>\u00ab Dessine-moi un mouton \u00bb<\/p>\n<p>L\u2019exposition propose, au fil des salles,<strong> un cheminement entre le personnage du Petit Prince et Saint-Exup\u00e9ry, le tout racont\u00e9 par Marie, la m\u00e8re de l\u2019auteur,<\/strong> dans un audioguide. Et le parcours se construit \u00e0 travers <strong>des salles \u00e0 la fois spectaculaires et immersives. <\/strong><\/p>\n<p><strong>On commence par savourer le conte, la t\u00eate litt\u00e9ralement dans les \u00e9toiles, <\/strong>au milieu des r\u00e9pliques des personnages et des plan\u00e8tes, que l\u2019on peut toucher. On \u00e9coute comment le Petit Prince ch\u00e9rit sa fleur, regarde les couchers de soleil, ou rencontre le renard qu\u2019il doit apprivoiser. Moment hors du temps garanti.<\/p>\n<p>                <img width=\"750\" height=\"500\" src=\"https:\/\/www.europesays.com\/fr\/wp-content\/uploads\/2025\/04\/exposition-petit-prince-saint-exupery-13-750x500.jpg\" class=\"attachment-gallery size-gallery\" alt=\"Exposition Petit Prince Saint Exup\u00e9ry (13)\" data-full-url=\"https:\/\/pokaa.fr\/wp-content\/uploads\/2025\/01\/31\/exposition-petit-prince-saint-exupery-13.jpg\" decoding=\"async\" loading=\"lazy\"  \/>            <\/p>\n<p>                <img width=\"750\" height=\"500\" src=\"https:\/\/www.europesays.com\/fr\/wp-content\/uploads\/2025\/04\/exposition-petit-prince-saint-exupery-12-750x500.jpg\" class=\"attachment-gallery size-gallery\" alt=\"Exposition Petit Prince Saint Exup\u00e9ry (12)\" data-full-url=\"https:\/\/pokaa.fr\/wp-content\/uploads\/2025\/01\/31\/exposition-petit-prince-saint-exupery-12.jpg\" decoding=\"async\" loading=\"lazy\"  \/>            <\/p>\n<p>                <img width=\"333\" height=\"500\" src=\"https:\/\/www.europesays.com\/fr\/wp-content\/uploads\/2025\/04\/exposition-petit-prince-saint-exupery-3-333x500.jpg\" class=\"attachment-gallery size-gallery\" alt=\"Exposition Petit Prince Saint Exup\u00e9ry (3)\" data-full-url=\"https:\/\/pokaa.fr\/wp-content\/uploads\/2025\/01\/31\/exposition-petit-prince-saint-exupery-3.jpg\" decoding=\"async\" loading=\"lazy\"  \/>            <\/p>\n<p>                <img width=\"333\" height=\"500\" src=\"https:\/\/www.europesays.com\/fr\/wp-content\/uploads\/2025\/04\/exposition-petit-prince-saint-exupery-8-333x500.jpg\" class=\"attachment-gallery size-gallery\" alt=\"Exposition Petit Prince Saint Exup\u00e9ry\" data-full-url=\"https:\/\/pokaa.fr\/wp-content\/uploads\/2025\/01\/31\/exposition-petit-prince-saint-exupery-8.jpg\" decoding=\"async\" loading=\"lazy\"  \/>            <\/p>\n<p>                <img width=\"750\" height=\"500\" src=\"https:\/\/www.europesays.com\/fr\/wp-content\/uploads\/2025\/04\/exposition-petit-prince-saint-exupery-9-750x500.jpg\" class=\"attachment-gallery size-gallery\" alt=\"Exposition Petit Prince Saint Exup\u00e9ry (9)\" data-full-url=\"https:\/\/pokaa.fr\/wp-content\/uploads\/2025\/01\/31\/exposition-petit-prince-saint-exupery-9.jpg\" decoding=\"async\" loading=\"lazy\"  \/>            <\/p>\n<p>                    \u00a9 Marie Goehner-David \/ Pokaa<\/p>\n<p>    <img width=\"1200\" height=\"800\" src=\"https:\/\/www.europesays.com\/fr\/wp-content\/uploads\/2025\/04\/exposition-petit-prince-saint-exupery-4-1200x800.jpg\" class=\"attachment-image-size-XL size-image-size-XL\" alt=\"Exposition Petit Prince Saint Exup\u00e9ry (4)\" decoding=\"async\" loading=\"lazy\"  \/>         \u00a9 Marie Goehner-David \/ Pokaa <\/p>\n<p>Saint-Exup\u00e9ry, la t\u00eate dans les nuages<\/p>\n<p>Apr\u00e8s ce moment suspendu, on en apprend plus sur <strong>la vie de Saint-Exup\u00e9ry. Sa passion pour l\u2019aviation, ses premiers romans, son travail \u00e0 l\u2019A\u00e9ropostale <\/strong>pour transporter des lettres dans le monde entier. Sa vie de famille, ses premiers carnets et gribouillis. Son travail de journaliste puis dans l\u2019arm\u00e9e de l\u2019air, mais aussi sa disparition en mer en 1944.<\/p>\n<p>Le tout montr\u00e9 \u00e0 travers <strong>des salles hypnotisantes :<\/strong> on se balade au milieu de v\u00e9los suspendus, de plans d\u2019aviation. On d\u00e9couvre <strong>des animations dans une salle enti\u00e8rement faite de miroirs<\/strong>, et on peut s\u2019asseoir dans <strong>une r\u00e9plique grandeur nature d\u2019un avion de guerre,<\/strong> profiter <strong>de projections \u00e0 360 degr\u00e9s sur des livres immenses,<\/strong> et se sentir tout(e) petit(e) au milieu des \u00e9l\u00e9ments \u2013 comme l\u2019auteur depuis son cockpit.<\/p>\n<p>                <img width=\"750\" height=\"500\" src=\"https:\/\/www.europesays.com\/fr\/wp-content\/uploads\/2025\/04\/exposition-petit-prince-saint-exupery-15-750x500.jpg\" class=\"attachment-gallery size-gallery\" alt=\"Exposition Petit Prince Saint Exup\u00e9ry (15)\" data-full-url=\"https:\/\/pokaa.fr\/wp-content\/uploads\/2025\/01\/31\/exposition-petit-prince-saint-exupery-15.jpg\" decoding=\"async\" loading=\"lazy\"  \/>            <\/p>\n<p>                <img width=\"281\" height=\"500\" src=\"https:\/\/www.europesays.com\/fr\/wp-content\/uploads\/2025\/04\/exposition-petit-prince-saint-exupery-53-281x500.jpg\" class=\"attachment-gallery size-gallery\" alt=\"Exposition Petit Prince Saint Exup\u00e9ry (53)\" data-full-url=\"https:\/\/pokaa.fr\/wp-content\/uploads\/2025\/01\/31\/exposition-petit-prince-saint-exupery-53.jpg\" decoding=\"async\" loading=\"lazy\"  \/>            <\/p>\n<p>                <img width=\"750\" height=\"500\" src=\"https:\/\/www.europesays.com\/fr\/wp-content\/uploads\/2025\/04\/exposition-petit-prince-saint-exupery-28-750x500.jpg\" class=\"attachment-gallery size-gallery\" alt=\"Exposition Petit Prince Saint Exup\u00e9ry (28)\" data-full-url=\"https:\/\/pokaa.fr\/wp-content\/uploads\/2025\/01\/31\/exposition-petit-prince-saint-exupery-28.jpg\" decoding=\"async\" loading=\"lazy\"  \/>            <\/p>\n<p>                <img width=\"750\" height=\"500\" src=\"https:\/\/www.europesays.com\/fr\/wp-content\/uploads\/2025\/04\/exposition-petit-prince-saint-exupery-34-750x500.jpg\" class=\"attachment-gallery size-gallery\" alt=\"Exposition Petit Prince Saint Exup\u00e9ry (34)\" data-full-url=\"https:\/\/pokaa.fr\/wp-content\/uploads\/2025\/01\/31\/exposition-petit-prince-saint-exupery-34.jpg\" decoding=\"async\" loading=\"lazy\"  \/>            <\/p>\n<p>                <img width=\"333\" height=\"500\" src=\"https:\/\/www.europesays.com\/fr\/wp-content\/uploads\/2025\/04\/exposition-petit-prince-saint-exupery-32-333x500.jpg\" class=\"attachment-gallery size-gallery\" alt=\"Exposition Petit Prince Saint Exup\u00e9ry (32)\" data-full-url=\"https:\/\/pokaa.fr\/wp-content\/uploads\/2025\/01\/31\/exposition-petit-prince-saint-exupery-32.jpg\" decoding=\"async\" loading=\"lazy\"  \/>            <\/p>\n<p>                <img width=\"750\" height=\"500\" src=\"https:\/\/www.europesays.com\/fr\/wp-content\/uploads\/2025\/04\/exposition-petit-prince-saint-exupery-18-750x500.jpg\" class=\"attachment-gallery size-gallery\" alt=\"Exposition Petit Prince Saint Exup\u00e9ry (18)\" data-full-url=\"https:\/\/pokaa.fr\/wp-content\/uploads\/2025\/01\/31\/exposition-petit-prince-saint-exupery-18.jpg\" decoding=\"async\" loading=\"lazy\"  \/>            <\/p>\n<p>                <img width=\"750\" height=\"500\" src=\"https:\/\/www.europesays.com\/fr\/wp-content\/uploads\/2025\/04\/exposition-petit-prince-saint-exupery-51-750x500.jpg\" class=\"attachment-gallery size-gallery\" alt=\"Exposition Petit Prince Saint Exup\u00e9ry (51)\" data-full-url=\"https:\/\/pokaa.fr\/wp-content\/uploads\/2025\/01\/31\/exposition-petit-prince-saint-exupery-51.jpg\" decoding=\"async\" loading=\"lazy\"  \/>            <\/p>\n<p>                <img width=\"750\" height=\"500\" src=\"https:\/\/www.europesays.com\/fr\/wp-content\/uploads\/2025\/04\/exposition-petit-prince-saint-exupery-47-750x500.jpg\" class=\"attachment-gallery size-gallery\" alt=\"Exposition Petit Prince Saint Exup\u00e9ry (47)\" data-full-url=\"https:\/\/pokaa.fr\/wp-content\/uploads\/2025\/01\/31\/exposition-petit-prince-saint-exupery-47.jpg\" decoding=\"async\" loading=\"lazy\"  \/>            <\/p>\n<p>                <img width=\"750\" height=\"500\" src=\"https:\/\/www.europesays.com\/fr\/wp-content\/uploads\/2025\/04\/exposition-petit-prince-saint-exupery-50-750x500.jpg\" class=\"attachment-gallery size-gallery\" alt=\"Exposition Petit Prince Saint Exup\u00e9ry (50)\" data-full-url=\"https:\/\/pokaa.fr\/wp-content\/uploads\/2025\/01\/31\/exposition-petit-prince-saint-exupery-50.jpg\" decoding=\"async\" loading=\"lazy\"  \/>            <\/p>\n<p>                    \u00a9 Marie Goehner-David \/ Pokaa<\/p>\n<p>                <img width=\"750\" height=\"500\" src=\"https:\/\/www.europesays.com\/fr\/wp-content\/uploads\/2025\/04\/exposition-petit-prince-saint-exupery-39-750x500.jpg\" class=\"attachment-gallery size-gallery\" alt=\"Exposition Petit Prince Saint Exup\u00e9ry (39)\" data-full-url=\"https:\/\/pokaa.fr\/wp-content\/uploads\/2025\/01\/31\/exposition-petit-prince-saint-exupery-39.jpg\" decoding=\"async\" loading=\"lazy\"  \/>            <\/p>\n<p>                <img width=\"750\" height=\"500\" src=\"https:\/\/www.europesays.com\/fr\/wp-content\/uploads\/2025\/04\/exposition-petit-prince-saint-exupery-42-750x500.jpg\" class=\"attachment-gallery size-gallery\" alt=\"Exposition Petit Prince Saint Exup\u00e9ry (42)\" data-full-url=\"https:\/\/pokaa.fr\/wp-content\/uploads\/2025\/01\/31\/exposition-petit-prince-saint-exupery-42.jpg\" decoding=\"async\" loading=\"lazy\"  \/>            <\/p>\n<p>                <img width=\"750\" height=\"500\" src=\"https:\/\/www.europesays.com\/fr\/wp-content\/uploads\/2025\/04\/exposition-petit-prince-saint-exupery-41-750x500.jpg\" class=\"attachment-gallery size-gallery\" alt=\"Exposition Petit Prince Saint Exup\u00e9ry (41)\" data-full-url=\"https:\/\/pokaa.fr\/wp-content\/uploads\/2025\/01\/31\/exposition-petit-prince-saint-exupery-41.jpg\" decoding=\"async\" loading=\"lazy\"  \/>            <\/p>\n<p>                <img width=\"750\" height=\"500\" src=\"https:\/\/www.europesays.com\/fr\/wp-content\/uploads\/2025\/04\/exposition-petit-prince-saint-exupery-40-750x500.jpg\" class=\"attachment-gallery size-gallery\" alt=\"Exposition Petit Prince Saint Exup\u00e9ry (40)\" data-full-url=\"https:\/\/pokaa.fr\/wp-content\/uploads\/2025\/01\/31\/exposition-petit-prince-saint-exupery-40.jpg\" decoding=\"async\" loading=\"lazy\"  \/>            <\/p>\n<p>                    \u00a9 Marie Goehner-David \/ Pokaa<\/p>\n<p>    <img width=\"400\" height=\"600\" src=\"https:\/\/www.europesays.com\/fr\/wp-content\/uploads\/2025\/04\/exposition-petit-prince-saint-exupery-31-400x600.jpg\" class=\"attachment-image-size-M size-image-size-M\" alt=\"Exposition Petit Prince Saint Exup\u00e9ry (31)\" decoding=\"async\" loading=\"lazy\"  \/>         \u00a9 Marie Goehner-David \/ Pokaa <\/p>\n<p>\u00c0 la fin du parcours, dans une salle vide au d\u00e9cor aquatique, <strong>on d\u00e9couvre un tr\u00e9sor absolu\u00a0: la gourmette de Saint-Exup\u00e9ry,<\/strong> qu\u2019il portait autour du poignet lors de son dernier vol. Retrouv\u00e9e en 2000 en m\u00eame temps que son avion au large de Marseille, elle a c\u00f4toy\u00e9 l\u2019immensit\u00e9 du ciel et la profondeur des oc\u00e9ans.<\/p>\n<p>                <img width=\"509\" height=\"500\" src=\"https:\/\/www.europesays.com\/fr\/wp-content\/uploads\/2025\/04\/exposition-petit-prince-saint-exupery-44-509x500.jpg\" class=\"attachment-gallery size-gallery\" alt=\"Exposition Petit Prince Saint Exup\u00e9ry (44)\" data-full-url=\"https:\/\/pokaa.fr\/wp-content\/uploads\/2025\/01\/31\/exposition-petit-prince-saint-exupery-44.jpg\" decoding=\"async\" loading=\"lazy\"  \/>            <\/p>\n<p>                <img width=\"750\" height=\"500\" src=\"https:\/\/www.europesays.com\/fr\/wp-content\/uploads\/2025\/04\/exposition-petit-prince-saint-exupery-46-750x500.jpg\" class=\"attachment-gallery size-gallery\" alt=\"Exposition Petit Prince Saint Exup\u00e9ry (46)\" data-full-url=\"https:\/\/pokaa.fr\/wp-content\/uploads\/2025\/01\/31\/exposition-petit-prince-saint-exupery-46.jpg\" decoding=\"async\" loading=\"lazy\"  \/>            <\/p>\n<p>                    \u00a9 Marie Goehner-David \/ Pokaa<\/p>\n<p>Deux places pour le prix d\u2019une pour les lecteurs\/rices de Pokaa ! <\/p>\n<p>Parce que chez Pokaa, on aime partager de belles choses mais aussi vous r\u00e9galer, on a d\u00e9cid\u00e9 de vous g\u00e2ter : <strong>\u00e0 partir d\u2019aujourd\u2019hui, un billet achet\u00e9 = un deuxi\u00e8me gratuit. <\/strong>Pour en profiter, il suffit de passer par <strong><a href=\"https:\/\/expo-petitprince.com\/tickets\/\" target=\"_blank\" rel=\"noopener\">la billetterie en ligne<\/a>, et de rentrer le code POKAA.<\/strong> Alors, vous venez\u00a0?<\/p>\n<p>                <img width=\"750\" height=\"500\" src=\"https:\/\/www.europesays.com\/fr\/wp-content\/uploads\/2025\/04\/exposition-petit-prince-saint-exupery-29-750x500.jpg\" class=\"attachment-gallery size-gallery\" alt=\"Exposition Petit Prince Saint Exup\u00e9ry (29)\" data-full-url=\"https:\/\/pokaa.fr\/wp-content\/uploads\/2025\/01\/31\/exposition-petit-prince-saint-exupery-29.jpg\" decoding=\"async\" loading=\"lazy\"  \/>            <\/p>\n<p>                <img width=\"750\" height=\"500\" src=\"https:\/\/www.europesays.com\/fr\/wp-content\/uploads\/2025\/04\/exposition-petit-prince-saint-exupery-30-750x500.jpg\" class=\"attachment-gallery size-gallery\" alt=\"Exposition Petit Prince Saint Exup\u00e9ry (30)\" data-full-url=\"https:\/\/pokaa.fr\/wp-content\/uploads\/2025\/01\/31\/exposition-petit-prince-saint-exupery-30.jpg\" decoding=\"async\" loading=\"lazy\"  \/>            <\/p>\n<p>                <img width=\"750\" height=\"500\" src=\"https:\/\/www.europesays.com\/fr\/wp-content\/uploads\/2025\/04\/exposition-petit-prince-saint-exupery-21-750x500.jpg\" class=\"attachment-gallery size-gallery\" alt=\"Exposition Petit Prince Saint Exup\u00e9ry (21)\" data-full-url=\"https:\/\/pokaa.fr\/wp-content\/uploads\/2025\/01\/31\/exposition-petit-prince-saint-exupery-21.jpg\" decoding=\"async\" loading=\"lazy\"  \/>            <\/p>\n<p>                <img width=\"750\" height=\"500\" src=\"https:\/\/www.europesays.com\/fr\/wp-content\/uploads\/2025\/04\/exposition-petit-prince-saint-exupery-19-750x500.jpg\" class=\"attachment-gallery size-gallery\" alt=\"Exposition Petit Prince Saint Exup\u00e9ry (19)\" data-full-url=\"https:\/\/pokaa.fr\/wp-content\/uploads\/2025\/01\/31\/exposition-petit-prince-saint-exupery-19.jpg\" decoding=\"async\" loading=\"lazy\"  \/>            <\/p>\n<p>                <img width=\"333\" height=\"500\" src=\"https:\/\/www.europesays.com\/fr\/wp-content\/uploads\/2025\/04\/exposition-petit-prince-saint-exupery-33-333x500.jpg\" class=\"attachment-gallery size-gallery\" alt=\"Exposition Petit Prince Saint Exup\u00e9ry (33)\" data-full-url=\"https:\/\/pokaa.fr\/wp-content\/uploads\/2025\/01\/31\/exposition-petit-prince-saint-exupery-33.jpg\" decoding=\"async\" loading=\"lazy\"  \/>            <\/p>\n<p>                <img width=\"333\" height=\"500\" src=\"https:\/\/www.europesays.com\/fr\/wp-content\/uploads\/2025\/04\/exposition-petit-prince-saint-exupery-17-333x500.jpg\" class=\"attachment-gallery size-gallery\" alt=\"Exposition Petit Prince Saint Exup\u00e9ry (17)\" data-full-url=\"https:\/\/pokaa.fr\/wp-content\/uploads\/2025\/01\/31\/exposition-petit-prince-saint-exupery-17.jpg\" decoding=\"async\" loading=\"lazy\"  \/>            <\/p>\n<p>                    \u00a9 Marie Goehner-David \/ Pokaa<\/p>\n<p>            \u00ab Le Petit Prince parmi les Hommes \u00bb<\/p>\n<p>            Quoi ? <\/p>\n<p>Exposition<\/p>\n<p>                Quand ?<\/p>\n<p>Jusqu\u2019au 4 mai 2025, du mardi au vendredi, de 10h \u00e0 17h, et du samedi au dimanche, de 10h \u00e0 18h<\/p>\n<p>            o\u00f9 ?<\/p>\n<p>Hall 5, Parc des expositions, avenue Herrenschmidt, \u00e0 Strasbourg<\/p>\n<p>                Plus d&rsquo;infos ?<\/p>\n<p><a href=\"https:\/\/expo-petitprince.com\/tickets\/\" target=\"_blank\" rel=\"noopener\">La billetterie en ligne<\/a><\/p>\n<p><strong>1 billet achet\u00e9 = 1 billet offert avec le code POKAA<\/strong><\/p>\n<p>    <img width=\"800\" height=\"533\" src=\"https:\/\/www.europesays.com\/fr\/wp-content\/uploads\/2025\/04\/exposition-petit-prince-saint-exupery-36-800x533.jpg\" class=\"attachment-image-size-L size-image-size-L\" alt=\"Exposition Petit Prince Saint Exup\u00e9ry (36)\" decoding=\"async\" loading=\"lazy\"  \/>         \u00a9 Marie Goehner-David \/ Pokaa <\/p>\n","protected":false},"excerpt":{"rendered":"Accueil \/ Sorties \/ Magique et immersive : \u00e0 Strasbourg, on a voyag\u00e9 dans les \u00e9toiles avec l\u2019expo&hellip;\n","protected":false},"author":2,"featured_media":17460,"comment_status":"","ping_status":"","sticky":false,"template":"","format":"standard","meta":{"footnotes":""},"categories":[2820],"tags":[1111,11,1777,674,1011,27,775,12,7054,7055,25,7056,640],"class_list":{"0":"post-17459","1":"post","2":"type-post","3":"status-publish","4":"format-standard","5":"has-post-thumbnail","7":"category-strasbourg","8":"tag-actu","9":"tag-actualites","10":"tag-eu","11":"tag-europe","12":"tag-fr","13":"tag-france","14":"tag-grand-est","15":"tag-news","16":"tag-parc-des-expositions","17":"tag-petit-prince","18":"tag-republique-francaise","19":"tag-saint-exupery","20":"tag-strasbourg"},"share_on_mastodon":{"url":"https:\/\/pubeurope.com\/@fr\/114319723724271854","error":""},"_links":{"self":[{"href":"https:\/\/www.europesays.com\/fr\/wp-json\/wp\/v2\/posts\/17459","targetHints":{"allow":["GET"]}}],"collection":[{"href":"https:\/\/www.europesays.com\/fr\/wp-json\/wp\/v2\/posts"}],"about":[{"href":"https:\/\/www.europesays.com\/fr\/wp-json\/wp\/v2\/types\/post"}],"author":[{"embeddable":true,"href":"https:\/\/www.europesays.com\/fr\/wp-json\/wp\/v2\/users\/2"}],"replies":[{"embeddable":true,"href":"https:\/\/www.europesays.com\/fr\/wp-json\/wp\/v2\/comments?post=17459"}],"version-history":[{"count":0,"href":"https:\/\/www.europesays.com\/fr\/wp-json\/wp\/v2\/posts\/17459\/revisions"}],"wp:featuredmedia":[{"embeddable":true,"href":"https:\/\/www.europesays.com\/fr\/wp-json\/wp\/v2\/media\/17460"}],"wp:attachment":[{"href":"https:\/\/www.europesays.com\/fr\/wp-json\/wp\/v2\/media?parent=17459"}],"wp:term":[{"taxonomy":"category","embeddable":true,"href":"https:\/\/www.europesays.com\/fr\/wp-json\/wp\/v2\/categories?post=17459"},{"taxonomy":"post_tag","embeddable":true,"href":"https:\/\/www.europesays.com\/fr\/wp-json\/wp\/v2\/tags?post=17459"}],"curies":[{"name":"wp","href":"https:\/\/api.w.org\/{rel}","templated":true}]}}