{"id":174605,"date":"2025-06-14T00:17:10","date_gmt":"2025-06-14T00:17:10","guid":{"rendered":"https:\/\/www.europesays.com\/fr\/174605\/"},"modified":"2025-06-14T00:17:10","modified_gmt":"2025-06-14T00:17:10","slug":"video-morts-circonstances-ce-que-lon-sait-apres-le-terrible-accident-de-bus-en-sarthe-pres-du-mans","status":"publish","type":"post","link":"https:\/\/www.europesays.com\/fr\/174605\/","title":{"rendered":"VIDEO. Morts, circonstances&#8230; Ce que l&rsquo;on sait apr\u00e8s le terrible accident de bus en Sarthe pr\u00e8s du Mans"},"content":{"rendered":"<p>            Par<br \/>\n        <strong><br \/>\n            <a href=\"https:\/\/actu.fr\/auteur\/julie-hurisse\" title=\"Consulter tous les articles de Julie Hurisse\" rel=\"nofollow noopener\" target=\"_blank\">Julie Hurisse<\/a><br \/>\n        <\/strong><\/p>\n<p>        Publi\u00e9 le<\/p>\n<p>            13 juin 2025 \u00e0 20h51        <\/p>\n<p>Un dramatique accident s\u2019est produit sur l\u2019A81 \u00e0 hauteur de Degr\u00e9, pr\u00e8s du Mans (<a href=\"https:\/\/actu.fr\/pays-de-la-loire\/sarthe_72\" rel=\"nofollow noopener\" target=\"_blank\">Sarthe<\/a>), ce <b>vendredi 13 juin 2025<\/b>. Le conducteur d\u2019un bus transportant des adolescents dans le cadre d\u2019un \u00e9change scolaire repartant en Ukraine a perdu le contr\u00f4le de son v\u00e9hicule. <b>Quatre personnes ont \u00e9t\u00e9 tu\u00e9es, neuf gri\u00e8vement bless\u00e9es <\/b>et 18 plus l\u00e9g\u00e8rement.<\/p>\n<p>Quatre personnes tu\u00e9es dans l\u2019accident et 27 bless\u00e9es<\/p>\n<p class=\" wall-content\">Le bus circulait dans le sens Rennes\/Le Mans sur l\u2019A81. Peu avant midi, le conducteur aurait perdu, seul, le contr\u00f4le de son v\u00e9hicule et termin\u00e9 sa course dans un foss\u00e9 entre Sill\u00e9-le-Guillaume et Le Mans, \u00e0 hauteur de la commune de Degr\u00e9.\u00a0<\/p>\n<p class=\" wall-content\"><a href=\"https:\/\/actu.fr\/pays-de-la-loire\/degre_72113\/grave-accident-de-car-sur-lautoroute-a81-pres-du-mans-plusieurs-personnes-tuees_62769361.html\" rel=\"nofollow noopener\" target=\"_blank\">Le <b>bilan est lourd<\/b> :<\/a> quatre personnes, toutes adultes, ont \u00e9t\u00e9 perdu la vie dans l\u2019accident, neuf sont en urgence absolues et 18 sont plus l\u00e9g\u00e8rement bless\u00e9es.<\/p>\n<p>    <img   decoding=\"async\" loading=\"lazy\" class=\"size-large\" src=\"https:\/\/www.europesays.com\/fr\/wp-content\/uploads\/2025\/06\/06ff97b74c4860aff97b74c48edff9v-960x640.jpg\" alt=\"Plus de 80 pompiers sont intervenus sur les lieux de l'accident bus sarthe\" width=\"960\" height=\"640\"\/><br \/>\n    Plus de 80 pompiers sont intervenus sur les lieux de l\u2019accident.\u00a0 \u00a9Aur\u00e9lien BURBAN\/Actu Le Mans87 pompiers mobilis\u00e9s<\/p>\n<p class=\" wall-content\"><b>87 sapeurs pompiers<\/b> de la Sarthe et 49 engins sont intervenus. L\u2019h\u00f4pital du Mans a d\u00e9clench\u00e9 son plan blanc pour les accueillir. <a href=\"https:\/\/actu.fr\/pays-de-la-loire\/angers_49007\/grave-accident-de-bus-pres-du-mans-le-chu-dangers-mobilise-pour-prendre-en-charge-les-victimes_62770746.html\" rel=\"nofollow noopener\" target=\"_blank\">Le CHM d\u2019Angers a \u00e9galement \u00e9t\u00e9 mobilis\u00e9s<\/a> ainsi que les h\u00e9licopt\u00e8res d\u2019Alen\u00e7on et d\u2019Angers.<\/p>\n<p class=\" wall-content\">L\u2019autoroute a \u00e9t\u00e9 ferm\u00e9e dans les deux sens pour faciliter l\u2019intervention des secours. A 19 h, elle n\u2019\u00e9tait rouverte que dans le sens Rennes-Le Mans.<\/p>\n<p class=\" wall-content\">Un centre de commandement a \u00e9t\u00e9 mis en place \u00e0 la Pr\u00e9fecture pour coordonner les interventions.<\/p>\n<p>Les passagers indemnes accueillis \u00e0 Degr\u00e9<\/p>\n<p class=\" wall-content\">\u00c0 <a href=\"https:\/\/actu.fr\/pays-de-la-loire\/degre_72113\" rel=\"nofollow noopener\" target=\"_blank\">Degr\u00e9<\/a>, le maire, <b>Jean-Paul Blot <\/b>a ouvert la salle polyvalente pour y accueillir les personnes indemnes ou l\u00e9g\u00e8rement bless\u00e9es. Etaient mobilis\u00e9s des b\u00e9n\u00e9voles de la Croix Rouge et la Protection Civile notamment.\u00a0<\/p>\n<p>Ministre et ambassadeur sur place<\/p>\n<p class=\" wall-content\">Quelques heures apr\u00e8s l\u2019accident, le <b>pr\u00e9fet de la Sarthe, Emmanuel Aubry <\/b>a accompagn\u00e9 sur les lieux de l\u2019accident, la <b>ministre du travail, Astrid Panosyan-Bouvet<\/b>, en visite dans le d\u00e9partement. \u00ab\u00a0Au nom du gouvernement, je remercie les secours et je dis toute notre compassion aux victimes et \u00e0 leurs proches\u00a0\u00bb, a-t-elle d\u00e9clar\u00e9.\u00a0<\/p>\n<p class=\" wall-content\">Un peu plus tard, l\u2019ambassadeur d\u2019Ukraine en France s\u2019est aussi rendu au chevet des passagers du bus l\u00e9g\u00e8rement bless\u00e9s et indemnes r\u00e9unis \u00e0 la salle des f\u00eates de Degr\u00e9.<\/p>\n<p>    <img   decoding=\"async\" loading=\"lazy\" class=\"size-large\" src=\"https:\/\/www.europesays.com\/fr\/wp-content\/uploads\/2025\/06\/5e3352826c486524352826c4866435v-960x640.jpg\" alt=\"L'ambassadeur d'Ukraine, la ministre du travail et le pr\u00e9fet de la Sarthe ont rendu visite aux passagers indemnes de l'accident.\" width=\"960\" height=\"640\"\/><br \/>\n    L\u2019ambassadeur d\u2019Ukraine, la ministre du travail et le pr\u00e9fet de la Sarthe ont rendu visite aux passagers indemnes de l\u2019accident. \u00a9Aur\u00e9lien BURBAN\/Actu Le MansUn \u00e9change scolaire avec un lyc\u00e9e de Plo\u00ebrmel<\/p>\n<p class=\" wall-content\">Les adolescents et leurs neuf encadrants venus d\u2019Ukraine \u00e9taient en France dans le cadre d\u2019un \u00e9change scolaire avec<a href=\"https:\/\/actu.fr\/bretagne\/ploermel_56165\/accident-mortel-pres-du-mans-les-passagers-du-car-scolaire-etaient-en-visite-a-ploermel_62772244.html\" rel=\"nofollow noopener\" target=\"_blank\"> le lyc\u00e9e agricole Latouche \u00e0 Plo\u00ebrmel<\/a>.<\/p>\n<p class=\" wall-content\">Quant aux circonstances, l\u2019enqu\u00eate le d\u00e9terminera mais sur place, un t\u00e9moin apporte des pr\u00e9cisions. \u00ab\u00a0Le bus avait d\u00e9j\u00e0 subi trois pannes \u00e0 l\u2019aller\u00a0\u00bb, assure-t-il.\u00a0<\/p>\n<p class=\" wall-content\">Les jeunes et leurs accompagnateurs repartaient en Ukraine apr\u00e8s ces quelques jours en France.\u00a0<\/p>\n<p class=\" wall-content\">Les personnes indemnes devraient \u00eatre accueillies pour la nuit \u00e0 <a href=\"https:\/\/actu.fr\/pays-de-la-loire\/coulans-sur-gee_72096\" rel=\"nofollow noopener\" target=\"_blank\">Coulans-sur-G\u00e9e<\/a> et au <a href=\"https:\/\/actu.fr\/le-mans\/\" rel=\"nofollow noopener\" target=\"_blank\">Mans<\/a>.\u00a0<\/p>\n<p class=\" wall-content\"><b>Avec Aur\u00e9lien BURBAN<\/b><\/p>\n<p>Un num\u00e9ro vert a \u00e9t\u00e9 activ\u00e9\u2009: 09\u200970\u200980\u200990\u200940.<\/p>\n<p class=\" wall-content\">Suivez toute l\u2019actualit\u00e9 de vos villes et m\u00e9dias favoris en vous inscrivant \u00e0 <a href=\"https:\/\/moncompte.actu.fr\" title=\"D\u00e9couvez Mon Actu\" rel=\"nofollow noopener\" data-trk=\"{&quot;cta&quot;:{&quot;action&quot;:&quot;https:\\\/\\\/moncompte.actu.fr&quot;,&quot;category&quot;:&quot;mon compte&quot;,&quot;from&quot;:&quot;article footer&quot;,&quot;name&quot;:&quot;Mon actu&quot;,&quot;type&quot;:&quot;cta&quot;}}\" target=\"_blank\">Mon Actu<\/a>.<\/p>\n","protected":false},"excerpt":{"rendered":"Par Julie Hurisse Publi\u00e9 le 13 juin 2025 \u00e0 20h51 Un dramatique accident s\u2019est produit sur l\u2019A81 \u00e0&hellip;\n","protected":false},"author":2,"featured_media":174606,"comment_status":"","ping_status":"","sticky":false,"template":"","format":"standard","meta":{"footnotes":""},"categories":[2],"tags":[119,11,1719,118,1011,27,12,25,2803],"class_list":{"0":"post-174605","1":"post","2":"type-post","3":"status-publish","4":"format-standard","5":"has-post-thumbnail","7":"category-actualites","8":"tag-accident","9":"tag-actualites","10":"tag-enfants","11":"tag-faits-divers","12":"tag-fr","13":"tag-france","14":"tag-news","15":"tag-republique-francaise","16":"tag-transport"},"share_on_mastodon":{"url":"https:\/\/pubeurope.com\/@fr\/114678847535305278","error":""},"_links":{"self":[{"href":"https:\/\/www.europesays.com\/fr\/wp-json\/wp\/v2\/posts\/174605","targetHints":{"allow":["GET"]}}],"collection":[{"href":"https:\/\/www.europesays.com\/fr\/wp-json\/wp\/v2\/posts"}],"about":[{"href":"https:\/\/www.europesays.com\/fr\/wp-json\/wp\/v2\/types\/post"}],"author":[{"embeddable":true,"href":"https:\/\/www.europesays.com\/fr\/wp-json\/wp\/v2\/users\/2"}],"replies":[{"embeddable":true,"href":"https:\/\/www.europesays.com\/fr\/wp-json\/wp\/v2\/comments?post=174605"}],"version-history":[{"count":0,"href":"https:\/\/www.europesays.com\/fr\/wp-json\/wp\/v2\/posts\/174605\/revisions"}],"wp:featuredmedia":[{"embeddable":true,"href":"https:\/\/www.europesays.com\/fr\/wp-json\/wp\/v2\/media\/174606"}],"wp:attachment":[{"href":"https:\/\/www.europesays.com\/fr\/wp-json\/wp\/v2\/media?parent=174605"}],"wp:term":[{"taxonomy":"category","embeddable":true,"href":"https:\/\/www.europesays.com\/fr\/wp-json\/wp\/v2\/categories?post=174605"},{"taxonomy":"post_tag","embeddable":true,"href":"https:\/\/www.europesays.com\/fr\/wp-json\/wp\/v2\/tags?post=174605"}],"curies":[{"name":"wp","href":"https:\/\/api.w.org\/{rel}","templated":true}]}}