{"id":174648,"date":"2025-06-14T00:42:19","date_gmt":"2025-06-14T00:42:19","guid":{"rendered":"https:\/\/www.europesays.com\/fr\/174648\/"},"modified":"2025-06-14T00:42:19","modified_gmt":"2025-06-14T00:42:19","slug":"saint-etienne-achat-renovation-gestion-cette-conciergerie-facilite-la-vie-des-investisseurs","status":"publish","type":"post","link":"https:\/\/www.europesays.com\/fr\/174648\/","title":{"rendered":"Saint-\u00c9tienne. Achat, r\u00e9novation, gestion\u2026 Cette conciergerie facilite la vie des investisseurs"},"content":{"rendered":"<p>Ils ont commenc\u00e9 par un appartement, ils en g\u00e8rent aujourd\u2019hui une centaine. En 2016, L\u00e9onor Losson et Rose Losson Elys\u00e9e investissent dans un premier bien \u00e0 Saint-\u00c9tienne, le r\u00e9novent eux-m\u00eames, puis le louent pour compl\u00e9ter leurs revenus. \u00ab\u00a0On est tomb\u00e9s dans l\u2019immobilier comme \u00e7a.\u00a0\u00bb \u00c0 l\u2019\u00e9poque, lui travaille dans l\u2019ing\u00e9nierie m\u00e9canique, elle est aide-soignante.<\/p>\n<p>En 2019, ils cr\u00e9ent la soci\u00e9t\u00e9 Apparth\u00f4tel, une conciergerie qui g\u00e8re, pour le compte de propri\u00e9taires, une vingtaine d\u2019appartements \u00e0 Lyon, en location de courte dur\u00e9e. En 2023, ils d\u00e9veloppent leur activit\u00e9 \u00e0 Saint-\u00c9tienne et rach\u00e8tent <a href=\"https:\/\/www.leprogres.fr\/economie\/2022\/04\/07\/deco-accueil-menage-avec-sa-conciergerie-il-gere-cinquante-appartements\" target=\"_blank\" rel=\"nofollow noopener\">la conciergerie Beige Hospitalit\u00e9<\/a>.<\/p>\n<p>Des logements \u00ab\u00a0haut de gamme ou atypiques\u00a0\u00bb<\/p>\n<p>En deux ans,&#8230;<\/p>\n","protected":false},"excerpt":{"rendered":"Ils ont commenc\u00e9 par un appartement, ils en g\u00e8rent aujourd\u2019hui une centaine. En 2016, L\u00e9onor Losson et Rose&hellip;\n","protected":false},"author":2,"featured_media":174649,"comment_status":"","ping_status":"","sticky":false,"template":"","format":"standard","meta":{"footnotes":""},"categories":[9653],"tags":[1111,11,2430,33,7539,1777,674,1011,27,1116,12,25,4001,7538,216],"class_list":{"0":"post-174648","1":"post","2":"type-post","3":"status-publish","4":"format-standard","5":"has-post-thumbnail","7":"category-saint-etienne","8":"tag-actu","9":"tag-actualites","10":"tag-auvergne-rhone-alpes","11":"tag-economie","12":"tag-edition-loire-sud","13":"tag-eu","14":"tag-europe","15":"tag-fr","16":"tag-france","17":"tag-immobilier","18":"tag-news","19":"tag-republique-francaise","20":"tag-saint-etienne","21":"tag-saint-etienne-ville","22":"tag-vie-des-entreprises"},"share_on_mastodon":{"url":"https:\/\/pubeurope.com\/@fr\/114678945844597117","error":""},"_links":{"self":[{"href":"https:\/\/www.europesays.com\/fr\/wp-json\/wp\/v2\/posts\/174648","targetHints":{"allow":["GET"]}}],"collection":[{"href":"https:\/\/www.europesays.com\/fr\/wp-json\/wp\/v2\/posts"}],"about":[{"href":"https:\/\/www.europesays.com\/fr\/wp-json\/wp\/v2\/types\/post"}],"author":[{"embeddable":true,"href":"https:\/\/www.europesays.com\/fr\/wp-json\/wp\/v2\/users\/2"}],"replies":[{"embeddable":true,"href":"https:\/\/www.europesays.com\/fr\/wp-json\/wp\/v2\/comments?post=174648"}],"version-history":[{"count":0,"href":"https:\/\/www.europesays.com\/fr\/wp-json\/wp\/v2\/posts\/174648\/revisions"}],"wp:featuredmedia":[{"embeddable":true,"href":"https:\/\/www.europesays.com\/fr\/wp-json\/wp\/v2\/media\/174649"}],"wp:attachment":[{"href":"https:\/\/www.europesays.com\/fr\/wp-json\/wp\/v2\/media?parent=174648"}],"wp:term":[{"taxonomy":"category","embeddable":true,"href":"https:\/\/www.europesays.com\/fr\/wp-json\/wp\/v2\/categories?post=174648"},{"taxonomy":"post_tag","embeddable":true,"href":"https:\/\/www.europesays.com\/fr\/wp-json\/wp\/v2\/tags?post=174648"}],"curies":[{"name":"wp","href":"https:\/\/api.w.org\/{rel}","templated":true}]}}