{"id":174654,"date":"2025-06-14T00:45:18","date_gmt":"2025-06-14T00:45:18","guid":{"rendered":"https:\/\/www.europesays.com\/fr\/174654\/"},"modified":"2025-06-14T00:45:18","modified_gmt":"2025-06-14T00:45:18","slug":"on-vous-dit-tout-de-ledition-2025","status":"publish","type":"post","link":"https:\/\/www.europesays.com\/fr\/174654\/","title":{"rendered":"on vous dit tout de l&rsquo;\u00e9dition 2025"},"content":{"rendered":"<p>            Par<br \/>\n        <strong><br \/>\n            <a href=\"https:\/\/actu.fr\/auteur\/amandine-mehl\" title=\"Consulter tous les articles de Amandine Mehl\" target=\"_blank\" rel=\"noopener\">Amandine Mehl<\/a><br \/>\n        <\/strong><\/p>\n<p>        Publi\u00e9 le<\/p>\n<p>            13 juin 2025 \u00e0 18h38        <\/p>\n<p>Le <a href=\"https:\/\/actu.fr\/grand-est\/nancy_54395\/son-et-lumiere-a-nancy-lieu-dates-horaires-ce-qu-il-faut-savoir-de-l-edition-ete-2025_62628731.html\" target=\"_blank\" rel=\"noopener\">son et lumi\u00e8re<\/a> estival de <strong>Nancy<\/strong>, rendez-vous incontournable depuis plusieurs ann\u00e9es maintenant, animera la <a href=\"https:\/\/actu.fr\/tag\/place-stanislas\" target=\"_blank\" rel=\"noopener\">place Stanislas<\/a> d\u00e8s ce vendredi 13\u00a0juin 2025.<\/p>\n<p class=\" wall-content\">R\u00e9alis\u00e9e par l\u2019agence AV Extended, cette <strong>nouvelle cr\u00e9ation<\/strong> s\u2019intitule \u00ab\u2009Morphing Routine\u2009\u00bb. On vous en dit davantage.<\/p>\n<p>Un vid\u00e9o mapping de 16\u00a0minutes divis\u00e9 en quatre actes<\/p>\n<p class=\" wall-content\">D\u2019une dur\u00e9e de <strong>16\u00a0minutes<\/strong>, le vid\u00e9o mapping se divise en <strong>quatre actes<\/strong>. \u00ab\u2009La place Stanislas est ici m\u00e9taphoriquement consid\u00e9r\u00e9e comme un palimpseste, une page r\u00e9\u00e9crite maintes fois au cours des si\u00e8cles. Chaque acte du spectacle <strong>r\u00e9v\u00e8le une nouvelle couche de celui-ci<\/strong>, depuis la mati\u00e8re brute des pierres jusqu\u2019\u00e0 l\u2019intelligence artificielle analysant et pr\u00e9servant l\u2019\u00e9difice, en passant par les transformations artistiques et les couleurs \u00e9ph\u00e9m\u00e8res des vitraux aux couleurs de la nature\u2009\u00bb, peut-on lire dans un dossier de presse.<\/p>\n<p class=\" wall-content\">Au cr\u00e9puscule, la place Stanislas d\u00e9voilera ses pierres sous une <strong>pluie de lumi\u00e8re<\/strong> lors du premier acte<strong> Le souffle des pierres<\/strong>. Le second, intitul\u00e9 <strong>Chor\u00e9graphie chromatique<\/strong>, plongera le public dans un <strong>monde de couleurs vives<\/strong> \u00e9voquant des vitraux en mouvement. S\u2019agissant du troisi\u00e8me acte, <strong>Morphing sanctuaire<\/strong>, il est question de <strong>mettre en valeur les statues de la ville de Nancy<\/strong>. Gr\u00e2ce \u00e0 l\u2019intelligence artificielle et \u00e0 la technique du morphing, les statues s\u2019animeront et se transformeront. Enfin, le show se cl\u00f4turera avec <strong>Ornements psych\u00e9d\u00e9liques<\/strong>. \u00c0 cette occasion, la place Stanislas se transformera en une <strong>toile psych\u00e9d\u00e9lique<\/strong>.<\/p>\n<p>Vid\u00e9os : en ce moment sur ActuUne nouvelle \u00e9quipe artistique pour le vid\u00e9o mapping de Nancy avec Andr\u00e9 Manoukian<\/p>\n<p class=\" wall-content\">Pour cette \u00e9dition 2025, une <strong>nouvelle \u00e9quipe artistique<\/strong> a \u00e9t\u00e9 mise en place. La musique a notamment \u00e9t\u00e9 compos\u00e9e par <strong>Ena Eno<\/strong>, musicien et plasticien sonore, et <strong>Andr\u00e9 Manoukian<\/strong>, compositeur et musicien, notamment connu pour avoir \u00e9t\u00e9 membre du jury de la <strong>Nouvelle star<\/strong>.<\/p>\n<p class=\" wall-content\">Quant \u00e0 la cr\u00e9ation graphique, elle est propos\u00e9e par <strong>Josselin Fouch\u00e9<\/strong>, sous la direction artistique de l\u2019architecte, curateur et artiste plasticien <strong>J\u00e9r\u00e9mie Bellot<\/strong>.<\/p>\n<p>Le vid\u00e9o mapping place Stanislas sera visible chaque soir durant l\u2019\u00e9t\u00e9<\/p>\n<p class=\" wall-content\">Tout comme les ann\u00e9es pr\u00e9c\u00e9dentes, <strong>une projection quotidienne<\/strong> sera propos\u00e9e, soit\u2009:<\/p>\n<ul class=\" wall-content\">\n<li>du vendredi 13\u00a0juin au jeudi 31\u00a0juillet \u00e0 22h45\u2009;<\/li>\n<li>du vendredi 1er\u00a0ao\u00fbt au dimanche 14\u00a0septembre \u00e0 22h.<\/li>\n<\/ul>\n<p class=\" wall-content\">\u00c0 noter qu\u2019<strong>il n\u2019y aura pas<\/strong> de vid\u00e9o mapping le samedi 21\u00a0juin et que la projection sera <strong>d\u00e9cal\u00e9e<\/strong> \u00e0 22h45 le vendredi 12\u00a0septembre en raison du <a href=\"https:\/\/actu.fr\/grand-est\/nancy_54395\/livre-sur-la-place-a-nancy-un-acteur-bien-connu-sera-le-president-de-l-edition-2025_62655727.html#:~:text=La%2047%E1%B5%89%20%C3%A9dition%20du%20Livre,ce%20rendez%2Dvous%20tr%C3%A8s%20attendu.\" target=\"_blank\" rel=\"noopener\">Livre sur la place<\/a>.<\/p>\n<p class=\" wall-content\">Suivez toute l\u2019actualit\u00e9 de vos villes et m\u00e9dias favoris en vous inscrivant \u00e0 <a href=\"https:\/\/moncompte.actu.fr\" title=\"D\u00e9couvez Mon Actu\" rel=\"nofollow noopener\" data-trk=\"{&quot;cta&quot;:{&quot;action&quot;:&quot;https:\\\/\\\/moncompte.actu.fr&quot;,&quot;category&quot;:&quot;mon compte&quot;,&quot;from&quot;:&quot;article footer&quot;,&quot;name&quot;:&quot;Mon actu&quot;,&quot;type&quot;:&quot;cta&quot;}}\" target=\"_blank\">Mon Actu<\/a>.<\/p>\n","protected":false},"excerpt":{"rendered":"Par Amandine Mehl Publi\u00e9 le 13 juin 2025 \u00e0 18h38 Le son et lumi\u00e8re estival de Nancy, rendez-vous&hellip;\n","protected":false},"author":2,"featured_media":174655,"comment_status":"","ping_status":"","sticky":false,"template":"","format":"standard","meta":{"footnotes":""},"categories":[9635],"tags":[1111,11,1777,674,1011,27,775,1652,1702,12,9647,25],"class_list":{"0":"post-174654","1":"post","2":"type-post","3":"status-publish","4":"format-standard","5":"has-post-thumbnail","7":"category-nancy","8":"tag-actu","9":"tag-actualites","10":"tag-eu","11":"tag-europe","12":"tag-fr","13":"tag-france","14":"tag-grand-est","15":"tag-loisirs-culture","16":"tag-nancy","17":"tag-news","18":"tag-place-stanislas","19":"tag-republique-francaise"},"share_on_mastodon":{"url":"https:\/\/pubeurope.com\/@fr\/114678957819074817","error":""},"_links":{"self":[{"href":"https:\/\/www.europesays.com\/fr\/wp-json\/wp\/v2\/posts\/174654","targetHints":{"allow":["GET"]}}],"collection":[{"href":"https:\/\/www.europesays.com\/fr\/wp-json\/wp\/v2\/posts"}],"about":[{"href":"https:\/\/www.europesays.com\/fr\/wp-json\/wp\/v2\/types\/post"}],"author":[{"embeddable":true,"href":"https:\/\/www.europesays.com\/fr\/wp-json\/wp\/v2\/users\/2"}],"replies":[{"embeddable":true,"href":"https:\/\/www.europesays.com\/fr\/wp-json\/wp\/v2\/comments?post=174654"}],"version-history":[{"count":0,"href":"https:\/\/www.europesays.com\/fr\/wp-json\/wp\/v2\/posts\/174654\/revisions"}],"wp:featuredmedia":[{"embeddable":true,"href":"https:\/\/www.europesays.com\/fr\/wp-json\/wp\/v2\/media\/174655"}],"wp:attachment":[{"href":"https:\/\/www.europesays.com\/fr\/wp-json\/wp\/v2\/media?parent=174654"}],"wp:term":[{"taxonomy":"category","embeddable":true,"href":"https:\/\/www.europesays.com\/fr\/wp-json\/wp\/v2\/categories?post=174654"},{"taxonomy":"post_tag","embeddable":true,"href":"https:\/\/www.europesays.com\/fr\/wp-json\/wp\/v2\/tags?post=174654"}],"curies":[{"name":"wp","href":"https:\/\/api.w.org\/{rel}","templated":true}]}}