{"id":17470,"date":"2025-04-11T14:13:12","date_gmt":"2025-04-11T14:13:12","guid":{"rendered":"https:\/\/www.europesays.com\/fr\/17470\/"},"modified":"2025-04-11T14:13:12","modified_gmt":"2025-04-11T14:13:12","slug":"laeroport-de-bordeaux-se-distingue-au-niveau-national-on-vous-explique-pourquoi","status":"publish","type":"post","link":"https:\/\/www.europesays.com\/fr\/17470\/","title":{"rendered":"L&rsquo;a\u00e9roport de Bordeaux se distingue au niveau national : on vous explique pourquoi"},"content":{"rendered":"<p>            Par<br \/>\n        <strong><br \/>\n            <a href=\"https:\/\/actu.fr\/auteur\/redaction-bordeaux\" title=\"Consulter tous les articles de R\u00e9daction Bordeaux\" target=\"_blank\" rel=\"noopener\">R\u00e9daction Bordeaux<\/a><br \/>\n        <\/strong><\/p>\n<p>        Publi\u00e9 le<\/p>\n<p>            10 avr. 2025 \u00e0 19h08<br \/>\n        ; mis \u00e0 jour le 10 avr. 2025 \u00e0 19h09    <\/p>\n<p>C\u2019est une info qui fait plaisir. Une \u00e9tude r\u00e9cente place <a href=\"https:\/\/actu.fr\/tag\/aeroport-de-bordeaux\" target=\"_blank\" rel=\"noopener\">l\u2019a\u00e9roport de Bordeaux<\/a> parmi les\u00a0 plus ponctuels de France. Il serait m\u00eame <strong>le meilleur<\/strong> selon certains crit\u00e8res. On regarde les chiffres de plus pr\u00e8s.<\/p>\n<p class=\" wall-content\">L\u2019\u00e9quipe <a href=\"https:\/\/www.airhelp.com\/fr\/\" target=\"_blank\" rel=\"noopener\">du site AirHelp,<\/a> sp\u00e9cialis\u00e9e dans l\u2019obtention d\u2019indemnisations d\u00e9dommagement pour les passagers, a d\u00e9voil\u00e9 son classement de la ponctualit\u00e9 ce jeudi 10 avril 2025. Elle s\u2019est bas\u00e9e sur les donn\u00e9es du trafic a\u00e9rien des <strong>trois premiers mois<\/strong> de l\u2019ann\u00e9e.<\/p>\n<p>Pr\u00e8s de 17 millions de passagers en trois mois<\/p>\n<p class=\" wall-content\">L\u2019\u00e9tude se base sur les embarquements de pr\u00e8s de <strong>17 millions de passagers<\/strong> depuis un a\u00e9roport en France, pr\u00e9cise AirHelp. Et plus de 76 % des vols ont d\u00e9coll\u00e9 \u00e0 l\u2019heure.\u00a0<\/p>\n<p class=\" wall-content\">Parmi les a\u00e9roports qui enregistrent plus de 200 vols r\u00e9guliers par mois, ceux de <a href=\"https:\/\/actu.fr\/corse\/\" target=\"_blank\" rel=\"noopener\">la Corse<\/a> sont les grands gagnants, avec un taux de ponctualit\u00e9 de <strong>plus de 90%<\/strong> pour Calvi-Sainte-Catherine, Ajaccio-Napol\u00e9on Bonaparte et Figari-Sud Corse.<\/p>\n<p class=\" wall-content\">Mais tous les a\u00e9roports ne jouent pas dans la m\u00eame cat\u00e9gorie. Et quand on s\u2019int\u00e9resse aux plus fr\u00e9quent\u00e9s, avec <strong>plus de 400 000 passagers<\/strong> ayant embarqu\u00e9 au premier trimestre 2025, c\u2019est l\u2019a\u00e9roport de Bordeaux-M\u00e9rignac qui est en t\u00eate du classement.<\/p>\n<p class=\" wall-content\">Avec un taux de <strong>ponctualit\u00e9 de 86,5%,<\/strong> il se situe avant\u00a0l\u2019EuroAirport Basel Mulhouse Freiburg (86,4 %) et Toulouse-Blagnac (83 %). \u00c0\u00a0l\u2019autre extr\u00e9mit\u00e9 du classement, on trouve Paris-Charles de Gaulle (70,7 %), Lyon-Saint-Exup\u00e9ry (77,1 %) et Beauvais-Till\u00e9 (78,6 %).<\/p>\n<p class=\" wall-content\">L\u2019an dernier, un classement britannique avait d\u00e9j\u00e0 plac\u00e9 <strong>l\u2019a\u00e9roport de Bordeaux<\/strong> <a href=\"https:\/\/actu.fr\/nouvelle-aquitaine\/bordeaux_33063\/sur-la-ponctualite-l-aeroport-de-bordeaux-serait-le-meilleur-de-france-voici-les-chiffres_60801783.html\" target=\"_blank\" rel=\"noopener\">en t\u00eate des Fran\u00e7ais sur la ponctualit\u00e9 (et \u00e0 la huiti\u00e8me place europ\u00e9enne).<\/a> Sur 25 000 vols en 2023 au d\u00e9part de Bordeaux-M\u00e9rignac, l\u2019\u00e9tude avait trouv\u00e9 2,10% d\u2019annulations et 17% de retards.\u00a0<\/p>\n<p class=\" wall-content\">Le site AirHelp rappelle que les voyageurs peuvent toucher une indemnisation dans certains cas (de retour ou d\u2019annulation). En trois mois, plus de <strong>340 000 passagers fran\u00e7ais<\/strong> pourraient y pr\u00e9tendre. <a href=\"https:\/\/img.airhelp.com\/passenger-rights-guide\/2025\/FR.pdf?_gl=1%2Actudw8%2A_gcl_au%2AMTUyMjUyNDAwOC4xNzQzMDgxOTA1%2A_ga%2ANTE2MDE3MTIxLjE3NDMwODE4OTM.%2A_ga_V7V3QH8M33%2AMTc0NDExODExOC4yLjAuMTc0NDExODExOC4wLjAuOTU5NzMyOTU.%2A_fplc%2AZjAlMkJzbGdCYmZrJTJCeU9RaUJ2QWFQMEVMWVlMR2h4S1VaJTJCNUw1UFNXTlB2S0g3bFVSekQxblRRdXhNNzM0bmJVU3RvdnllckUwRkUlMkZiRzA0NUN3VDFzVW50Q3lSNXNObTU3Z1JxaE5ZU0tLVTFCb1Y2cjJ3ajkzaTVZdUQ0VWclM0QlM0Q.\" target=\"_blank\" rel=\"noopener\">AirHelp a \u00e9dit\u00e9 un guide<\/a> pour les aider \u00e0 y voir clair.<\/p>\n<p class=\" wall-content\">Suivez toute l\u2019actualit\u00e9 de vos villes et m\u00e9dias favoris en vous inscrivant \u00e0 <a href=\"https:\/\/moncompte.actu.fr\" title=\"D\u00e9couvez Mon Actu\" rel=\"nofollow noopener\" data-trk=\"{&quot;cta&quot;:{&quot;action&quot;:&quot;https:\\\/\\\/moncompte.actu.fr&quot;,&quot;category&quot;:&quot;mon compte&quot;,&quot;from&quot;:&quot;article footer&quot;,&quot;name&quot;:&quot;Mon actu&quot;,&quot;type&quot;:&quot;cta&quot;}}\" target=\"_blank\">Mon Actu<\/a>.<\/p>\n","protected":false},"excerpt":{"rendered":"Par R\u00e9daction Bordeaux Publi\u00e9 le 10 avr. 2025 \u00e0 19h08 ; mis \u00e0 jour le 10 avr. 2025&hellip;\n","protected":false},"author":2,"featured_media":17471,"comment_status":"","ping_status":"","sticky":false,"template":"","format":"standard","meta":{"footnotes":""},"categories":[2817],"tags":[1111,11,7058,1997,1777,674,1011,27,12,2219,25,104],"class_list":{"0":"post-17470","1":"post","2":"type-post","3":"status-publish","4":"format-standard","5":"has-post-thumbnail","7":"category-bordeaux","8":"tag-actu","9":"tag-actualites","10":"tag-aeroport-de-bordeaux","11":"tag-bordeaux","12":"tag-eu","13":"tag-europe","14":"tag-fr","15":"tag-france","16":"tag-news","17":"tag-nouvelle-aquitaine","18":"tag-republique-francaise","19":"tag-societe"},"share_on_mastodon":{"url":"https:\/\/pubeurope.com\/@fr\/114319746904124261","error":""},"_links":{"self":[{"href":"https:\/\/www.europesays.com\/fr\/wp-json\/wp\/v2\/posts\/17470","targetHints":{"allow":["GET"]}}],"collection":[{"href":"https:\/\/www.europesays.com\/fr\/wp-json\/wp\/v2\/posts"}],"about":[{"href":"https:\/\/www.europesays.com\/fr\/wp-json\/wp\/v2\/types\/post"}],"author":[{"embeddable":true,"href":"https:\/\/www.europesays.com\/fr\/wp-json\/wp\/v2\/users\/2"}],"replies":[{"embeddable":true,"href":"https:\/\/www.europesays.com\/fr\/wp-json\/wp\/v2\/comments?post=17470"}],"version-history":[{"count":0,"href":"https:\/\/www.europesays.com\/fr\/wp-json\/wp\/v2\/posts\/17470\/revisions"}],"wp:featuredmedia":[{"embeddable":true,"href":"https:\/\/www.europesays.com\/fr\/wp-json\/wp\/v2\/media\/17471"}],"wp:attachment":[{"href":"https:\/\/www.europesays.com\/fr\/wp-json\/wp\/v2\/media?parent=17470"}],"wp:term":[{"taxonomy":"category","embeddable":true,"href":"https:\/\/www.europesays.com\/fr\/wp-json\/wp\/v2\/categories?post=17470"},{"taxonomy":"post_tag","embeddable":true,"href":"https:\/\/www.europesays.com\/fr\/wp-json\/wp\/v2\/tags?post=17470"}],"curies":[{"name":"wp","href":"https:\/\/api.w.org\/{rel}","templated":true}]}}