{"id":174704,"date":"2025-06-14T01:15:14","date_gmt":"2025-06-14T01:15:14","guid":{"rendered":"https:\/\/www.europesays.com\/fr\/174704\/"},"modified":"2025-06-14T01:15:14","modified_gmt":"2025-06-14T01:15:14","slug":"les-8-meilleurs-glaciers-de-paris","status":"publish","type":"post","link":"https:\/\/www.europesays.com\/fr\/174704\/","title":{"rendered":"Les 8 meilleurs glaciers de Paris"},"content":{"rendered":"<p>Comme pour <a href=\"https:\/\/www.gqmagazine.fr\/article\/meilleures-boulangeries-paris\" target=\"_blank\" rel=\"noopener\">notre s\u00e9lection de boulangeries<\/a>, nous vous proposons de d\u00e9couvrir le meilleur glacier de Paris, enfin \u201cles meilleurs\u201d puisqu&rsquo;il n&rsquo;y a pas qu&rsquo;un seul bon endroit dans la capitale pour trouver glace \u00e0 son cornet. Nous avons go\u00fbt\u00e9, re-go\u00fbt\u00e9 (et re-re-go\u00fbt\u00e9) des glaces pendant quelques semaines et puisque l&rsquo;on est sur du genre \u00e0 partager, voici nos adresses pr\u00e9f\u00e9r\u00e9es pour se rafra\u00eechir avec style, comme <a href=\"https:\/\/www.gqmagazine.fr\/dossier\/barack-obama\" target=\"_blank\" rel=\"noopener\">Barack Obama<\/a> en vacances \u00e0 Hawa\u00ef.<\/p>\n<p>T\u00e9a Gelato (chez Merci)<\/p>\n<p>Des glaces artisanales, sans colorants et uniquement compos\u00e9es de produits de qualit\u00e9 rigoureusement s\u00e9lectionn\u00e9s, dans un pot biod\u00e9gradable et compostable ou une brioche dor\u00e9e au beurre maison. Le dernier projet \u00e9ph\u00e9m\u00e8re de <a href=\"https:\/\/www.gqmagazine.fr\/lifestyle\/article\/les-25-personnes-les-plus-influentes-de-la-food\" target=\"_blank\" rel=\"noopener\">The Social Food<\/a> (Shirley Garrier et Mathieu Zouhairi) qui a vu le jour \u201cen moins de 10 jours sur un \u00e9norme coup de t\u00eate avec la cheffe italienne Lorenza Lenzi\u201d. La gen\u00e8se : l&rsquo;addiction pour les glaces de la fille de Lorenza Lenzi, et la volont\u00e9 du duo superstar de \u201cmettre \u00e0 l&rsquo;honneur les glaces type \u2018soft\u2019 et \u00e0 \u2018l\u2019italienne\u2019 ; des cr\u00e8mes glac\u00e9es, tr\u00e8s a\u00e9r\u00e9es, cr\u00e9meuses, plus souples, plus fondantes et plus lisses que les glaces fran\u00e7aises\u201d. Un tr\u00e8s bon glacier de Paris.<\/p>\n<p><strong>Adresse :<\/strong> 111 Boulevard Beaumarchais, 75003.<\/p>\n<p>Instagram content<\/p>\n<p>This content can also be viewed on the site it <a href=\"https:\/\/www.instagram.com\/p\/CRJ47LpJV9F\" target=\"_blank\" rel=\"nofollow noreferrer noopener\" aria-label=\"Opens in a new window\" class=\"BaseWrap-sc-gjQpdd BaseText-ewhhUZ BaseLink-eNWuiM ConsentBannerLink-dJZMSz iUEiRd hiAstS ftMTjc\">originates<\/a> from.<\/p>\n<p>Bachir<\/p>\n<p>La glace libanaise depuis 1936, 100% bio. Pour la petite histoire, l&rsquo;entreprise a \u00e9t\u00e9 cr\u00e9\u00e9e \u00e0 l&rsquo;\u00e9poque par les fr\u00e8res Maurice et Edouard Bachir dans la petite ville de Bikfaya, au Liban. Les deux fr\u00e8res ont \u00e9pous\u00e9 deux s\u0153urs, Marie-Antoinette et Yvette Bejjani, et les quatre ont commenc\u00e9 \u00e0 faire de la glace libanaise dans l&rsquo;arri\u00e8re-cour de la maison o\u00f9 ils vivaient ensemble. P\u00e9tale de rose, abricot, citron, m\u00fbre, chocolat au lait, pistache\u2026 Il y a des parfums pour tous les go\u00fbts et du topping en veux-tu en voil\u00e0.<\/p>\n<p><strong>Adresse :<\/strong> 53 rue Rambuteau, 75003 &#8211; 7 rue Tardieu, 75018.<\/p>\n<p><script async src=\"\/\/www.instagram.com\/embed.js\"><\/script><\/p>\n","protected":false},"excerpt":{"rendered":"Comme pour notre s\u00e9lection de boulangeries, nous vous proposons de d\u00e9couvrir le meilleur glacier de Paris, enfin \u201cles&hellip;\n","protected":false},"author":2,"featured_media":174705,"comment_status":"","ping_status":"","sticky":false,"template":"","format":"standard","meta":{"footnotes":""},"categories":[1888],"tags":[1111,1928,11,1927,7400,1777,674,1011,27,12,1926,626,1925,25],"class_list":{"0":"post-174704","1":"post","2":"type-post","3":"status-publish","4":"format-standard","5":"has-post-thumbnail","7":"category-paris","8":"tag-actu","9":"tag-actu-paris","10":"tag-actualites","11":"tag-actualites-paris","12":"tag-bonnes-adresses","13":"tag-eu","14":"tag-europe","15":"tag-fr","16":"tag-france","17":"tag-news","18":"tag-news-paris","19":"tag-paris","20":"tag-paris-news","21":"tag-republique-francaise"},"share_on_mastodon":{"url":"https:\/\/pubeurope.com\/@fr\/114679075510523252","error":""},"_links":{"self":[{"href":"https:\/\/www.europesays.com\/fr\/wp-json\/wp\/v2\/posts\/174704","targetHints":{"allow":["GET"]}}],"collection":[{"href":"https:\/\/www.europesays.com\/fr\/wp-json\/wp\/v2\/posts"}],"about":[{"href":"https:\/\/www.europesays.com\/fr\/wp-json\/wp\/v2\/types\/post"}],"author":[{"embeddable":true,"href":"https:\/\/www.europesays.com\/fr\/wp-json\/wp\/v2\/users\/2"}],"replies":[{"embeddable":true,"href":"https:\/\/www.europesays.com\/fr\/wp-json\/wp\/v2\/comments?post=174704"}],"version-history":[{"count":0,"href":"https:\/\/www.europesays.com\/fr\/wp-json\/wp\/v2\/posts\/174704\/revisions"}],"wp:featuredmedia":[{"embeddable":true,"href":"https:\/\/www.europesays.com\/fr\/wp-json\/wp\/v2\/media\/174705"}],"wp:attachment":[{"href":"https:\/\/www.europesays.com\/fr\/wp-json\/wp\/v2\/media?parent=174704"}],"wp:term":[{"taxonomy":"category","embeddable":true,"href":"https:\/\/www.europesays.com\/fr\/wp-json\/wp\/v2\/categories?post=174704"},{"taxonomy":"post_tag","embeddable":true,"href":"https:\/\/www.europesays.com\/fr\/wp-json\/wp\/v2\/tags?post=174704"}],"curies":[{"name":"wp","href":"https:\/\/api.w.org\/{rel}","templated":true}]}}