{"id":174719,"date":"2025-06-14T01:23:10","date_gmt":"2025-06-14T01:23:10","guid":{"rendered":"https:\/\/www.europesays.com\/fr\/174719\/"},"modified":"2025-06-14T01:23:10","modified_gmt":"2025-06-14T01:23:10","slug":"40-ans-apres-sa-creation-lespace-schengen-malmene-mais-toujours-attractif","status":"publish","type":"post","link":"https:\/\/www.europesays.com\/fr\/174719\/","title":{"rendered":"40 ans apr\u00e8s sa cr\u00e9ation, l&rsquo;espace Schengen malmen\u00e9 mais toujours attractif"},"content":{"rendered":"<p>Une c\u00e9r\u00e9monie est organis\u00e9e, samedi 14 juin au Luxembourg, pour c\u00e9l\u00e9brer les 40 ans de l&rsquo;espace Schengen. Quarante ans apr\u00e8s sa cr\u00e9ation, cet espace de libre circulation est mis \u00e0 mal par le retour des contr\u00f4les aux fronti\u00e8res dans certains pays, au nom de la lutte contre l&rsquo;immigration ill\u00e9gale.<\/p>\n<p>C&rsquo;est \u00e0 Schengen, le 14 juin 1985, que l&rsquo;espace de libre circulation en <strong><a href=\"https:\/\/www.rfi.fr\/fr\/europe\/\" rel=\"nofollow noopener\" target=\"_blank\" data-ylk=\"slk:Europe;elm:context_link;itc:0;sec:content-canvas\" class=\"link \">Europe<\/a><\/strong> est n\u00e9. Depuis ce jour, le nom de cette bourgade luxembourgeoise reste attach\u00e9 \u00e0 ce symbole : celui de fronti\u00e8res int\u00e9rieures qui disparaissent et de citoyens libres de voyager o\u00f9 ils le souhaitent. En quarante ans, cette zone s&rsquo;est consid\u00e9rablement \u00e9tendue. Des cinq pays qui la composaient \u2013 la Belgique, le Luxembourg, les Pays-Bas, l&rsquo;Allemagne et la France \u2013, l&rsquo;espace Schengen est pass\u00e9 \u00e0 29 \u00c9tats membres.<\/p>\n<p>Mais ce symbole est \u00e9corn\u00e9 depuis une quinzaine d&rsquo;ann\u00e9es par des d\u00e9rogations qui se multiplient et qui sont reconduites d&rsquo;ann\u00e9e en ann\u00e9e, loin de l&rsquo;esprit Schengen c\u00e9l\u00e9br\u00e9 par les institutions europ\u00e9ennes. La France depuis 2015, l&rsquo;Allemagne plus r\u00e9cemment ou encore la Pologne : au total, une dizaine de pays ont d\u00e9cid\u00e9 de r\u00e9tablir partiellement les contr\u00f4les aux fronti\u00e8res, pour lutter contre l&rsquo;immigration ill\u00e9gale.<\/p>\n<p>\u00c0 lire aussi<a href=\"https:\/\/www.rfi.fr\/fr\/podcasts\/d\u00e9cryptage\/20240912-politique-migratoire-europ\u00e9enne-l-espace-schengen-menac\u00e9\" class=\"link \" rel=\"nofollow noopener\" target=\"_blank\" data-ylk=\"slk:Politique migratoire europ\u00e9enne : l&#039;espace Schengen menac\u00e9 ?;elm:context_link;itc:0;sec:content-canvas\">Politique migratoire europ\u00e9enne : l&rsquo;espace Schengen menac\u00e9 ?<\/a><\/p>\n<p><a href=\"https:\/\/www.rfi.fr\/fr\/europe\/20250613-europe-40-ans-apr%C3%A8s-sa-cr%C3%A9ation-l-espace-schengen-malmen%C3%A9-mais-toujours-attractif\" rel=\"nofollow noopener\" target=\"_blank\" data-ylk=\"slk:Lire la suite sur RFI;elm:context_link;itc:0;sec:content-canvas\" class=\"link \">Lire la suite sur RFI<\/a><\/p>\n","protected":false},"excerpt":{"rendered":"Une c\u00e9r\u00e9monie est organis\u00e9e, samedi 14 juin au Luxembourg, pour c\u00e9l\u00e9brer les 40 ans de l&rsquo;espace Schengen. Quarante&hellip;\n","protected":false},"author":2,"featured_media":174720,"comment_status":"","ping_status":"","sticky":false,"template":"","format":"standard","meta":{"footnotes":""},"categories":[1586],"tags":[11,1764,1777,674,1011,27,30993,30994,15831,12,25],"class_list":{"0":"post-174719","1":"post","2":"type-post","3":"status-publish","4":"format-standard","5":"has-post-thumbnail","7":"category-europe","8":"tag-actualites","9":"tag-ans","10":"tag-eu","11":"tag-europe","12":"tag-fr","13":"tag-france","14":"tag-lespace","15":"tag-le-luxembourg","16":"tag-luxembourg","17":"tag-news","18":"tag-republique-francaise"},"share_on_mastodon":{"url":"https:\/\/pubeurope.com\/@fr\/114679107001182702","error":""},"_links":{"self":[{"href":"https:\/\/www.europesays.com\/fr\/wp-json\/wp\/v2\/posts\/174719","targetHints":{"allow":["GET"]}}],"collection":[{"href":"https:\/\/www.europesays.com\/fr\/wp-json\/wp\/v2\/posts"}],"about":[{"href":"https:\/\/www.europesays.com\/fr\/wp-json\/wp\/v2\/types\/post"}],"author":[{"embeddable":true,"href":"https:\/\/www.europesays.com\/fr\/wp-json\/wp\/v2\/users\/2"}],"replies":[{"embeddable":true,"href":"https:\/\/www.europesays.com\/fr\/wp-json\/wp\/v2\/comments?post=174719"}],"version-history":[{"count":0,"href":"https:\/\/www.europesays.com\/fr\/wp-json\/wp\/v2\/posts\/174719\/revisions"}],"wp:featuredmedia":[{"embeddable":true,"href":"https:\/\/www.europesays.com\/fr\/wp-json\/wp\/v2\/media\/174720"}],"wp:attachment":[{"href":"https:\/\/www.europesays.com\/fr\/wp-json\/wp\/v2\/media?parent=174719"}],"wp:term":[{"taxonomy":"category","embeddable":true,"href":"https:\/\/www.europesays.com\/fr\/wp-json\/wp\/v2\/categories?post=174719"},{"taxonomy":"post_tag","embeddable":true,"href":"https:\/\/www.europesays.com\/fr\/wp-json\/wp\/v2\/tags?post=174719"}],"curies":[{"name":"wp","href":"https:\/\/api.w.org\/{rel}","templated":true}]}}