{"id":174725,"date":"2025-06-14T01:26:13","date_gmt":"2025-06-14T01:26:13","guid":{"rendered":"https:\/\/www.europesays.com\/fr\/174725\/"},"modified":"2025-06-14T01:26:13","modified_gmt":"2025-06-14T01:26:13","slug":"un-homme-interpelle-apres-le-viol-dune-mineure-de-17-ans-qui-setait-jetee-dans-loise-pour-echapper-a-son-agresseur","status":"publish","type":"post","link":"https:\/\/www.europesays.com\/fr\/174725\/","title":{"rendered":"Un homme interpell\u00e9 apr\u00e8s le viol d\u2019une mineure de 17\u00a0ans qui s\u2019\u00e9tait jet\u00e9e dans l\u2019Oise pour \u00e9chapper \u00e0 son agresseur"},"content":{"rendered":"<p class=\"paragraph text_align_left\">\u00ab Ses cris ont alert\u00e9 des passants, qui ont imm\u00e9diatement donn\u00e9 l\u2019alerte aupr\u00e8s des secours. \u00bb Cette sc\u00e8ne rapport\u00e9e par le maire (LR) de <a href=\"https:\/\/www.leparisien.fr\/oise-60\/compiegne-60200\/\" target=\"_blank\" rel=\"noreferrer noopener\">Compi\u00e8gne<\/a>, Philippe Marini, a eu lieu dans la nuit du mardi au mercredi 12 juin, \u00e0 proximit\u00e9 du pont Louis XV, dans le centre-ville de la Cit\u00e9 imp\u00e9riale.<\/p>\n<p class=\"paragraph text_align_left\">C\u2019est une jeune femme, une mineure \u00e2g\u00e9e de 17 ans, <a href=\"https:\/\/www.leparisien.fr\/oise-60\/sauvee-par-des-policiers-une-jeune-femme-setait-jetee-dans-loise-pour-echapper-a-son-violeur-11-06-2025-7JTUUGOHMFCF7O76OBXLXOJ6LM.php\" target=\"_blank\" rel=\"noreferrer noopener\">qui appelait \u00e0 l\u2019aide<\/a> apr\u00e8s s\u2019\u00eatre jet\u00e9e dans la rivi\u00e8re. Secourue par deux policiers nationaux, \u00e9paul\u00e9s par des coll\u00e8gues municipaux et des pompiers, elle avait rapidement indiqu\u00e9 avoir \u00e9t\u00e9 <a href=\"https:\/\/www.leparisien.fr\/societe\/isolement-deni-de-la-parole-la-double-peine-des-victimes-de-viol-26-03-2025-AOL4QQIZ7JC6BGWWETA4O3RO7Q.php\" target=\"_blank\" rel=\"noreferrer noopener\">victime d\u2019un viol<\/a>, avant d\u2019\u00eatre hospitalis\u00e9e. \u00ab La victime s\u2019est jet\u00e9e dans la rivi\u00e8re et a nag\u00e9 sur plusieurs dizaines de m\u00e8tres, malgr\u00e9 son \u00e9tat de choc \u00bb, indiquait encore le maire de Compi\u00e8gne.<\/p>\n<p class=\"paragraph text_align_left\">Le parquet du tribunal judiciaire de Compi\u00e8gne a indiqu\u00e9 qu\u2019un homme a \u00e9t\u00e9 rapidement interpell\u00e9 et \u00ab et plac\u00e9 en garde \u00e0 vue le matin du 12 juin \u00bb. Ce vendredi soir, la substitute du procureur de la R\u00e9publique ajoutait que le suspect a \u00e9t\u00e9 mis en examen pour \u00ab viol sur mineur de plus de 15 ans \u00bb et plac\u00e9 en d\u00e9tention. <\/p>\n<p class=\"paragraph text_align_left\">Lors de son audition par les enqu\u00eateurs, ce dernier aurait contest\u00e9 les faits qui lui sont reproch\u00e9s par l\u2019adolescente de 17 ans, \u00e9voquant plut\u00f4t \u00ab une relation sexuelle consentie \u00bb avec la jeune femme. Une version qui diff\u00e8re fortement du t\u00e9moignage de cette derni\u00e8re.<\/p>\n<p>Un homme rencontr\u00e9 \u00ab lors d\u2019un stage \u00bb<\/p>\n<p class=\"paragraph text_align_left\">Selon le parquet, la jeune femme aurait rencontr\u00e9 son agresseur pr\u00e9sum\u00e9 pour la premi\u00e8re fois, \u00ab quelques semaines auparavant, lors d\u2019un stage \u00bb. Selon nos informations, tous deux auraient communiqu\u00e9 sur <a href=\"https:\/\/www.leparisien.fr\/high-tech\/reseaux-sociaux-loms-alerte-sur-une-utilisation-problematique-chez-les-jeunes-europeens-25-09-2024-ZPQTI62KG5BU5NFGXT64IOBXU4.php\" target=\"_blank\" rel=\"noreferrer noopener\">les r\u00e9seaux sociaux<\/a> pendant une quinzaine de jours avant de d\u00e9cider d\u2019une premi\u00e8re rencontre, dans la nuit de mardi \u00e0 mercredi, \u00e0 Compi\u00e8gne.<\/p>\n<p class=\"paragraph text_align_left\">Ce dernier se serait alors pr\u00e9sent\u00e9 avec le visage dissimul\u00e9 et arm\u00e9, au moins d\u2019un couteau. Sous la menace, il aurait viol\u00e9 la jeune femme, tout en l\u2019\u00e9tranglant. Toujours selon nos sources, pour tenter de s\u2019en sortir, cette derni\u00e8re aurait feint d\u2019\u00eatre d\u00e9c\u00e9d\u00e9e, une man\u0153uvre courageuse qui lui aurait permis de s\u2019\u00e9chapper.<\/p>\n<p>Le placement en d\u00e9tention requis<\/p>\n<p class=\"paragraph text_align_left\">Son agresseur se serait en effet \u00e9cart\u00e9, permettant \u00e0 la victime de fuir en se jetant dans l\u2019Oise. Elle aurait ensuite travers\u00e9 la rivi\u00e8re avant d\u2019\u00eatre secourue par les deux agents de la police nationale. En prenant la fuite, elle aurait par ailleurs r\u00e9ussi \u00e0 arracher la cagoule qui couvrait le visage de l\u2019homme, ce qui lui aurait permis de l\u2019identifier.<\/p>\n<p class=\"paragraph text_align_left\">C\u2019est une affaire qui, particuli\u00e8rement dans le Compi\u00e9gnois, a fortement choqu\u00e9 les habitants. \u00ab Comment pouvons-nous \u00eatre sereins pour nos enfants dans ce monde devenu si moche \u00bb, s\u2019attriste une femme, sur les r\u00e9seaux sociaux du Parisien. Un autre internaute y salue \u00ab la force d\u2019esprit \u00bb de la jeune femme. <\/p>\n","protected":false},"excerpt":{"rendered":"\u00ab Ses cris ont alert\u00e9 des passants, qui ont imm\u00e9diatement donn\u00e9 l\u2019alerte aupr\u00e8s des secours. \u00bb Cette sc\u00e8ne&hellip;\n","protected":false},"author":2,"featured_media":174726,"comment_status":"","ping_status":"","sticky":false,"template":"","format":"standard","meta":{"footnotes":""},"categories":[2],"tags":[11,118,1011,27,1944,12,1940,25],"class_list":{"0":"post-174725","1":"post","2":"type-post","3":"status-publish","4":"format-standard","5":"has-post-thumbnail","7":"category-actualites","8":"tag-actualites","9":"tag-faits-divers","10":"tag-fr","11":"tag-france","12":"tag-ma-ville","13":"tag-news","14":"tag-oise","15":"tag-republique-francaise"},"share_on_mastodon":{"url":"https:\/\/pubeurope.com\/@fr\/114679118810869881","error":""},"_links":{"self":[{"href":"https:\/\/www.europesays.com\/fr\/wp-json\/wp\/v2\/posts\/174725","targetHints":{"allow":["GET"]}}],"collection":[{"href":"https:\/\/www.europesays.com\/fr\/wp-json\/wp\/v2\/posts"}],"about":[{"href":"https:\/\/www.europesays.com\/fr\/wp-json\/wp\/v2\/types\/post"}],"author":[{"embeddable":true,"href":"https:\/\/www.europesays.com\/fr\/wp-json\/wp\/v2\/users\/2"}],"replies":[{"embeddable":true,"href":"https:\/\/www.europesays.com\/fr\/wp-json\/wp\/v2\/comments?post=174725"}],"version-history":[{"count":0,"href":"https:\/\/www.europesays.com\/fr\/wp-json\/wp\/v2\/posts\/174725\/revisions"}],"wp:featuredmedia":[{"embeddable":true,"href":"https:\/\/www.europesays.com\/fr\/wp-json\/wp\/v2\/media\/174726"}],"wp:attachment":[{"href":"https:\/\/www.europesays.com\/fr\/wp-json\/wp\/v2\/media?parent=174725"}],"wp:term":[{"taxonomy":"category","embeddable":true,"href":"https:\/\/www.europesays.com\/fr\/wp-json\/wp\/v2\/categories?post=174725"},{"taxonomy":"post_tag","embeddable":true,"href":"https:\/\/www.europesays.com\/fr\/wp-json\/wp\/v2\/tags?post=174725"}],"curies":[{"name":"wp","href":"https:\/\/api.w.org\/{rel}","templated":true}]}}