{"id":174733,"date":"2025-06-14T01:31:10","date_gmt":"2025-06-14T01:31:10","guid":{"rendered":"https:\/\/www.europesays.com\/fr\/174733\/"},"modified":"2025-06-14T01:31:10","modified_gmt":"2025-06-14T01:31:10","slug":"ugo-humbert-qualifie-pour-les-demi-finales","status":"publish","type":"post","link":"https:\/\/www.europesays.com\/fr\/174733\/","title":{"rendered":"Ugo Humbert qualifi\u00e9 pour les demi-finales"},"content":{"rendered":"<p>Ugo Humbert, t\u00eate de s\u00e9rie N.2, s&rsquo;est qualifi\u00e9 pour les demi-finales du tournoi ATP 250 sur gazon de &lsquo;s-Hertogenbosch vendredi en battant le Portugais Nuno Borges 6-1, 6-4.<\/p>\n<p>Le Messin, 20e joueur mondial, affrontera samedi le Canadien Gabriel Diallo (55e) tombeur du Russe Karen Khachanov (N.5) en quarts de finale.<\/p>\n<p>Titr\u00e9 sur le gazon de l&rsquo;ATP 500 de Halle en 2021, Humbert a retrouv\u00e9 aux Pays-Bas une surface sur laquelle il est \u00e0 l&rsquo;aise apr\u00e8s une tourn\u00e9e sur terre battue difficile.<\/p>\n<p>D&rsquo;abord handicap\u00e9 par une blessure \u00e0 la main droite survenue en avril avant le Masters 1000 de Monte-Carlo, le gaucher avait d\u00fb abandonner au deuxi\u00e8me tour de Roland-Garros, touch\u00e9 \u00e0 la jambe droite dans une glissade.<\/p>\n<p>Mais les examens effectu\u00e9s ont \u00e9t\u00e9 \u00ab\u00a0tr\u00e8s rassurants\u00a0\u00bb et le Fran\u00e7ais de 26 ans a obtenu de bons r\u00e9sultats cette semaine, avec pour horizon le tournoi de Wimbledon (30 juin-13 juillet).<\/p>\n<p>T\u00eate de s\u00e9rie N.1 du tournoi n\u00e9erlandais, le Russe Daniil Medvedev a lui \u00e9t\u00e9 \u00e9limin\u00e9 par l&rsquo;Am\u00e9ricain Reilly Opelka 7-6 (7\/5), 7-6 (7\/5). Le 87e mondial affrontera le Belge Zizou Bergs (63e) dans l&rsquo;autre demi-finale.<\/p>\n<p>bnl-bdu\/fbx<\/p>\n","protected":false},"excerpt":{"rendered":"Ugo Humbert, t\u00eate de s\u00e9rie N.2, s&rsquo;est qualifi\u00e9 pour les demi-finales du tournoi ATP 250 sur gazon de&hellip;\n","protected":false},"author":2,"featured_media":174734,"comment_status":"","ping_status":"","sticky":false,"template":"","format":"standard","meta":{"footnotes":""},"categories":[1415],"tags":[30995,1011,27,4418,5573,30996,60,1467,6602],"class_list":{"0":"post-174733","1":"post","2":"type-post","3":"status-publish","4":"format-standard","5":"has-post-thumbnail","7":"category-tennis","8":"tag-canadien-gabriel-diallo","9":"tag-fr","10":"tag-france","11":"tag-karen-khachanov","12":"tag-quarts-de-finale","13":"tag-s-hertogenbosch","14":"tag-sports","15":"tag-tennis","16":"tag-ugo-humbert"},"share_on_mastodon":{"url":"https:\/\/pubeurope.com\/@fr\/114679138389083773","error":""},"_links":{"self":[{"href":"https:\/\/www.europesays.com\/fr\/wp-json\/wp\/v2\/posts\/174733","targetHints":{"allow":["GET"]}}],"collection":[{"href":"https:\/\/www.europesays.com\/fr\/wp-json\/wp\/v2\/posts"}],"about":[{"href":"https:\/\/www.europesays.com\/fr\/wp-json\/wp\/v2\/types\/post"}],"author":[{"embeddable":true,"href":"https:\/\/www.europesays.com\/fr\/wp-json\/wp\/v2\/users\/2"}],"replies":[{"embeddable":true,"href":"https:\/\/www.europesays.com\/fr\/wp-json\/wp\/v2\/comments?post=174733"}],"version-history":[{"count":0,"href":"https:\/\/www.europesays.com\/fr\/wp-json\/wp\/v2\/posts\/174733\/revisions"}],"wp:featuredmedia":[{"embeddable":true,"href":"https:\/\/www.europesays.com\/fr\/wp-json\/wp\/v2\/media\/174734"}],"wp:attachment":[{"href":"https:\/\/www.europesays.com\/fr\/wp-json\/wp\/v2\/media?parent=174733"}],"wp:term":[{"taxonomy":"category","embeddable":true,"href":"https:\/\/www.europesays.com\/fr\/wp-json\/wp\/v2\/categories?post=174733"},{"taxonomy":"post_tag","embeddable":true,"href":"https:\/\/www.europesays.com\/fr\/wp-json\/wp\/v2\/tags?post=174733"}],"curies":[{"name":"wp","href":"https:\/\/api.w.org\/{rel}","templated":true}]}}