{"id":174741,"date":"2025-06-14T01:37:21","date_gmt":"2025-06-14T01:37:21","guid":{"rendered":"https:\/\/www.europesays.com\/fr\/174741\/"},"modified":"2025-06-14T01:37:21","modified_gmt":"2025-06-14T01:37:21","slug":"zabarnyi-au-psg-ca-se-precise","status":"publish","type":"post","link":"https:\/\/www.europesays.com\/fr\/174741\/","title":{"rendered":"Zabarnyi au PSG, \u00e7a se pr\u00e9cise !"},"content":{"rendered":"<p><strong>Ilya Zabarnyi, d\u00e9fenseur central de 22 ans de Bournemouth (contrat jusqu\u2019en 2028) et de l\u2019Ukraine, a \u00e9t\u00e9 annonc\u00e9 comme une priorit\u00e9 d\u00e9fensive du Paris Saint-Germain pour le mercato. Le journaliste Nicol\u00f2 Schira annonce aujourd\u2019hui que le PSG a d\u00e9j\u00e0 un accord avec le joueur.<\/strong><\/p>\n<blockquote class=\"twitter-tweet\" data-width=\"550\" data-dnt=\"true\">\n<p lang=\"en\" dir=\"ltr\">Illja <a href=\"https:\/\/twitter.com\/hashtag\/Zabarnyj?src=hash&amp;ref_src=twsrc%5Etfw\" rel=\"nofollow noopener\" target=\"_blank\">#Zabarnyj<\/a> is getting closer to <a href=\"https:\/\/twitter.com\/hashtag\/PSG?src=hash&amp;ref_src=twsrc%5Etfw\" rel=\"nofollow noopener\" target=\"_blank\">#PSG<\/a> from <a href=\"https:\/\/twitter.com\/hashtag\/Bournemouth?src=hash&amp;ref_src=twsrc%5Etfw\" rel=\"nofollow noopener\" target=\"_blank\">#Bournemouth<\/a>. The centre-back has already agreed personal terms with <a href=\"https:\/\/twitter.com\/hashtag\/Paris?src=hash&amp;ref_src=twsrc%5Etfw\" rel=\"nofollow noopener\" target=\"_blank\">#Paris<\/a> for a contract until 2030. <a href=\"https:\/\/twitter.com\/hashtag\/transfers?src=hash&amp;ref_src=twsrc%5Etfw\" rel=\"nofollow noopener\" target=\"_blank\">#transfers<\/a><\/p>\n<p>\u2014 Nicol\u00f2 Schira (@NicoSchira) <a href=\"https:\/\/twitter.com\/NicoSchira\/status\/1933394974051020847?ref_src=twsrc%5Etfw\" rel=\"nofollow noopener\" target=\"_blank\">June 13, 2025<\/a><\/p>\n<\/blockquote>\n<blockquote>\n<p>\u00ab\u00a0Ilya Zabarnyi se rapproche du PSG depuis Bournemouth. Le d\u00e9fenseur central a trouv\u00e9 un accord avec Paris pour un contrat jusqu\u2019en 2030.\u00a0\u00bb<\/p>\n<\/blockquote>\n<p>On reste prudent, il n\u2019y a encore rien de concret. Aucun club n\u2019a confirm\u00e9, Zabarnyi non plus. Mais il serait surprenant que presque tous les m\u00e9dias \u00e9voquent le dossier pour rien.<\/p>\n<p>Le plus difficile maintenant est de savoir si le transfert est possible. L\u2019int\u00e9r\u00eat entre le PSG et le joueur peut bien exister, mais il ne se passera rien sans l\u2019accord avec Bournemouth. Lequel est \u00e9voqu\u00e9 comme compliqu\u00e9 pour le moment. Attendons donc pour les certitudes.<\/p>\n<p>\t\t\t\t\t\t\t\t\t\t\t\t\t\t\t\t\t\t\t\t\t\t\t<img loading=\"lazy\" src=\"https:\/\/www.europesays.com\/fr\/wp-content\/uploads\/2025\/04\/ParisFans_Logo.png\" decoding=\"async\" class=\"lazyload\" width=\"240\" height=\"54\" data-eio-rwidth=\"240\" data-eio-rheight=\"54\"\/><\/p>\n<p>\t\t\t\t\t\t\t\t<script async src=\"https:\/\/platform.twitter.com\/widgets.js\" charset=\"utf-8\"><\/script><\/p>\n","protected":false},"excerpt":{"rendered":"Ilya Zabarnyi, d\u00e9fenseur central de 22 ans de Bournemouth (contrat jusqu\u2019en 2028) et de l\u2019Ukraine, a \u00e9t\u00e9 annonc\u00e9&hellip;\n","protected":false},"author":2,"featured_media":174742,"comment_status":"","ping_status":"","sticky":false,"template":"","format":"standard","meta":{"footnotes":""},"categories":[1410],"tags":[63,1011,27,30997,60,96],"class_list":{"0":"post-174741","1":"post","2":"type-post","3":"status-publish","4":"format-standard","5":"has-post-thumbnail","7":"category-football","8":"tag-football","9":"tag-fr","10":"tag-france","11":"tag-ilya-zabarnyi","12":"tag-sports","13":"tag-une"},"share_on_mastodon":{"url":"https:\/\/pubeurope.com\/@fr\/114679162197117196","error":""},"_links":{"self":[{"href":"https:\/\/www.europesays.com\/fr\/wp-json\/wp\/v2\/posts\/174741","targetHints":{"allow":["GET"]}}],"collection":[{"href":"https:\/\/www.europesays.com\/fr\/wp-json\/wp\/v2\/posts"}],"about":[{"href":"https:\/\/www.europesays.com\/fr\/wp-json\/wp\/v2\/types\/post"}],"author":[{"embeddable":true,"href":"https:\/\/www.europesays.com\/fr\/wp-json\/wp\/v2\/users\/2"}],"replies":[{"embeddable":true,"href":"https:\/\/www.europesays.com\/fr\/wp-json\/wp\/v2\/comments?post=174741"}],"version-history":[{"count":0,"href":"https:\/\/www.europesays.com\/fr\/wp-json\/wp\/v2\/posts\/174741\/revisions"}],"wp:featuredmedia":[{"embeddable":true,"href":"https:\/\/www.europesays.com\/fr\/wp-json\/wp\/v2\/media\/174742"}],"wp:attachment":[{"href":"https:\/\/www.europesays.com\/fr\/wp-json\/wp\/v2\/media?parent=174741"}],"wp:term":[{"taxonomy":"category","embeddable":true,"href":"https:\/\/www.europesays.com\/fr\/wp-json\/wp\/v2\/categories?post=174741"},{"taxonomy":"post_tag","embeddable":true,"href":"https:\/\/www.europesays.com\/fr\/wp-json\/wp\/v2\/tags?post=174741"}],"curies":[{"name":"wp","href":"https:\/\/api.w.org\/{rel}","templated":true}]}}