{"id":174743,"date":"2025-06-14T01:38:11","date_gmt":"2025-06-14T01:38:11","guid":{"rendered":"https:\/\/www.europesays.com\/fr\/174743\/"},"modified":"2025-06-14T01:38:11","modified_gmt":"2025-06-14T01:38:11","slug":"le-selfie-de-penelope-cruz-et-johnny-depp-deux-touristes-dans-un-musee-de-madrid","status":"publish","type":"post","link":"https:\/\/www.europesays.com\/fr\/174743\/","title":{"rendered":"Le selfie de Pen\u00e9lope Cruz et Johnny Depp, deux touristes dans un mus\u00e9e de Madrid"},"content":{"rendered":"<p>Le duo de Pirates des Cara\u00efbes s\u2019est rendu au mus\u00e9e madril\u00e8ne Reina Sof\u00eda, le 13 juin. Des photos immortalisant ce moment ont \u00e9t\u00e9 publi\u00e9es sur leur compte Instagram respectif ainsi que celui du mus\u00e9e.<\/p>\n<p class=\"fig-paragraph\">Il faut imaginer d\u00e9ambuler tranquillement entre les \u0153uvres du mus\u00e9e Reina Sof\u00eda, \u00e0 Madrid, et tout \u00e0 coup, apercevoir deux silhouettes famili\u00e8res en train de se prendre en selfie. Non, ce ne sont pas des statues de cire, ce sont bel et bien\u00a0<a href=\"https:\/\/madame.lefigaro.fr\/tag\/penelope-cruz\" target=\"_blank\" rel=\"noopener\" data-gtm-custom-categorie=\"navigation\" data-gtm-custom-action=\"crossclick\" data-gtm-custom-label=\"Contextuel\" data-gtm-event=\"customEventSPE\">Pen\u00e9lope Cruz<\/a>\u00a0et\u00a0<a href=\"https:\/\/madame.lefigaro.fr\/tag\/johnny-depp\" target=\"_blank\" rel=\"noopener\" data-gtm-custom-categorie=\"navigation\" data-gtm-custom-action=\"crossclick\" data-gtm-custom-label=\"Contextuel\" data-gtm-event=\"customEventSPE\">Johnny Depp<\/a>. C\u2019est l\u00e0 que l\u2019actrice espagnole et son comp\u00e8re am\u00e9ricain se sont rendus, le 13 juin.<\/p>\n<p>Un duo inattendu devant Guernica<\/p>\n<p class=\"fig-paragraph\">Quelques images immortalisant ce moment ont \u00e9t\u00e9 publi\u00e9es sur leur compte Instagram respectif ainsi que celui du mus\u00e9e. L\u2019une des photos les montre bras dessus bras dessous devant Guernica, le c\u00e9l\u00e8bre tableau de Pablo Picasso, tandis que l\u2019autre est un selfie. \u00abMerci de vous \u00eatre joints \u00e0 nous @johnnydepp et @penelopecruzoficial, \u00e0 la prochaine\u00a0!\u00bb, a \u00e9crit le mus\u00e9e en l\u00e9gende de sa publication. Des clich\u00e9s \u00e9galement comment\u00e9s de deux c\u0153urs rouges par l\u2019acteur<a href=\"https:\/\/madame.lefigaro.fr\/tag\/orlando-bloom\" target=\"_blank\" rel=\"noopener\" data-gtm-custom-categorie=\"navigation\" data-gtm-custom-action=\"crossclick\" data-gtm-custom-label=\"Contextuel\" data-gtm-event=\"customEventSPE\">\u00a0Orlando Bloom<\/a>, \u00e9galement membre de la saga Pirates des Cara\u00efbes dans laquelle ils ont jou\u00e9.<\/p>\n<p class=\"fig-paragraph\">Sur son compte Instagram, Pen\u00e9lope Cruz a publi\u00e9 une troisi\u00e8me photo la montrant en compagnie de Depp mais \u00e9galement du musicien Jorge Rodr\u00edguez.<\/p>\n<p>Des retrouvailles au cin\u00e9ma<\/p>\n<p class=\"fig-paragraph\">Apr\u00e8s avoir jou\u00e9 ensemble dans Pirates des Cara\u00efbes\u00a0: on Stranger Tides, sorti en 2011, Johnny Depp et Pen\u00e9lope Cruz se retrouvent dans Day Drinker, un thriller r\u00e9alis\u00e9 par Marc Webb dont la sortie en salles est pr\u00e9vue en 2026. Du cin\u00e9ma au mus\u00e9e il n\u2019y a qu\u2019un pas.<\/p>\n","protected":false},"excerpt":{"rendered":"Le duo de Pirates des Cara\u00efbes s\u2019est rendu au mus\u00e9e madril\u00e8ne Reina Sof\u00eda, le 13 juin. Des photos&hellip;\n","protected":false},"author":2,"featured_media":174744,"comment_status":"","ping_status":"","sticky":false,"template":"","format":"standard","meta":{"footnotes":""},"categories":[1359],"tags":[976,972,58,59,638,1011,27,10244,977,30998,973,975,974],"class_list":{"0":"post-174743","1":"post","2":"type-post","3":"status-publish","4":"format-standard","5":"has-post-thumbnail","7":"category-people","8":"tag-actu-people","9":"tag-celebrite","10":"tag-divertissement","11":"tag-entertainment","12":"tag-figaro","13":"tag-fr","14":"tag-france","15":"tag-johnny-depp","16":"tag-madame","17":"tag-penelope-cruz","18":"tag-people","19":"tag-potain-de-stars","20":"tag-star"},"share_on_mastodon":{"url":"https:\/\/pubeurope.com\/@fr\/114679165937563144","error":""},"_links":{"self":[{"href":"https:\/\/www.europesays.com\/fr\/wp-json\/wp\/v2\/posts\/174743","targetHints":{"allow":["GET"]}}],"collection":[{"href":"https:\/\/www.europesays.com\/fr\/wp-json\/wp\/v2\/posts"}],"about":[{"href":"https:\/\/www.europesays.com\/fr\/wp-json\/wp\/v2\/types\/post"}],"author":[{"embeddable":true,"href":"https:\/\/www.europesays.com\/fr\/wp-json\/wp\/v2\/users\/2"}],"replies":[{"embeddable":true,"href":"https:\/\/www.europesays.com\/fr\/wp-json\/wp\/v2\/comments?post=174743"}],"version-history":[{"count":0,"href":"https:\/\/www.europesays.com\/fr\/wp-json\/wp\/v2\/posts\/174743\/revisions"}],"wp:featuredmedia":[{"embeddable":true,"href":"https:\/\/www.europesays.com\/fr\/wp-json\/wp\/v2\/media\/174744"}],"wp:attachment":[{"href":"https:\/\/www.europesays.com\/fr\/wp-json\/wp\/v2\/media?parent=174743"}],"wp:term":[{"taxonomy":"category","embeddable":true,"href":"https:\/\/www.europesays.com\/fr\/wp-json\/wp\/v2\/categories?post=174743"},{"taxonomy":"post_tag","embeddable":true,"href":"https:\/\/www.europesays.com\/fr\/wp-json\/wp\/v2\/tags?post=174743"}],"curies":[{"name":"wp","href":"https:\/\/api.w.org\/{rel}","templated":true}]}}