{"id":174773,"date":"2025-06-14T01:56:11","date_gmt":"2025-06-14T01:56:11","guid":{"rendered":"https:\/\/www.europesays.com\/fr\/174773\/"},"modified":"2025-06-14T01:56:11","modified_gmt":"2025-06-14T01:56:11","slug":"parenthese-enchantee-pour-soixante-dix-enfants-en-situation-de-handicap-au-parc-zoa-a-sanary","status":"publish","type":"post","link":"https:\/\/www.europesays.com\/fr\/174773\/","title":{"rendered":"Parenth\u00e8se enchant\u00e9e pour soixante-dix enfants en situation de handicap au parc Zoa \u00e0 Sanary"},"content":{"rendered":"<p><strong>Le parc animalier et botanique Zoa a particip\u00e9 \u00e0 l\u2019op\u00e9ration \u00ab\u00a0Dream night at the zoo\u00a0\u00bb<\/strong>, qui r\u00e9unit chaque ann\u00e9e des enfants et jeunes adultes malades ou porteurs de handicap dans un zoo pr\u00e8s de chez eux, pour leur faire oublier, le temps d\u2019une soir\u00e9e, les difficult\u00e9s de leur quotidien.<\/p>\n<p>Cette ann\u00e9e le parc Zoa, comme plus de 250 parcs zoologiques dans le monde, a offert une parenth\u00e8se enchant\u00e9e \u00e0 deux cents personnes, dont <strong>soixante-dix en situation de handicap<\/strong>, en coop\u00e9ration avec les associations AideraVar et Le bl\u00e9 de l\u2019esp\u00e9rance, qui soutiennent les enfants autistes et hospitalis\u00e9s.<\/p>\n<p>Rires, chansons et magie&#8230; <\/p>\n<p>La joie a \u00e9t\u00e9 au rendez-vous entre promenades dans le parc comment\u00e9es par les soigneurs, repas au milieu d\u2019une v\u00e9g\u00e9tation luxuriante, stand de maquillage, photos souvenirs et chansons de Will et Lydie, sans oublier les tours de magie d\u2019Ali!<\/p>\n<p>Cette soir\u00e9e n\u2019aurait pas \u00e9t\u00e9 possible sans le soutien des sponsors fid\u00e8les au parc et qui ont pris une part active \u00e0 l\u2019organisation de cette soir\u00e9e. Chaque enfant est reparti avec des cadeaux (peluche, jeu, t-shirt&#8230;), mais surtout le c\u0153ur l\u00e9ger et des \u00e9toiles plein des yeux!<\/p>\n<p><strong>Savoir+<\/strong><br \/>&#13;<br \/>\nPratique Parc zoologique et botanique Zoa, 131 avenue du Pont d\u2019Aran \u00e0 Sanary. <br \/>&#13;<br \/>\nT\u00e9l.: 04.94.29.40.38. <br \/>&#13;<br \/>\nSite web: <a href=\"http:\/\/www.zoaparc.com\" target=\"_blank\" rel=\"noopener nofollow\">www.zoaparc.com<\/a><\/p>\n","protected":false},"excerpt":{"rendered":"Le parc animalier et botanique Zoa a particip\u00e9 \u00e0 l\u2019op\u00e9ration \u00ab\u00a0Dream night at the zoo\u00a0\u00bb, qui r\u00e9unit chaque&hellip;\n","protected":false},"author":2,"featured_media":174774,"comment_status":"","ping_status":"","sticky":false,"template":"","format":"standard","meta":{"footnotes":""},"categories":[9619],"tags":[1111,11,1777,674,1011,27,12,882,25,2310,3366],"class_list":{"0":"post-174773","1":"post","2":"type-post","3":"status-publish","4":"format-standard","5":"has-post-thumbnail","7":"category-toulon","8":"tag-actu","9":"tag-actualites","10":"tag-eu","11":"tag-europe","12":"tag-fr","13":"tag-france","14":"tag-news","15":"tag-provence-alpes-cote-dazur","16":"tag-republique-francaise","17":"tag-toulon","18":"tag-vie-locale"},"share_on_mastodon":{"url":"https:\/\/pubeurope.com\/@fr\/114679236842876010","error":""},"_links":{"self":[{"href":"https:\/\/www.europesays.com\/fr\/wp-json\/wp\/v2\/posts\/174773","targetHints":{"allow":["GET"]}}],"collection":[{"href":"https:\/\/www.europesays.com\/fr\/wp-json\/wp\/v2\/posts"}],"about":[{"href":"https:\/\/www.europesays.com\/fr\/wp-json\/wp\/v2\/types\/post"}],"author":[{"embeddable":true,"href":"https:\/\/www.europesays.com\/fr\/wp-json\/wp\/v2\/users\/2"}],"replies":[{"embeddable":true,"href":"https:\/\/www.europesays.com\/fr\/wp-json\/wp\/v2\/comments?post=174773"}],"version-history":[{"count":0,"href":"https:\/\/www.europesays.com\/fr\/wp-json\/wp\/v2\/posts\/174773\/revisions"}],"wp:featuredmedia":[{"embeddable":true,"href":"https:\/\/www.europesays.com\/fr\/wp-json\/wp\/v2\/media\/174774"}],"wp:attachment":[{"href":"https:\/\/www.europesays.com\/fr\/wp-json\/wp\/v2\/media?parent=174773"}],"wp:term":[{"taxonomy":"category","embeddable":true,"href":"https:\/\/www.europesays.com\/fr\/wp-json\/wp\/v2\/categories?post=174773"},{"taxonomy":"post_tag","embeddable":true,"href":"https:\/\/www.europesays.com\/fr\/wp-json\/wp\/v2\/tags?post=174773"}],"curies":[{"name":"wp","href":"https:\/\/api.w.org\/{rel}","templated":true}]}}